{"id":101734,"date":"2023-12-05T10:46:49","date_gmt":"2023-12-05T08:46:49","guid":{"rendered":"https:\/\/www.giurgiuveanul.ro\/stiri\/?p=101734"},"modified":"2023-12-05T10:56:29","modified_gmt":"2023-12-05T08:56:29","slug":"darurile-magilor-aduse-pruncului-iisus-la-bethleem-din-athos-in-romania-la-manastirea-pantocrator-din-draganesti-vlasca-la-doar-45-de-km-de-giurgiu","status":"publish","type":"post","link":"https:\/\/www.giurgiuveanul.ro\/stiri\/darurile-magilor-aduse-pruncului-iisus-la-bethleem-din-athos-in-romania-la-manastirea-pantocrator-din-draganesti-vlasca-la-doar-45-de-km-de-giurgiu\/","title":{"rendered":"Darurile Magilor aduse Pruncului Iisus la Bethleem, din Athos \u00een Rom\u00e2nia, la M\u0103n\u0103stirea \u201ePantocrator\u201d, din Dr\u0103g\u0103ne\u015fti Vla\u015fca &#8230; la doar 45 de km de Giurgiu!"},"content":{"rendered":"<p style=\"text-align: justify;\"><strong><a href=\"https:\/\/www.giurgiuveanul.ro\/stiri\/wp-content\/uploads\/2023\/12\/000-manastirea-pantocrator.jpg\"><img loading=\"lazy\" decoding=\"async\" class=\"aligncenter wp-image-101735\" src=\"https:\/\/www.giurgiuveanul.ro\/stiri\/wp-content\/uploads\/2023\/12\/000-manastirea-pantocrator-319x450.jpg\" alt=\"\" width=\"575\" height=\"811\" srcset=\"https:\/\/www.giurgiuveanul.ro\/stiri\/wp-content\/uploads\/2023\/12\/000-manastirea-pantocrator-319x450.jpg 319w, https:\/\/www.giurgiuveanul.ro\/stiri\/wp-content\/uploads\/2023\/12\/000-manastirea-pantocrator-213x300.jpg 213w, https:\/\/www.giurgiuveanul.ro\/stiri\/wp-content\/uploads\/2023\/12\/000-manastirea-pantocrator-768x1082.jpg 768w, https:\/\/www.giurgiuveanul.ro\/stiri\/wp-content\/uploads\/2023\/12\/000-manastirea-pantocrator-400x564.jpg 400w, https:\/\/www.giurgiuveanul.ro\/stiri\/wp-content\/uploads\/2023\/12\/000-manastirea-pantocrator.jpg 800w\" sizes=\"auto, (max-width: 575px) 100vw, 575px\" \/><\/a>Darurile pe care Magii le-au oferit Pruncului Iisus<!--more--> vor fi aduse din Muntele Athos la M\u0103n\u0103stirea \u201ePantocrator\u201d, \u00een Dr\u0103g\u0103ne\u015fti Vla\u015fca, la doar 45 de km de Giurgiu \u2013 dac\u0103 ve\u0163i folosi DJ 503, drumul recent reabilitat.<\/strong><\/p>\n<p style=\"text-align: justify;\">Aici vor sta \u00een perioada <strong>22-28 decembrie 2023<\/strong>.<\/p>\n<p style=\"text-align: justify;\">Delega\u0163ia care va aduce <strong>Darurile Magilor<\/strong> va fi \u00eent\u00e2mpinat\u0103 pe data de <strong>22 decembrie, la ora 11:00, fiind urmat\u0103 de o Procesiune \u015fi o slujb\u0103 de Te-Deum<\/strong>, oficiat\u0103 de Preasfin\u0163itul P\u0103rinte Galaction, Episcopul Alexandriei \u015fi Teleormanului. Dup\u0103 aceasta, <strong>vor fi a\u015fezate \u00eentr-un baldachin special amenajat<\/strong>.<\/p>\n<p style=\"text-align: justify;\">Cu acest prilej, <strong>pe 23 decembrie, \u00eencep\u00e2nd cu orele 17:00<\/strong>, va avea loc <strong>concertul de colinde \u201ePlecarea Magilor\u201d<\/strong>, sus\u0163inut de <strong>Corul Na\u0163ional de Camer\u0103 \u201eMadrigal \u2013 Marian Constantin\u201d \u015fi Grupul Psaltic \u201eTronos\u201d al Catedralei Patriarhale<\/strong>.<\/p>\n","protected":false},"excerpt":{"rendered":"<p>Darurile pe care Magii le-au oferit Pruncului Iisus<\/p>\n","protected":false},"author":1,"featured_media":0,"comment_status":"open","ping_status":"open","sticky":false,"template":"","format":"standard","meta":{"footnotes":""},"categories":[6],"tags":[],"class_list":["post-101734","post","type-post","status-publish","format-standard","hentry","category-breaking-news"],"_links":{"self":[{"href":"https:\/\/www.giurgiuveanul.ro\/stiri\/wp-json\/wp\/v2\/posts\/101734","targetHints":{"allow":["GET"]}}],"collection":[{"href":"https:\/\/www.giurgiuveanul.ro\/stiri\/wp-json\/wp\/v2\/posts"}],"about":[{"href":"https:\/\/www.giurgiuveanul.ro\/stiri\/wp-json\/wp\/v2\/types\/post"}],"author":[{"embeddable":true,"href":"https:\/\/www.giurgiuveanul.ro\/stiri\/wp-json\/wp\/v2\/users\/1"}],"replies":[{"embeddable":true,"href":"https:\/\/www.giurgiuveanul.ro\/stiri\/wp-json\/wp\/v2\/comments?post=101734"}],"version-history":[{"count":0,"href":"https:\/\/www.giurgiuveanul.ro\/stiri\/wp-json\/wp\/v2\/posts\/101734\/revisions"}],"wp:attachment":[{"href":"https:\/\/www.giurgiuveanul.ro\/stiri\/wp-json\/wp\/v2\/media?parent=101734"}],"wp:term":[{"taxonomy":"category","embeddable":true,"href":"https:\/\/www.giurgiuveanul.ro\/stiri\/wp-json\/wp\/v2\/categories?post=101734"},{"taxonomy":"post_tag","embeddable":true,"href":"https:\/\/www.giurgiuveanul.ro\/stiri\/wp-json\/wp\/v2\/tags?post=101734"}],"curies":[{"name":"wp","href":"https:\/\/api.w.org\/{rel}","templated":true}]}}