{"id":101750,"date":"2023-12-05T16:28:40","date_gmt":"2023-12-05T14:28:40","guid":{"rendered":"https:\/\/www.giurgiuveanul.ro\/stiri\/?p=101750"},"modified":"2023-12-05T16:28:40","modified_gmt":"2023-12-05T14:28:40","slug":"taverna-la-grecu-pe-6-decembrie-petrecere-de-sfantul-nicolae-pentru-cei-care-au-fost-cuminti-sau-nu","status":"publish","type":"post","link":"https:\/\/www.giurgiuveanul.ro\/stiri\/taverna-la-grecu-pe-6-decembrie-petrecere-de-sfantul-nicolae-pentru-cei-care-au-fost-cuminti-sau-nu\/","title":{"rendered":"\u201eTaverna la Grecu\u201d: Pe 6 decembrie, petrecere de Sf\u00e2ntul Nicolae, pentru cei care au fost cumin\u0163i&#8230; sau nu!"},"content":{"rendered":"<p><a href=\"https:\/\/www.giurgiuveanul.ro\/stiri\/wp-content\/uploads\/2023\/12\/000-taverna-la-grecu.jpg\"><img loading=\"lazy\" decoding=\"async\" class=\"aligncenter  wp-image-101751\" src=\"https:\/\/www.giurgiuveanul.ro\/stiri\/wp-content\/uploads\/2023\/12\/000-taverna-la-grecu-560x315.jpg\" alt=\"\" width=\"603\" height=\"339\" srcset=\"https:\/\/www.giurgiuveanul.ro\/stiri\/wp-content\/uploads\/2023\/12\/000-taverna-la-grecu-560x315.jpg 560w, https:\/\/www.giurgiuveanul.ro\/stiri\/wp-content\/uploads\/2023\/12\/000-taverna-la-grecu-250x141.jpg 250w, https:\/\/www.giurgiuveanul.ro\/stiri\/wp-content\/uploads\/2023\/12\/000-taverna-la-grecu-768x433.jpg 768w, https:\/\/www.giurgiuveanul.ro\/stiri\/wp-content\/uploads\/2023\/12\/000-taverna-la-grecu-400x225.jpg 400w, https:\/\/www.giurgiuveanul.ro\/stiri\/wp-content\/uploads\/2023\/12\/000-taverna-la-grecu.jpg 1081w\" sizes=\"auto, (max-width: 603px) 100vw, 603px\" \/><\/a>Restaurantul <strong>\u201eTaverna la Grecu\u201d<\/strong>&#8211;<!--more--> aflat pe strada Nicolae B\u0103l\u0103nescu, nr.2, <strong>v\u0103 invit\u0103, pe 6 decembrie, \u00eencep\u00e2nd cu ora 17.00, la o petrecere de Sf\u00e2ntul Nicolae<\/strong>.<\/p>\n<p>Atmosfera va fi \u00eentre\u0163inut\u0103 de <strong>forma\u0163ia \u201eDanubiana\u201d <\/strong>&#8211; <em>Carmen Lungu, Florin Lincan, Mari Ciocoi, Steli Ciocoi \u015fi Emil Feraru<\/em>.<\/p>\n<p>Suport pentru arti\u015fti <strong>15 lei\/persoan\u0103<\/strong>.<\/p>\n<p><strong>Pentru rezerv\u0103ri telefon 0722.620.131.<\/strong><\/p>\n","protected":false},"excerpt":{"rendered":"<p>Restaurantul \u201eTaverna la Grecu\u201d&#8211;<\/p>\n","protected":false},"author":1,"featured_media":0,"comment_status":"open","ping_status":"open","sticky":false,"template":"","format":"standard","meta":{"footnotes":""},"categories":[6],"tags":[],"class_list":["post-101750","post","type-post","status-publish","format-standard","hentry","category-breaking-news"],"_links":{"self":[{"href":"https:\/\/www.giurgiuveanul.ro\/stiri\/wp-json\/wp\/v2\/posts\/101750","targetHints":{"allow":["GET"]}}],"collection":[{"href":"https:\/\/www.giurgiuveanul.ro\/stiri\/wp-json\/wp\/v2\/posts"}],"about":[{"href":"https:\/\/www.giurgiuveanul.ro\/stiri\/wp-json\/wp\/v2\/types\/post"}],"author":[{"embeddable":true,"href":"https:\/\/www.giurgiuveanul.ro\/stiri\/wp-json\/wp\/v2\/users\/1"}],"replies":[{"embeddable":true,"href":"https:\/\/www.giurgiuveanul.ro\/stiri\/wp-json\/wp\/v2\/comments?post=101750"}],"version-history":[{"count":0,"href":"https:\/\/www.giurgiuveanul.ro\/stiri\/wp-json\/wp\/v2\/posts\/101750\/revisions"}],"wp:attachment":[{"href":"https:\/\/www.giurgiuveanul.ro\/stiri\/wp-json\/wp\/v2\/media?parent=101750"}],"wp:term":[{"taxonomy":"category","embeddable":true,"href":"https:\/\/www.giurgiuveanul.ro\/stiri\/wp-json\/wp\/v2\/categories?post=101750"},{"taxonomy":"post_tag","embeddable":true,"href":"https:\/\/www.giurgiuveanul.ro\/stiri\/wp-json\/wp\/v2\/tags?post=101750"}],"curies":[{"name":"wp","href":"https:\/\/api.w.org\/{rel}","templated":true}]}}