{"id":101762,"date":"2023-12-06T10:22:16","date_gmt":"2023-12-06T08:22:16","guid":{"rendered":"https:\/\/www.giurgiuveanul.ro\/stiri\/?p=101762"},"modified":"2023-12-09T13:35:27","modified_gmt":"2023-12-09T11:35:27","slug":"anunt-de-presa-55","status":"publish","type":"post","link":"https:\/\/www.giurgiuveanul.ro\/stiri\/anunt-de-presa-55\/","title":{"rendered":"ANUN\u021a DE PRES\u0102"},"content":{"rendered":"<p style=\"text-align: center;\"><strong> <a href=\"https:\/\/www.giurgiuveanul.ro\/stiri\/wp-content\/uploads\/2023\/12\/sigla-1.jpg\"><img loading=\"lazy\" decoding=\"async\" class=\"aligncenter wp-image-101764\" src=\"https:\/\/www.giurgiuveanul.ro\/stiri\/wp-content\/uploads\/2023\/12\/sigla-1-560x99.jpg\" alt=\"\" width=\"588\" height=\"104\" srcset=\"https:\/\/www.giurgiuveanul.ro\/stiri\/wp-content\/uploads\/2023\/12\/sigla-1-560x99.jpg 560w, https:\/\/www.giurgiuveanul.ro\/stiri\/wp-content\/uploads\/2023\/12\/sigla-1-250x44.jpg 250w, https:\/\/www.giurgiuveanul.ro\/stiri\/wp-content\/uploads\/2023\/12\/sigla-1-768x136.jpg 768w, https:\/\/www.giurgiuveanul.ro\/stiri\/wp-content\/uploads\/2023\/12\/sigla-1-400x71.jpg 400w, https:\/\/www.giurgiuveanul.ro\/stiri\/wp-content\/uploads\/2023\/12\/sigla-1.jpg 1500w\" sizes=\"auto, (max-width: 588px) 100vw, 588px\" \/><\/a>ANUN\u021a DE PRES\u0102<\/strong><!--more--><\/p>\n<p style=\"text-align: right;\"><em>Giurgiu, 06-08 decembrie 2023<\/em><\/p>\n<p style=\"text-align: center;\"><strong>Finalizarea proiectului: Modernizare gr\u0103dini\u021ba C\u0103su\u021ba Fermecat\u0103 (nr.4) \u2013 Giurgiu,<\/strong><\/p>\n<p style=\"text-align: center;\"><strong>Cod SMIS:\u00a0126034, Apel:\u00a0POR\/2014-202\/4\/4.4\/1,<\/strong><\/p>\n<p style=\"text-align: justify;\">UAT Municipiul Giurgiu a finalizat implementarea proiectului cu titlul Modernizare gr\u0103dini\u021ba C\u0103su\u021ba Fermecat\u0103 (nr.4) &#8211; Giurgiu, Cod SMIS 126034, ce s-a deruat derulat \u00een perioada martie 2020 \u2013 decembrie 2023, finan\u021bat \u00een cadrul Programului Opera\u0163ional Regional 2014-2020, Axa prioritar\u0103 4 \u2013 Sprijinirea Dezvolt\u0103rii Urbane Durabile, Prioritatea de investi\u021bie 4.4 \u2013 Cre\u0219terea calit\u0103\u021bii infrastructurii \u00een vederea asigur\u0103rii accesului sporit la educa\u021bie timpurie \u0219i sprijinirea particip\u0103rii p\u0103rin\u021bilor pe pia\u021ba for\u021bei de munc\u0103.<\/p>\n<p style=\"text-align: justify;\">Implementarea proiectului a \u00eenceput cu semnarea contractului de finan\u021bare nr. 35227 din data de 23.03.2020 \u0219i a avut o valoare total\u0103 de 2.631.755,64 lei din care: 2.138.875,48 lei (85%) din Fondul European de Dezvoltare Regional\u0103, 327.122,13 lei (13%) de la Bugetul Na\u021bional, 50.326,49 lei contribu\u021bia de la Bugetul Local, 115.431,54 lei cheltuial\u0103 neeligibil\u0103.<\/p>\n<p style=\"text-align: justify;\">Obiectivul general al proiectului a fost: \u00a0Cre\u0219terea calit\u0103\u021bii educa\u021bionale pentru \u00eenv\u0103\u021b\u0103m\u00e2ntul pre\u0219colar din Municipiul Giurgiu prin realizarea unor lucr\u0103ri de reabilitare, modernizare \u0219i dotare a spa\u021biilor necesare derul\u0103rii activit\u0103\u021bii educa\u021bionale \u00een cadrul gr\u0103dini\u021bei cu program prelungit nr. 4 \u2013 C\u0103su\u021ba Fermecat\u0103.<\/p>\n<p style=\"text-align: justify;\"><span style=\"color: #000000;\"><strong>Obiectivele specifice ale proiectului au fost: <\/strong><\/span><\/p>\n<ol style=\"text-align: justify;\">\n<li><span style=\"color: #000000;\">\u00cembun\u0103t\u0103\u021birea calit\u0103\u021bii procesului educa\u021bional pre\u0219colar prin realizarea unei infrastructuri adecvate ciclului educa\u021bional pre\u0219colar<\/span><\/li>\n<li><span style=\"color: #000000;\">Asigurarea accesului sporit la educa\u021bia pre\u0219colar\u0103 at\u00e2t \u00een zona de studiu, c\u00e2t \u0219i la nivelul \u00eentregului ora\u0219<\/span><\/li>\n<li><span style=\"color: #000000;\">Sprijinirea particip\u0103rii p\u0103rin\u021bilor pe pia\u021ba for\u021bei de munc\u0103<\/span><\/li>\n<li><span style=\"color: #000000;\">Modernizarea corpului de cl\u0103dire<\/span><\/li>\n<li><span style=\"color: #000000;\">\u00cembun\u0103t\u0103\u021birea condi\u021biilor de confort interior<\/span><\/li>\n<li><span style=\"color: #000000;\">Crearea de noi locuri de munc\u0103 \u00een faza de implementare<\/span><\/li>\n<li><span style=\"color: #000000;\">\u00cembun\u0103t\u0103\u021birea condi\u021biilor de \u00eenv\u0103\u021b\u0103m\u00e2nt.<\/span><\/li>\n<\/ol>\n<p style=\"text-align: justify;\"><span style=\"color: #000000;\"><strong>Rezultatele ob\u021binute \u00een urma implement\u0103rii proiectului:<\/strong><\/span><\/p>\n<ul style=\"text-align: justify;\">\n<li><span style=\"color: #000000;\">Cre\u0219terea num\u0103rului de participan\u021bi la procesul educa\u021bional \u00een unitatea de infrastructur\u0103 subiect al proiectului<\/span><\/li>\n<li><span style=\"color: #000000;\">O unitate de \u00eenv\u0103\u021b\u0103m\u00e2nt pre\u0219colar reabilitat\u0103, modernizat\u0103 \u0219i dotat\u0103 complet<\/span><\/li>\n<li><span style=\"color: #000000;\">Amplasarea sc\u0103rilor exterioare de evacuare<\/span><\/li>\n<li><span style=\"color: #000000;\">Modernizarea finisajului interior<\/span><\/li>\n<li><span style=\"color: #000000;\">Repara\u021bii \u00een zonele de interven\u021bii<\/span><\/li>\n<li><span style=\"color: #000000;\">\u00cenlocuirea obiectelor sanitare<\/span><\/li>\n<li><span style=\"color: #000000;\">Utilarea gr\u0103dini\u021bei cu m\u0103su\u021be pentru copii, scaune, dulapuri vestiar, birouri catedr\u0103, video proiectoare, ma\u0219ini de sp\u0103lat rufe, mobilier buc\u0103t\u0103rie, table magnetice din sticl\u0103, paturi stivuibile etc.<\/span><\/li>\n<\/ul>\n<p style=\"text-align: justify;\"><span style=\"color: #000000;\">Grupul \u021bint\u0103 care beneficiaz\u0103 direct de rezultatele proiectului, este reprezentat de:<\/span><\/p>\n<ul style=\"text-align: justify;\">\n<li><span style=\"color: #000000;\">Elevii care frecventeaz\u0103 gr\u0103dini\u021ba cu program prelungit nr. 4 \u2013 C\u0103su\u021ba Fermecat\u0103<\/span><\/li>\n<li><span style=\"color: #000000;\">Cadrele didactice \u0219i personalul administrativ care lucreaz\u0103 \u00een unitatea de \u00eenv\u0103\u021b\u0103m\u00e2nt<\/span><\/li>\n<li><span style=\"color: #000000;\">UAT Municipiul Giurgiu \u2013 proprietar<\/span><\/li>\n<li><span style=\"color: #000000;\">Inspectoratul \u0218colar Giurgiu.<\/span><\/li>\n<\/ul>\n<p style=\"text-align: justify;\">Finan\u021barea european\u0103 nerambursabil\u0103 are un impact pe termen lung \u00een procesul de dezvoltare al municipiului, realizarea unei investi\u021bii de asemenea importan\u021b\u0103 \u00een ceea ce prive\u0219te aplicarea unor tehnologii moderne pentru reabilitare termic\u0103, estetic\u0103 \u0219i func\u021bional\u0103, fac din acest proiect unul din investi\u021biile de baz\u0103 ale municipiului Giurgiu.<\/p>\n<p><a href=\"https:\/\/www.giurgiuveanul.ro\/stiri\/wp-content\/uploads\/2023\/12\/sigla-municipiul-Giurgiu.jpeg\"><img loading=\"lazy\" decoding=\"async\" class=\"aligncenter wp-image-101765\" src=\"https:\/\/www.giurgiuveanul.ro\/stiri\/wp-content\/uploads\/2023\/12\/sigla-municipiul-Giurgiu-450x450.jpeg\" alt=\"\" width=\"132\" height=\"132\" srcset=\"https:\/\/www.giurgiuveanul.ro\/stiri\/wp-content\/uploads\/2023\/12\/sigla-municipiul-Giurgiu-450x450.jpeg 450w, https:\/\/www.giurgiuveanul.ro\/stiri\/wp-content\/uploads\/2023\/12\/sigla-municipiul-Giurgiu-250x250.jpeg 250w, https:\/\/www.giurgiuveanul.ro\/stiri\/wp-content\/uploads\/2023\/12\/sigla-municipiul-Giurgiu-200x200.jpeg 200w, https:\/\/www.giurgiuveanul.ro\/stiri\/wp-content\/uploads\/2023\/12\/sigla-municipiul-Giurgiu-400x400.jpeg 400w, https:\/\/www.giurgiuveanul.ro\/stiri\/wp-content\/uploads\/2023\/12\/sigla-municipiul-Giurgiu.jpeg 700w\" sizes=\"auto, (max-width: 132px) 100vw, 132px\" \/><\/a><\/p>\n<p style=\"text-align: center;\"><strong>Prim\u0103ria Municipiului Giurgiu<\/strong><\/p>\n<p style=\"text-align: center;\"><strong>Adresa: B-dul Bucure\u015fti, nr. 49-51,<\/strong><\/p>\n<p style=\"text-align: center;\"><strong>Telefon: 004.246.211.627, fax: 0040.246.215.405<\/strong><\/p>\n<p style=\"text-align: center;\"><strong>E-mail:<\/strong> <strong>primarie@primariagiurgiu.com<\/strong><\/p>\n<p><a href=\"https:\/\/www.giurgiuveanul.ro\/stiri\/wp-content\/uploads\/2023\/12\/sigla-22.jpg\"><img loading=\"lazy\" decoding=\"async\" class=\"aligncenter wp-image-101766\" src=\"https:\/\/www.giurgiuveanul.ro\/stiri\/wp-content\/uploads\/2023\/12\/sigla-22-560x85.jpg\" alt=\"\" width=\"606\" height=\"92\" srcset=\"https:\/\/www.giurgiuveanul.ro\/stiri\/wp-content\/uploads\/2023\/12\/sigla-22-560x85.jpg 560w, https:\/\/www.giurgiuveanul.ro\/stiri\/wp-content\/uploads\/2023\/12\/sigla-22-250x38.jpg 250w, https:\/\/www.giurgiuveanul.ro\/stiri\/wp-content\/uploads\/2023\/12\/sigla-22-768x117.jpg 768w, https:\/\/www.giurgiuveanul.ro\/stiri\/wp-content\/uploads\/2023\/12\/sigla-22-400x61.jpg 400w, https:\/\/www.giurgiuveanul.ro\/stiri\/wp-content\/uploads\/2023\/12\/sigla-22.jpg 1500w\" sizes=\"auto, (max-width: 606px) 100vw, 606px\" \/><\/a><\/p>\n","protected":false},"excerpt":{"rendered":"<p>ANUN\u021a DE PRES\u0102<\/p>\n","protected":false},"author":1,"featured_media":0,"comment_status":"open","ping_status":"open","sticky":false,"template":"","format":"standard","meta":{"footnotes":""},"categories":[1],"tags":[],"class_list":["post-101762","post","type-post","status-publish","format-standard","hentry","category-actualitate"],"_links":{"self":[{"href":"https:\/\/www.giurgiuveanul.ro\/stiri\/wp-json\/wp\/v2\/posts\/101762","targetHints":{"allow":["GET"]}}],"collection":[{"href":"https:\/\/www.giurgiuveanul.ro\/stiri\/wp-json\/wp\/v2\/posts"}],"about":[{"href":"https:\/\/www.giurgiuveanul.ro\/stiri\/wp-json\/wp\/v2\/types\/post"}],"author":[{"embeddable":true,"href":"https:\/\/www.giurgiuveanul.ro\/stiri\/wp-json\/wp\/v2\/users\/1"}],"replies":[{"embeddable":true,"href":"https:\/\/www.giurgiuveanul.ro\/stiri\/wp-json\/wp\/v2\/comments?post=101762"}],"version-history":[{"count":0,"href":"https:\/\/www.giurgiuveanul.ro\/stiri\/wp-json\/wp\/v2\/posts\/101762\/revisions"}],"wp:attachment":[{"href":"https:\/\/www.giurgiuveanul.ro\/stiri\/wp-json\/wp\/v2\/media?parent=101762"}],"wp:term":[{"taxonomy":"category","embeddable":true,"href":"https:\/\/www.giurgiuveanul.ro\/stiri\/wp-json\/wp\/v2\/categories?post=101762"},{"taxonomy":"post_tag","embeddable":true,"href":"https:\/\/www.giurgiuveanul.ro\/stiri\/wp-json\/wp\/v2\/tags?post=101762"}],"curies":[{"name":"wp","href":"https:\/\/api.w.org\/{rel}","templated":true}]}}