{"id":101771,"date":"2023-12-06T15:14:24","date_gmt":"2023-12-06T13:14:24","guid":{"rendered":"https:\/\/www.giurgiuveanul.ro\/stiri\/?p=101771"},"modified":"2023-12-06T15:14:24","modified_gmt":"2023-12-06T13:14:24","slug":"raspunde-cu-suflet-varstnicilor-singuri-timpul-nu-le-este-un-aliat-campanie-pentru-sprijinirea-seniorilor-aflati-in-situatii-dificile","status":"publish","type":"post","link":"https:\/\/www.giurgiuveanul.ro\/stiri\/raspunde-cu-suflet-varstnicilor-singuri-timpul-nu-le-este-un-aliat-campanie-pentru-sprijinirea-seniorilor-aflati-in-situatii-dificile\/","title":{"rendered":"\u201dR\u0103spunde cu suflet v\u00e2rstnicilor singuri! Timpul nu le este un aliat!\u201d \u2013 campanie pentru sprijinirea seniorilor afla\u021bi \u00een situa\u021bii dificile"},"content":{"rendered":"<p style=\"text-align: justify;\"><strong><a href=\"https:\/\/www.giurgiuveanul.ro\/stiri\/wp-content\/uploads\/2023\/12\/000-fundatia-regala.png\"><img loading=\"lazy\" decoding=\"async\" class=\"aligncenter  wp-image-101772\" src=\"https:\/\/www.giurgiuveanul.ro\/stiri\/wp-content\/uploads\/2023\/12\/000-fundatia-regala-560x293.png\" alt=\"\" width=\"579\" height=\"303\" srcset=\"https:\/\/www.giurgiuveanul.ro\/stiri\/wp-content\/uploads\/2023\/12\/000-fundatia-regala-560x293.png 560w, https:\/\/www.giurgiuveanul.ro\/stiri\/wp-content\/uploads\/2023\/12\/000-fundatia-regala-250x131.png 250w, https:\/\/www.giurgiuveanul.ro\/stiri\/wp-content\/uploads\/2023\/12\/000-fundatia-regala-768x402.png 768w, https:\/\/www.giurgiuveanul.ro\/stiri\/wp-content\/uploads\/2023\/12\/000-fundatia-regala-400x209.png 400w, https:\/\/www.giurgiuveanul.ro\/stiri\/wp-content\/uploads\/2023\/12\/000-fundatia-regala.png 1200w\" sizes=\"auto, (max-width: 579px) 100vw, 579px\" \/><\/a>Funda\u021bia Regal\u0103 Margareta a Rom\u00e2niei invit\u0103<!--more--> companiile \u0219i persoanele fizice s\u0103 se al\u0103ture eforturilor de a sus\u021bine nevoile urgente ale persoanelor v\u00e2rstnice.<\/strong><\/p>\n<ul style=\"text-align: justify;\">\n<li><strong>3,7 milioane de v\u00e2rstnici num\u0103r\u0103 popula\u021bia rezident\u0103 a Rom\u00e2niei \u00een 2023<\/strong><\/li>\n<li><strong>Grijile materiale, s\u0103n\u0103tatea precar\u0103 \u0219i singur\u0103tatea sunt \u00een topul problemelor ce afecteaz\u0103 seniorii<\/strong><\/li>\n<li><strong>4000 de persoane v\u00e2rstnice vor fi ajutate prin proiectele sociale dedicate ale Funda\u021biei<\/strong><\/li>\n<\/ul>\n<p style=\"text-align: justify;\"><em>\u00a0<\/em><\/p>\n<p style=\"text-align: justify;\"><em>6 decembrie 2023 \u00a0\u00a0\u00a0<\/em><strong>Funda\u021bia Regal\u0103 Margareta a Rom\u00e2niei lanseaz\u0103 <em>Campania<\/em><\/strong> <strong><em>\u201dR\u0103spunde cu suflet v\u00e2rstnicilor singuri!\u201d<\/em><\/strong><strong>, pentru a sprijini de S\u0103rb\u0103tori \u0219i pe parcursul anului\u00a0ce urmeaz\u0103\u00a0seniorii afla\u021bi \u00een situa\u021bii dificile de via\u021b\u0103. Mii de v\u00e2rstnici beneficiaz\u0103 de <\/strong><strong>ajutor material<\/strong>,<strong> de<\/strong> <strong>sprijin practic \u0219i<\/strong> <strong>sus\u021binere emo\u021bional\u0103 prin programul <\/strong><a href=\"https:\/\/www.frmr.ro\/fondul-pentru-varstnici\/\"><strong>Fondul pentru V\u00e2rstnici<\/strong><\/a><strong>, finan\u021bat din dona\u021bii \u0219i sponsoriz\u0103ri<em>.<\/em><\/strong><\/p>\n<p style=\"text-align: justify;\"><strong><em>\u201dR\u0103spunde cu suflet v\u00e2rstnicilor singuri!\u201d <\/em><\/strong><strong>este \u00eendemnul adresat antreprenorilor \u0219i liderilor din companii, pe care Funda\u021bia Regal\u0103 \u00eei invit\u0103 s\u0103 se al\u0103ture eforturilor de a sus\u021bine nevoile urgente ale v\u00e2rstnicilor, pentru care timpul nu mai este un aliat. <\/strong><a href=\"https:\/\/sponsorizez.ro\/varstnici\/\"><strong>Investirea a 20% din impozitul pe profit sau venit din anul 2023<\/strong><\/a><strong> \u0219i\/sau redirec\u021bionarea impozitului neutilizat \u00een 2022 prin <\/strong><strong>Declara\u021bia 177, reprezint\u0103 o mare oportunitate de a folosi taxele pentru o cauz\u0103 concret\u0103. Prin <em>Fondul pentru V\u00e2rstnici<\/em>, \u00eempreun\u0103 putem fi vocea care le r\u0103spunde, \u00eei alin\u0103 \u0219i \u00eei ajut\u0103 pe c\u00e2t mai mul\u021bi seniori. \u00a0<\/strong><\/p>\n<p style=\"text-align: justify;\"><strong>\u00a0<\/strong><\/p>\n<p style=\"text-align: justify;\"><strong>C\u00e2nd telefonul nu mai sun\u0103 \u0219i casa e goal\u0103<\/strong><\/p>\n<p style=\"text-align: justify;\">Mul\u021bi dintre v\u00e2rstnicii de l\u00e2ng\u0103 noi devin invizibili, a\u0219teapt\u0103 zile \u00een \u0219ir ca cineva s\u0103 le calce pragul ori ca telefonul s\u0103 le mai sune pentru a auzi o voce.<\/p>\n<p style=\"text-align: justify;\"><strong>4.000 de v\u00e2rstnici, afecta\u021bi de singur\u0103tate \u0219i care \u00eenfrunt\u0103 situa\u021bii dificile de via\u021b\u0103, conteaz\u0103 pe sprijin din partea <\/strong><strong>Funda\u021biei Regale Margareta a Rom\u00e2niei. <\/strong><strong>Serviciile sociale, consilierea \u0219i \u00eendrumarea, sprijinul comunit\u0103\u021bii sunt esen\u021biale pentru un trai demn \u0219i alinarea singur\u0103t\u0103\u021bii.<\/strong><\/p>\n<p style=\"text-align: justify;\">\u00cen 2023, datele statistice oferite de <a href=\"http:\/\/statistici.insse.ro:8077\/tempo-online\/#\/pages\/tables\/insse-table\">Institutul Na\u021bional de Statistic\u0103<\/a> referitoare la seniorii din Rom\u00e2nia sunt, \u00een continuare, \u00eengrijor\u0103toare: popula\u021bia rezident\u0103 de v\u00e2rstnici peste 65 de ani dep\u0103\u0219e\u0219te 3,7 milioane de persoane, iar aproape 1,9 milioane dintre ei au r\u0103mas singuri (lu\u00e2nd \u00een calcul seniorii c\u0103rora le-au murit partenerii \u0219i pe cei nec\u0103s\u0103tori\u021bi sau divor\u021ba\u021bi). Conform indicatorilor statistici ai <a href=\"https:\/\/www.cnpp.ro\/indicatori-statistici-pilon-i;jsessionid=JkA1KuvEp66y8HJIc0viLG00QgyNOT_QH7iHSYKI38lT7CiLaImq!411576812!1701699054532\">Casei Na\u021bionale de Pensii Publice<\/a> privind pilonul I, pensia medie de asigur\u0103ri sociale de stat a fost \u00een noiembrie a.c. de 2.009 lei.<\/p>\n<p style=\"text-align: justify;\">\n<p style=\"text-align: justify;\"><strong>Organiza\u021bii \u0219i voluntari mobiliza\u021bi de Funda\u021bie \u00een sprijinul v\u00e2rstnicilor<\/strong><\/p>\n<p style=\"text-align: justify;\">Funda\u021bia Regal\u0103 Margareta a Rom\u00e2niei, prin generozitatea companiilor \u0219i a persoanelor fizice donatoare, a sprijinit p\u00e2n\u0103 \u00een acest moment al anului 3.000 de seniori \u0219i a oferit <strong>grant-uri pentru 23<\/strong> <strong>de ONG-uri din Rom\u00e2nia<\/strong> care, prin serviciile sociale locale, au r\u0103spuns diverselor nevoi ale v\u00e2rstnicilor din comunit\u0103\u021bile lor.<\/p>\n<p style=\"text-align: justify;\">Num\u0103rul celor care sunt \u00een dificultate \u0219i caut\u0103 ajutor este \u00een cre\u015ftere, iar Funda\u021bia Regal\u0103 Margareta a Rom\u00e2niei \u00ee\u0219i propune s\u0103 ajute anul urm\u0103tor peste 4.000 de seniori, prin proiecte sociale proprii \u0219i prin partenerii sociali. Pentru a sprijini nevoile urgente ale persoanelor v\u00e2rstnice, Funda\u021bia sus\u021bine o re\u021bea de servicii sociale activ\u0103 \u00een diverse comunit\u0103\u021bi \u0219i mobilizeaz\u0103 sute de voluntari. Persoanele v\u00e2rstnice beneficiaz\u0103 de <strong>ajutor material<\/strong> &#8211; tichete sociale, produse igienice \u0219i sanitare sau paramedicale, bunuri de necesitate, <strong>sprijin practic<\/strong> \u2013 \u00eengrijire sau menaj la domiciliu, livrarea cump\u0103r\u0103turilor sau a medicamentelor acas\u0103, consiliere social\u0103 \u0219i \u00eendrumare c\u0103tre servicii de suport accesibile \u00een comunitate, dar \u0219i <strong>sus\u021binere emo\u021bional\u0103, <\/strong>prin activit\u0103\u021bi de socializare, servicii de alinare a singur\u0103t\u0103\u021bii sau consiliere psihologic\u0103.<\/p>\n<p style=\"text-align: justify;\">\n<p style=\"text-align: justify;\"><strong>Cum pot contribui companiile \u0219i persoanele fizice?<\/strong><\/p>\n<p style=\"text-align: justify;\">Pentru v\u00e2rstnicii afla\u021bi \u00een situa\u021bii dificile timpul nu este un aliat. Funda\u021bia Regal\u0103 Margareta a Rom\u00e2niei vrea s\u0103 ajute peste 4.000 de seniori \u00een anul 2024, iar pentru o astfel de sus\u021binere sunt necesare resurse suplimentare. \u00cen acest scop, Funda\u021bia apeleaz\u0103 la implicarea companiilor \u0219i a persoanelor fizice.<\/p>\n<p style=\"text-align: justify;\"><strong>Companiile <\/strong>pot <a href=\"https:\/\/sponsorizez.ro\/varstnici\/\"><strong>direc\u021biona 20% din impozitul datorat statului pentru anul fiscal 2023<\/strong><\/a><strong> pentru o cauz\u0103 social\u0103 \u0219i pot depune Declara\u021bia <\/strong><strong>177 la ANAF pentru a redirec\u021biona din impozitul anului 2022, dac\u0103 cheltuiala cu sponsorizarea nu a dep\u0103\u0219it plafonul pentru sponsorizare. Suma disponibil\u0103 pentru sponsorizare poate fi calculat\u0103 pe <\/strong><a href=\"http:\/\/www.sponsorizez.ro\"><strong>www.sponsorizez.ro<\/strong><\/a><strong>. \u00a0\u00a0\u00a0<\/strong><\/p>\n<p style=\"text-align: justify;\">La r\u00e2ndul lor, persoanele fizice pot face o<strong> dona\u021bie online punctual\u0103 sau lunar\u0103 pe <\/strong><a href=\"http:\/\/www.frmr.ro\"><strong>www.frmr.ro<\/strong><\/a><strong>\/donationline<\/strong> sau, prin<strong> SMS textul SINGUR<\/strong> <strong>la 8844, <\/strong>pot contribui cu 2 Euro lunar.<\/p>\n<p style=\"text-align: justify;\"><strong>Fondurile ob\u021binute vor fi utilizate<\/strong><strong> de Funda\u021bie \u00een continuare pentru: <\/strong><\/p>\n<ul style=\"text-align: justify;\">\n<li>R\u0103spuns la solicit\u0103rile adresate de seniori \u0219i g\u0103sirea resurselor sau solu\u021biilor pentru problemele lor<\/li>\n<li>Alinarea singur\u0103t\u0103\u021bii v\u00e2rstnicilor care nu au un cerc social sau un interlocutor<\/li>\n<li>\u00cencurajarea seniorilor \u00een putere s\u0103 redevin\u0103 activi \u0219i s\u0103 se implice ca voluntari \u00een comunitate<\/li>\n<li>Consiliere psihologic\u0103 \u0219i sprijin emo\u021bional seniorilor, prin speciali\u0219ti \u0219i voluntari<\/li>\n<li>Accesul persoanelor \u00een v\u00e2rst\u0103 la serviciile precum \u00eengrijire, sprijin practic la domiciliu, cantin\u0103 social\u0103<\/li>\n<li>Ajutor material, prin pachete sau tichete sociale, pentru seniorii afla\u021bi \u00een cele mai dificile situa\u021bii de via\u021b\u0103<\/li>\n<li>Sus\u021binere \u0219i dot\u0103ri pentru \u00eengrijitorii la domiciliu, voluntarii \u0219i asisten\u021bii sociali din comunit\u0103\u021bi<\/li>\n<li>Sus\u021binerea organiza\u021biilor sau re\u021belelor de voluntari pentru a livra medicamente sau cump\u0103r\u0103turi acas\u0103<\/li>\n<li>A d\u0103rui spiritul S\u0103rb\u0103torilor prin meniuri la domiciliu sau mese organizate pentru v\u00e2rstnicii singuri<\/li>\n<\/ul>\n<p style=\"text-align: justify;\"><strong>Companiile care doresc s\u0103 sponsorizeze pot desc\u0103rca \u0219i completa contractul\/contractele <\/strong>pe <a href=\"https:\/\/sponsorizez.ro\/varstnici\/\">https:\/\/sponsorizez.ro\/varstnici\/<\/a><\/p>\n<p style=\"text-align: justify;\"><strong>Persoanele fizice pot contribui cu o dona\u021bie lunar\u0103 acces\u00e2nd <\/strong><a href=\"http:\/\/www.frmr.ro\/donationline\">www.frmr.ro\/donationline<\/a>.<\/p>\n<p style=\"text-align: justify;\">Parteneri media campanie: Radio Rom\u00e2nia Actualit\u0103\u021bi, Radio Rom\u00e2nia Antena Satelor, Radio Rom\u00e2nia Regional, Radio Trinitas, Zenith Media<\/p>\n<p style=\"text-align: justify;\">\n<p style=\"text-align: justify;\">\n<p style=\"text-align: justify;\"><strong>\u00a0<\/strong><\/p>\n<p style=\"text-align: justify;\"><strong>***<\/strong><\/p>\n<p style=\"text-align: justify;\"><strong>Despre Funda\u0163ia Regal\u0103 Margareta a Rom\u00e2niei<\/strong><\/p>\n<p style=\"text-align: justify;\">Cu o experien\u021b\u0103 de 33 de ani \u00een domeniul social, Funda\u021bia Regal\u0103 Margareta a Rom\u00e2niei este una dintre pu\u021binele organiza\u021bii non-guvernamentale care deruleaz\u0103 programe dedicate seniorilor din Rom\u00e2nia. De-a lungul timpului, cu implicarea voluntarilor \u0219i mobilizarea partenerilor institu\u021bionali \u0219i a \u00eentregii comunit\u0103\u021bi, am creat diverse solu\u021bii menite s\u0103 \u00eembun\u0103t\u0103\u021beasc\u0103 vie\u021bile acestora, s\u0103 aline singur\u0103tatea, s\u0103 previn\u0103 izolarea social\u0103 ori s\u0103 creeze oportunit\u0103\u021bi pentru o via\u021b\u0103 activ\u0103. Programele \u0219i campaniile Funda\u021biei, precum re\u021beaua <em>Pentru Seniorii No\u0219tri, Fondul pentru V\u00e2rstnici, Centrele Genera\u021bii, Telefonul V\u00e2rstnicului, Conferin\u021ba Bune Practici pentru o B\u0103tr\u00e2ne\u021be Frumoas\u0103<\/em>, au redat demnitatea \u0219i speran\u021ba la v\u00e2rsta a III-a. Mai multe detalii pe <a href=\"http:\/\/www.frmr.ro\">www.frmr.ro<\/a>.<\/p>\n","protected":false},"excerpt":{"rendered":"<p>Funda\u021bia Regal\u0103 Margareta a Rom\u00e2niei invit\u0103<\/p>\n","protected":false},"author":1,"featured_media":0,"comment_status":"open","ping_status":"open","sticky":false,"template":"","format":"standard","meta":{"footnotes":""},"categories":[6],"tags":[],"class_list":["post-101771","post","type-post","status-publish","format-standard","hentry","category-breaking-news"],"_links":{"self":[{"href":"https:\/\/www.giurgiuveanul.ro\/stiri\/wp-json\/wp\/v2\/posts\/101771","targetHints":{"allow":["GET"]}}],"collection":[{"href":"https:\/\/www.giurgiuveanul.ro\/stiri\/wp-json\/wp\/v2\/posts"}],"about":[{"href":"https:\/\/www.giurgiuveanul.ro\/stiri\/wp-json\/wp\/v2\/types\/post"}],"author":[{"embeddable":true,"href":"https:\/\/www.giurgiuveanul.ro\/stiri\/wp-json\/wp\/v2\/users\/1"}],"replies":[{"embeddable":true,"href":"https:\/\/www.giurgiuveanul.ro\/stiri\/wp-json\/wp\/v2\/comments?post=101771"}],"version-history":[{"count":0,"href":"https:\/\/www.giurgiuveanul.ro\/stiri\/wp-json\/wp\/v2\/posts\/101771\/revisions"}],"wp:attachment":[{"href":"https:\/\/www.giurgiuveanul.ro\/stiri\/wp-json\/wp\/v2\/media?parent=101771"}],"wp:term":[{"taxonomy":"category","embeddable":true,"href":"https:\/\/www.giurgiuveanul.ro\/stiri\/wp-json\/wp\/v2\/categories?post=101771"},{"taxonomy":"post_tag","embeddable":true,"href":"https:\/\/www.giurgiuveanul.ro\/stiri\/wp-json\/wp\/v2\/tags?post=101771"}],"curies":[{"name":"wp","href":"https:\/\/api.w.org\/{rel}","templated":true}]}}