{"id":101797,"date":"2023-12-08T12:49:44","date_gmt":"2023-12-08T10:49:44","guid":{"rendered":"https:\/\/www.giurgiuveanul.ro\/stiri\/?p=101797"},"modified":"2023-12-08T12:49:44","modified_gmt":"2023-12-08T10:49:44","slug":"protest-spontan-la-agentia-pentru-protectia-mediului-giurgiu","status":"publish","type":"post","link":"https:\/\/www.giurgiuveanul.ro\/stiri\/protest-spontan-la-agentia-pentru-protectia-mediului-giurgiu\/","title":{"rendered":"PROTEST SPONTAN la Agen\u0163ia pentru Protec\u0163ia Mediului Giurgiu"},"content":{"rendered":"<p style=\"text-align: justify;\"><strong><a href=\"https:\/\/www.giurgiuveanul.ro\/stiri\/wp-content\/uploads\/2023\/12\/IMG_0371.jpg\"><img loading=\"lazy\" decoding=\"async\" class=\"aligncenter  wp-image-101798\" src=\"https:\/\/www.giurgiuveanul.ro\/stiri\/wp-content\/uploads\/2023\/12\/IMG_0371-560x427.jpg\" alt=\"\" width=\"573\" height=\"437\" srcset=\"https:\/\/www.giurgiuveanul.ro\/stiri\/wp-content\/uploads\/2023\/12\/IMG_0371-560x427.jpg 560w, https:\/\/www.giurgiuveanul.ro\/stiri\/wp-content\/uploads\/2023\/12\/IMG_0371-250x191.jpg 250w, https:\/\/www.giurgiuveanul.ro\/stiri\/wp-content\/uploads\/2023\/12\/IMG_0371-768x585.jpg 768w, https:\/\/www.giurgiuveanul.ro\/stiri\/wp-content\/uploads\/2023\/12\/IMG_0371-1536x1170.jpg 1536w, https:\/\/www.giurgiuveanul.ro\/stiri\/wp-content\/uploads\/2023\/12\/IMG_0371-400x305.jpg 400w, https:\/\/www.giurgiuveanul.ro\/stiri\/wp-content\/uploads\/2023\/12\/IMG_0371.jpg 2000w\" sizes=\"auto, (max-width: 573px) 100vw, 573px\" \/><\/a>Angaja\u021bii Agen\u021biei pentru Protec\u021bia Mediului Giurgiu au protestat ast\u0103zi, 8 decembrie,<!--more--> \u00eentre orele 10:00-12:00, \u00een fa\u021ba institu\u021biei.<\/strong><\/p>\n<p style=\"text-align: justify;\">Protestul este o reac\u021bie, sus\u021bin ei, fa\u0163\u0103 de situa\u021bia\u00a0 dezastruoas\u0103\u00a0 a\u00a0 sistemului\u00a0 de\u00a0 mediu\u00a0 datorat\u0103\u00a0 subdimension\u0103rii bugetelor alocate anual pentru func\u021bionarea institu\u021biilor de mediu \u0219i a deficitului de personal \u00een raport cu volumul de munc\u0103, aspecte men\u021bionate anual, \u00eenc\u0103 din anul 2009 p\u00e2n\u0103 \u00een prezent, dar care nu au fost luate \u00een considerare de c\u0103tre deciden\u021bii politici care s-au perindat la conducerea ministerului \u0219i a guvernului \u015fi inechit\u0103\u021bile\u00a0 salariale\u00a0 din\u00a0 sistemul\u00a0 de\u00a0 mediu\u00a0 intre\u00a0 institu\u021biile\u00a0 subordonate aceluia\u0219i minister, existente la acest moment.<\/p>\n<p style=\"text-align: justify;\"><strong>Revendic\u0103ri <\/strong><\/p>\n<ul>\n<li style=\"text-align: justify;\">Con\u0219tientizarea importan\u021bei activit\u0103\u021bii desf\u0103\u0219urat\u0103 de Agen\u021biile pentru Protec\u021bia Mediului \u0219i \u00eentocmirea urgenta a unui memorandum pentru exceptarea institu\u021biilor de mediu de la prevederile Legii 296\/2023;<\/li>\n<li style=\"text-align: justify;\">Av\u00e2nd \u00een vedere situa\u021bia dezastruoas\u0103 din punct de vedere al mediului, \u00een care se afl\u0103 Rom\u00e2nia, fiind \u00een infringement declarat \u00een mai multe domenii, cerem urgent \u00eentocmirea unui memorandum la nivel de MMAP prin care s\u0103 se declare domeniul protec\u021biei mediului ca domeniu de Siguran\u021b\u0103 na\u021bional\u0103, a\u0219a cum este \u00eencadrat \u0219i \u00een alte state (ex: SUA);<\/li>\n<li style=\"text-align: justify;\">Consolidarea institu\u021bional\u0103 prin finan\u021barea corespunz\u0103toare a activit\u0103\u021bii desf\u0103\u0219urate \u0219i angaj\u0103ri de personal;<\/li>\n<li style=\"text-align: justify;\">Re\u00eencadrarea salarial\u0103 a personalului, pentru eliminarea inechit\u0103\u021bilor salariale din sistemul de mediu, cu acordarea salariului maxim aflat \u00een plat\u0103 pentru aceea\u0219i func\u021bie \u0219i vechime, recalculat \u00een func\u021bie de indicele de infla\u021bie.<\/li>\n<\/ul>\n","protected":false},"excerpt":{"rendered":"<p>Angaja\u021bii Agen\u021biei pentru Protec\u021bia Mediului Giurgiu au protestat ast\u0103zi, 8 decembrie,<\/p>\n","protected":false},"author":1,"featured_media":0,"comment_status":"open","ping_status":"open","sticky":false,"template":"","format":"standard","meta":{"footnotes":""},"categories":[6],"tags":[],"class_list":["post-101797","post","type-post","status-publish","format-standard","hentry","category-breaking-news"],"_links":{"self":[{"href":"https:\/\/www.giurgiuveanul.ro\/stiri\/wp-json\/wp\/v2\/posts\/101797","targetHints":{"allow":["GET"]}}],"collection":[{"href":"https:\/\/www.giurgiuveanul.ro\/stiri\/wp-json\/wp\/v2\/posts"}],"about":[{"href":"https:\/\/www.giurgiuveanul.ro\/stiri\/wp-json\/wp\/v2\/types\/post"}],"author":[{"embeddable":true,"href":"https:\/\/www.giurgiuveanul.ro\/stiri\/wp-json\/wp\/v2\/users\/1"}],"replies":[{"embeddable":true,"href":"https:\/\/www.giurgiuveanul.ro\/stiri\/wp-json\/wp\/v2\/comments?post=101797"}],"version-history":[{"count":0,"href":"https:\/\/www.giurgiuveanul.ro\/stiri\/wp-json\/wp\/v2\/posts\/101797\/revisions"}],"wp:attachment":[{"href":"https:\/\/www.giurgiuveanul.ro\/stiri\/wp-json\/wp\/v2\/media?parent=101797"}],"wp:term":[{"taxonomy":"category","embeddable":true,"href":"https:\/\/www.giurgiuveanul.ro\/stiri\/wp-json\/wp\/v2\/categories?post=101797"},{"taxonomy":"post_tag","embeddable":true,"href":"https:\/\/www.giurgiuveanul.ro\/stiri\/wp-json\/wp\/v2\/tags?post=101797"}],"curies":[{"name":"wp","href":"https:\/\/api.w.org\/{rel}","templated":true}]}}