{"id":101858,"date":"2023-12-12T11:01:48","date_gmt":"2023-12-12T09:01:48","guid":{"rendered":"https:\/\/www.giurgiuveanul.ro\/stiri\/?p=101858"},"modified":"2023-12-12T11:02:39","modified_gmt":"2023-12-12T09:02:39","slug":"e-distributie-muntenia-a-fost-redenumita-retele-electrice-muntenia","status":"publish","type":"post","link":"https:\/\/www.giurgiuveanul.ro\/stiri\/e-distributie-muntenia-a-fost-redenumita-retele-electrice-muntenia\/","title":{"rendered":"E-Distribu\u021bie Muntenia a fost redenumit\u0103 Re\u021bele Electrice Muntenia"},"content":{"rendered":"<p style=\"text-align: justify;\"><strong><a href=\"https:\/\/www.giurgiuveanul.ro\/stiri\/wp-content\/uploads\/2023\/12\/RE-Muntenia.jpg\"><img loading=\"lazy\" decoding=\"async\" class=\"aligncenter wp-image-101860\" src=\"https:\/\/www.giurgiuveanul.ro\/stiri\/wp-content\/uploads\/2023\/12\/RE-Muntenia-560x304.jpg\" alt=\"\" width=\"595\" height=\"323\" srcset=\"https:\/\/www.giurgiuveanul.ro\/stiri\/wp-content\/uploads\/2023\/12\/RE-Muntenia-560x304.jpg 560w, https:\/\/www.giurgiuveanul.ro\/stiri\/wp-content\/uploads\/2023\/12\/RE-Muntenia-250x136.jpg 250w, https:\/\/www.giurgiuveanul.ro\/stiri\/wp-content\/uploads\/2023\/12\/RE-Muntenia-768x417.jpg 768w, https:\/\/www.giurgiuveanul.ro\/stiri\/wp-content\/uploads\/2023\/12\/RE-Muntenia-400x217.jpg 400w, https:\/\/www.giurgiuveanul.ro\/stiri\/wp-content\/uploads\/2023\/12\/RE-Muntenia.jpg 900w\" sizes=\"auto, (max-width: 595px) 100vw, 595px\" \/><\/a>Re\u021bele Electrice Muntenia, companie parte a grupului PPC (denumit\u0103 anterior E-Distribu\u0163ie Muntenia) este noua denumire a companiei care gestioneaz\u0103 re\u021belele de distribu\u021bie a energiei electrice \u00een Bucure\u0219ti \u0219i \u00een jude\u021bele Ilfov \u0219i Giurgiu.<\/strong><!--more--><\/p>\n<p style=\"text-align: justify;\">Aceast\u0103 schimbare de nume vine dup\u0103 ce PPC a finalizat recent achizi\u021bia opera\u021biunilor Enel din Rom\u00e2nia.<\/p>\n<p style=\"text-align: justify;\">PPC Group este un juc\u0103tor cheie \u00een domeniul energiei \u00een Europa de Sud-Est. PPC are o capacitate instalat\u0103 total\u0103 de 11,8 GW din termocentrale \u0219i hidrocentrale, precum \u0219i din instala\u021bii de energie regenerabil\u0103 gener\u00e2nd \u00een total, la nivel anual, aproximativ 20 TWh.<\/p>\n<p style=\"text-align: justify;\">PPC Group este principalul furnizor de energie electric\u0103 din Grecia \u0219i Rom\u00e2nia, deservind aproximativ 8,7 milioane de clien\u021bi \u00een total, furniz\u00e2nd aproximativ 40 TWh de energie \u0219i o gam\u0103 larg\u0103 de produse \u0219i servicii energetice. De mai bine de 70 de ani, PPC este liderul industriei energetice grece\u0219ti, contribuind \u00een mod semnificativ la procesul de electrificare a \u021b\u0103rii.<\/p>\n<p style=\"text-align: justify;\">Datorit\u0103 investi\u021biilor constante \u00een dezvoltarea \u0219i modernizarea re\u021betelei de distribu\u021bie a energiei electrice, E-Distribu\u021bie Muntenia, actuala Re\u021bele Electrice Muntenia, a \u00eenregistrat \u00een 2022 o durat\u0103 medie a \u00eentreruperilor neprogramate per client\/an de 77,50 de minute, \u00een timp ce media la nivel na\u021bional a fost de 108,25 minute. Acesta este cel mai important indicator de performan\u021b\u0103 \u00een ceea ce prive\u0219te distribu\u021bia de energie electric\u0103.<\/p>\n<p style=\"text-align: justify;\">Printre investi\u021biile recente se num\u0103r\u0103 7 milioane de lei \u00een cre\u0219terea capacit\u0103\u021bii instalate a sta\u021biei de transformare Dude\u0219ti din Bucure\u0219ti, \u00een beneficiul a 7.700 de clien\u021bi. Amplificarea celor dou\u0103 transformatoare de 110\/20kV permite operatorului s\u0103 eficientizeze at\u00e2t racordarea de noi clien\u021bi \u00een zona respectiv\u0103, aflat\u0103 \u00eentr-o puternic\u0103 expansiune, c\u00e2t \u0219i derularea unor ample programe de trecere a re\u021belei de medie tensiune la 20kV. Aceste lucr\u0103ri vor \u00eembun\u0103t\u0103\u021bi siguran\u021ba \u00een alimentare a clien\u021bilor &#8211; prin majorarea capacit\u0103\u021bii re\u021belei, ofer\u0103 posibilitatea de racordare a unui num\u0103r mai mare de noi consumatori.. \u00cen plus, \u00een perioada 2020-2022, \u00een urma unei alte investi\u021bii care s-a ridicat la aproximativ 8 milioane de lei, au fost finalizate \u0219i lucr\u0103rile de modernizare a sec\u021biunii de medie tensiune 6kV a sta\u021biei care au permis integrarea acesteia \u00een telecontrol.<\/p>\n<p><a href=\"https:\/\/www.giurgiuveanul.ro\/stiri\/wp-content\/uploads\/2023\/12\/Retele-Electrice-Muntenia-1.jpg\"><img loading=\"lazy\" decoding=\"async\" class=\"aligncenter  wp-image-101862\" src=\"https:\/\/www.giurgiuveanul.ro\/stiri\/wp-content\/uploads\/2023\/12\/Retele-Electrice-Muntenia-1-470x450.jpg\" alt=\"\" width=\"576\" height=\"552\" srcset=\"https:\/\/www.giurgiuveanul.ro\/stiri\/wp-content\/uploads\/2023\/12\/Retele-Electrice-Muntenia-1-470x450.jpg 470w, https:\/\/www.giurgiuveanul.ro\/stiri\/wp-content\/uploads\/2023\/12\/Retele-Electrice-Muntenia-1-250x240.jpg 250w, https:\/\/www.giurgiuveanul.ro\/stiri\/wp-content\/uploads\/2023\/12\/Retele-Electrice-Muntenia-1-768x736.jpg 768w, https:\/\/www.giurgiuveanul.ro\/stiri\/wp-content\/uploads\/2023\/12\/Retele-Electrice-Muntenia-1-400x383.jpg 400w, https:\/\/www.giurgiuveanul.ro\/stiri\/wp-content\/uploads\/2023\/12\/Retele-Electrice-Muntenia-1.jpg 1500w\" sizes=\"auto, (max-width: 576px) 100vw, 576px\" \/><\/a><\/p>\n<p style=\"text-align: justify;\">Totodat\u0103, \u00een jude\u021bul Giurgiu, \u00een localit\u0103\u021bile Oinacu, Brani\u0219tea, Plop\u0219oru \u0219i Dai\u021ba se lucreaz\u0103 la modernizarea re\u021belei JT prin \u00eenlocuirea st\u00e2lpilor de joas\u0103 tensiune, \u00eenlocuirea conductorilor clasici cu cei izola\u021bi \u0219i montarea aparatelor de m\u0103sur\u0103 la limita de proprietate. Tot aici vor fi efectuate lucr\u0103ri pentru modernizarea liniilor de 20 kV prin trecerea acestora din aerian \u00een subteran pe o distan\u021b\u0103 de 6 km. Lucr\u0103ri similare se desf\u0103\u0219oar\u0103 \u0219i \u00een localit\u0103\u021bile Clejani, Ghimpa\u021bi \u0219i Valea Dragului.<\/p>\n<p style=\"text-align: justify;\">Printre lucr\u0103rile din acest an mai amintim modernizarea re\u021belei de joas\u0103 tensiune din localitatea Olteni, moderniz\u0103ri de linii \u00een Uzunu, realizarea de injec\u021bii de joas\u0103 tensiune noi pentru cre\u0219terea calit\u0103\u021bii de distribu\u021bie a energiei electrice \u00een localit\u0103\u021bile Aduna\u021bii Cop\u0103ceni, Varlaam. \u00cen jude\u021bul Ilfov, \u00een zona Pantelimon \u2013 Acumulatorul se execut\u0103 lucr\u0103ri de amplificare \u0219i extindere a sta\u021biei de 110 kV\/20 kV Solex, \u00een cadrul unei investi\u021bii de aproximativ 10 milioane lei, obiectivele proiectului fiind de cre\u0219tere a capacit\u0103\u021bii de racordare pentru noi consumatori.<\/p>\n<p style=\"text-align: justify;\">R\u0103m\u00e2nem \u00een continuare al\u0103turi de clien\u021bii no\u0219tri, prin toate canalele de comunicare puse la dispozi\u021bia lor \u0219i suntem deschi\u0219i la orice sugestii sau reclama\u021bii ar avea. Pentru a lua leg\u0103tura cu compania, clien\u021bii din Bucure\u0219ti \u0219i jude\u021bele Ilfov \u0219i Giurgiu au la dispozi\u0163ie num\u0103rul gratuit 0800.070.888. Numerele de tip TelVerde din call-centerele tehnice sunt disponibile 24h\/7 \u0219i sunt apelabile gratuit de pe teritoriul na\u021bional. De asemenea, ca parte a programului de digitalizare, detalii despre alimentarea cu energie electric\u0103 sunt disponibile \u0219i pe pagina <a href=\"https:\/\/www.e-distributie.com\/ro\/intreruperi-curent.html\">https:\/\/www.e-distributie.com\/ro\/intreruperi-curent.html<\/a>.<\/p>\n<p style=\"text-align: justify;\">\n","protected":false},"excerpt":{"rendered":"<p>Re\u021bele Electrice Muntenia, companie parte a grupului PPC (denumit\u0103 anterior E-Distribu\u0163ie Muntenia) este noua denumire a companiei care gestioneaz\u0103 re\u021belele de distribu\u021bie a energiei electrice \u00een Bucure\u0219ti \u0219i \u00een jude\u021bele Ilfov \u0219i Giurgiu.<\/p>\n","protected":false},"author":1,"featured_media":0,"comment_status":"open","ping_status":"open","sticky":false,"template":"","format":"standard","meta":{"footnotes":""},"categories":[1],"tags":[],"class_list":["post-101858","post","type-post","status-publish","format-standard","hentry","category-actualitate"],"_links":{"self":[{"href":"https:\/\/www.giurgiuveanul.ro\/stiri\/wp-json\/wp\/v2\/posts\/101858","targetHints":{"allow":["GET"]}}],"collection":[{"href":"https:\/\/www.giurgiuveanul.ro\/stiri\/wp-json\/wp\/v2\/posts"}],"about":[{"href":"https:\/\/www.giurgiuveanul.ro\/stiri\/wp-json\/wp\/v2\/types\/post"}],"author":[{"embeddable":true,"href":"https:\/\/www.giurgiuveanul.ro\/stiri\/wp-json\/wp\/v2\/users\/1"}],"replies":[{"embeddable":true,"href":"https:\/\/www.giurgiuveanul.ro\/stiri\/wp-json\/wp\/v2\/comments?post=101858"}],"version-history":[{"count":0,"href":"https:\/\/www.giurgiuveanul.ro\/stiri\/wp-json\/wp\/v2\/posts\/101858\/revisions"}],"wp:attachment":[{"href":"https:\/\/www.giurgiuveanul.ro\/stiri\/wp-json\/wp\/v2\/media?parent=101858"}],"wp:term":[{"taxonomy":"category","embeddable":true,"href":"https:\/\/www.giurgiuveanul.ro\/stiri\/wp-json\/wp\/v2\/categories?post=101858"},{"taxonomy":"post_tag","embeddable":true,"href":"https:\/\/www.giurgiuveanul.ro\/stiri\/wp-json\/wp\/v2\/tags?post=101858"}],"curies":[{"name":"wp","href":"https:\/\/api.w.org\/{rel}","templated":true}]}}