{"id":101998,"date":"2023-12-18T15:53:10","date_gmt":"2023-12-18T13:53:10","guid":{"rendered":"https:\/\/www.giurgiuveanul.ro\/stiri\/?p=101998"},"modified":"2023-12-18T15:53:51","modified_gmt":"2023-12-18T13:53:51","slug":"astazi-in-fata-sediului-ipj-giurgiu-un-nou-protest-al-sindicatelor-europol-si-snppc","status":"publish","type":"post","link":"https:\/\/www.giurgiuveanul.ro\/stiri\/astazi-in-fata-sediului-ipj-giurgiu-un-nou-protest-al-sindicatelor-europol-si-snppc\/","title":{"rendered":"Ast\u0103zi, \u00een fa\u021ba sediului IPJ Giurgiu, un nou protest al sindicatelor \u201eEuropol\u201d \u015fi SNPPC!"},"content":{"rendered":"<p style=\"text-align: justify;\"><a href=\"https:\/\/www.giurgiuveanul.ro\/stiri\/wp-content\/uploads\/2023\/12\/000-protest-la-ipj-giurgiu.jpg\"><img loading=\"lazy\" decoding=\"async\" class=\"aligncenter wp-image-101999\" src=\"https:\/\/www.giurgiuveanul.ro\/stiri\/wp-content\/uploads\/2023\/12\/000-protest-la-ipj-giurgiu-560x291.jpg\" alt=\"\" width=\"579\" height=\"301\" srcset=\"https:\/\/www.giurgiuveanul.ro\/stiri\/wp-content\/uploads\/2023\/12\/000-protest-la-ipj-giurgiu-560x291.jpg 560w, https:\/\/www.giurgiuveanul.ro\/stiri\/wp-content\/uploads\/2023\/12\/000-protest-la-ipj-giurgiu-250x130.jpg 250w, https:\/\/www.giurgiuveanul.ro\/stiri\/wp-content\/uploads\/2023\/12\/000-protest-la-ipj-giurgiu-768x399.jpg 768w, https:\/\/www.giurgiuveanul.ro\/stiri\/wp-content\/uploads\/2023\/12\/000-protest-la-ipj-giurgiu-1536x799.jpg 1536w, https:\/\/www.giurgiuveanul.ro\/stiri\/wp-content\/uploads\/2023\/12\/000-protest-la-ipj-giurgiu-400x208.jpg 400w, https:\/\/www.giurgiuveanul.ro\/stiri\/wp-content\/uploads\/2023\/12\/000-protest-la-ipj-giurgiu.jpg 2048w\" sizes=\"auto, (max-width: 579px) 100vw, 579px\" \/><\/a>Un nou protest a avut loc, ast\u0103zi, \u00een fa\u021ba sediului IPJ Giurgiu, unde<!--more--> membrii Sindicatului Europol \u0219i cei ai SNPPC au protestat fa\u021b\u0103 de decizia unilateral\u0103 a inspectorului \u0219ef cu privire la modificarea programului de lucru din ture de 12\/24 &#8211; 12\/48 \u00een 3 schimburi a c\u00e2te 8 ore\/zi.<\/p>\n<p><a href=\"https:\/\/www.giurgiuveanul.ro\/stiri\/wp-content\/uploads\/2023\/12\/0000-protest-la-ipj-giurgiu.jpg\"><img loading=\"lazy\" decoding=\"async\" class=\"aligncenter  wp-image-102001\" src=\"https:\/\/www.giurgiuveanul.ro\/stiri\/wp-content\/uploads\/2023\/12\/0000-protest-la-ipj-giurgiu-384x450.jpg\" alt=\"\" width=\"574\" height=\"673\" srcset=\"https:\/\/www.giurgiuveanul.ro\/stiri\/wp-content\/uploads\/2023\/12\/0000-protest-la-ipj-giurgiu-384x450.jpg 384w, https:\/\/www.giurgiuveanul.ro\/stiri\/wp-content\/uploads\/2023\/12\/0000-protest-la-ipj-giurgiu-250x293.jpg 250w, https:\/\/www.giurgiuveanul.ro\/stiri\/wp-content\/uploads\/2023\/12\/0000-protest-la-ipj-giurgiu-768x899.jpg 768w, https:\/\/www.giurgiuveanul.ro\/stiri\/wp-content\/uploads\/2023\/12\/0000-protest-la-ipj-giurgiu-1312x1536.jpg 1312w, https:\/\/www.giurgiuveanul.ro\/stiri\/wp-content\/uploads\/2023\/12\/0000-protest-la-ipj-giurgiu-400x468.jpg 400w, https:\/\/www.giurgiuveanul.ro\/stiri\/wp-content\/uploads\/2023\/12\/0000-protest-la-ipj-giurgiu.jpg 1408w\" sizes=\"auto, (max-width: 574px) 100vw, 574px\" \/><\/a><\/p>\n<p style=\"text-align: justify;\">Am ar\u0103tat cu aceast\u0103 ocazie faptul c\u0103 \u00een cur\u00e2nd IPJ Giurgiu va putea folosi \u00een strad\u0103 manechine pe post de poli\u021bi\u0219ti \u00eentruc\u00e2t actuala form\u0103 de planificare \u00een serviciu a poli\u021bi\u0219tilor rutieri \u0219i de ordine public\u0103 nu permite ca \u00een strad\u0103 s\u0103 se afle mai mult de un echipaj rutier, iar \u00een ceea ce prive\u0219te Dispozitivul de Ordine \u0219i Siguran\u021b\u0103 Public\u0103 de pe raza ora\u0219ului Mih\u0103ile\u0219ti a fost constituit \u00een cursul nop\u021bii dintr-o patrul\u0103 \u00een componen\u021ba c\u0103reia se afla o singur\u0103 poli\u021bist\u0103.<\/p>\n<p style=\"text-align: justify;\">Astfel de decizii f\u0103r\u0103 fundament vor fi decontate de c\u0103tre cet\u0103\u021beni \u00een momentul \u00een care nu va exista un echipaj de poli\u021bie disponibil s\u0103 intervin\u0103 \u00een timp util pentru ap\u0103rarea acestora, se arat\u0103 \u00een comunicatul remis redac\u0163iei &#8222;Giurgiuveanul&#8221;.<\/p>\n","protected":false},"excerpt":{"rendered":"<p>Un nou protest a avut loc, ast\u0103zi, \u00een fa\u021ba sediului IPJ Giurgiu, unde<\/p>\n","protected":false},"author":1,"featured_media":0,"comment_status":"open","ping_status":"open","sticky":false,"template":"","format":"standard","meta":{"footnotes":""},"categories":[1],"tags":[],"class_list":["post-101998","post","type-post","status-publish","format-standard","hentry","category-actualitate"],"_links":{"self":[{"href":"https:\/\/www.giurgiuveanul.ro\/stiri\/wp-json\/wp\/v2\/posts\/101998","targetHints":{"allow":["GET"]}}],"collection":[{"href":"https:\/\/www.giurgiuveanul.ro\/stiri\/wp-json\/wp\/v2\/posts"}],"about":[{"href":"https:\/\/www.giurgiuveanul.ro\/stiri\/wp-json\/wp\/v2\/types\/post"}],"author":[{"embeddable":true,"href":"https:\/\/www.giurgiuveanul.ro\/stiri\/wp-json\/wp\/v2\/users\/1"}],"replies":[{"embeddable":true,"href":"https:\/\/www.giurgiuveanul.ro\/stiri\/wp-json\/wp\/v2\/comments?post=101998"}],"version-history":[{"count":0,"href":"https:\/\/www.giurgiuveanul.ro\/stiri\/wp-json\/wp\/v2\/posts\/101998\/revisions"}],"wp:attachment":[{"href":"https:\/\/www.giurgiuveanul.ro\/stiri\/wp-json\/wp\/v2\/media?parent=101998"}],"wp:term":[{"taxonomy":"category","embeddable":true,"href":"https:\/\/www.giurgiuveanul.ro\/stiri\/wp-json\/wp\/v2\/categories?post=101998"},{"taxonomy":"post_tag","embeddable":true,"href":"https:\/\/www.giurgiuveanul.ro\/stiri\/wp-json\/wp\/v2\/tags?post=101998"}],"curies":[{"name":"wp","href":"https:\/\/api.w.org\/{rel}","templated":true}]}}