{"id":102003,"date":"2023-12-18T16:42:33","date_gmt":"2023-12-18T14:42:33","guid":{"rendered":"https:\/\/www.giurgiuveanul.ro\/stiri\/?p=102003"},"modified":"2023-12-18T16:42:47","modified_gmt":"2023-12-18T14:42:47","slug":"primaria-municipiului-giurgiu-programul-manifestarilor-dedicate-zilei-victoriei-revolutiei-romane-si-libertatii-vineri-22-decembrie-2023","status":"publish","type":"post","link":"https:\/\/www.giurgiuveanul.ro\/stiri\/primaria-municipiului-giurgiu-programul-manifestarilor-dedicate-zilei-victoriei-revolutiei-romane-si-libertatii-vineri-22-decembrie-2023\/","title":{"rendered":"Prim\u0103ria Municipiului Giurgiu: Programul manifest\u0103rilor dedicate Zilei Victoriei Revolu\u021biei Rom\u00e2ne \u0219i Libert\u0103\u021bii, vineri, 22 decembrie 2023"},"content":{"rendered":"<p><a href=\"https:\/\/www.giurgiuveanul.ro\/stiri\/wp-content\/uploads\/2023\/12\/000-ziua-eroilor-revolutiei-giurgiu.jpg\"><img loading=\"lazy\" decoding=\"async\" class=\"aligncenter wp-image-102007\" src=\"https:\/\/www.giurgiuveanul.ro\/stiri\/wp-content\/uploads\/2023\/12\/000-ziua-eroilor-revolutiei-giurgiu-318x450.jpg\" alt=\"\" width=\"572\" height=\"809\" srcset=\"https:\/\/www.giurgiuveanul.ro\/stiri\/wp-content\/uploads\/2023\/12\/000-ziua-eroilor-revolutiei-giurgiu-318x450.jpg 318w, https:\/\/www.giurgiuveanul.ro\/stiri\/wp-content\/uploads\/2023\/12\/000-ziua-eroilor-revolutiei-giurgiu-212x300.jpg 212w, https:\/\/www.giurgiuveanul.ro\/stiri\/wp-content\/uploads\/2023\/12\/000-ziua-eroilor-revolutiei-giurgiu-400x566.jpg 400w, https:\/\/www.giurgiuveanul.ro\/stiri\/wp-content\/uploads\/2023\/12\/000-ziua-eroilor-revolutiei-giurgiu.jpg 678w\" sizes=\"auto, (max-width: 572px) 100vw, 572px\" \/><\/a>Vineri, 22 decembrie,<!--more--> vor avea loc manifest\u0103ri dedicate Zilei Victoriei Revolu\u021biei Rom\u00e2ne \u0219i Libert\u0103\u021bii.<\/p>\n<p><strong>Iat\u0103 programul:<\/strong><\/p>\n<p><strong><u><span lang=\"RO\">Locul desf\u0103\u015fur\u0103rii evenimentului<\/span><\/u><u><span lang=\"RO\">:<\/span><\/u><span lang=\"RO\">\u00a0 Troi\u021ba \u2013 Teatrul Tudor Vianu<\/span><\/strong><span lang=\"RO\"><strong>\u00a0<\/strong>\u00a0<\/span><\/p>\n<p class=\"yiv1849618733gmail-MsoBodyTextIndent\"><span lang=\"RO\">10<sup>00<\/sup>\u00a0\u2013 10<sup>05\u00a0\u00a0\u00a0\u00a0\u00a0\u00a0\u00a0\u00a0\u00a0<\/sup><\/span><span lang=\"RO\">&#8211; Primirea oficialit\u0103\u0163ilor cu mar\u015ful de \u00eent\u00e2mpinare intonat de Fanfara Centrului Cultural Ion Vinea<\/span><\/p>\n<p class=\"yiv1849618733gmail-MsoBodyTextIndent\"><span lang=\"RO\">10<sup>05<\/sup>\u00a0\u2013 10<sup>10\u00a0\u00a0\u00a0\u00a0\u00a0\u00a0\u00a0\u00a0\u00a0<\/sup><\/span><span lang=\"RO\">&#8211; Intonarea Imnului Na\u0163ional \u2013 Fanfara Centrului Cultural \u201eIon Vinea\u201d<\/span><\/p>\n<p class=\"yiv1849618733gmail-MsoBodyTextIndent\"><span lang=\"RO\">10<sup>10<\/sup>\u00a0\u2013 10<sup>20<\/sup><\/span><span lang=\"RO\">\u00a0\u00a0\u00a0\u00a0\u00a0\u00a0 &#8211; Depuneri de coroane de flori la Monumentul Eroilor Martiri \u2013 Teatrul Tudor Vianu Giurgiu<\/span><\/p>\n<p class=\"yiv1849618733gmail-MsoBodyTextIndent\"><span lang=\"RO\">10<sup>20<\/sup>\u00a0\u2013 10<sup>40<\/sup><\/span><span lang=\"RO\">\u00a0\u00a0\u00a0\u00a0\u00a0\u00a0 &#8211; Deplasarea participan\u021bilor la Monumentul Eroii Revolu\u021biei \u00a0&#8211; \u00a0Biserica \u201eInal\u021barea Domnului\u201d (\u0219os. Bucure\u0219ti)<\/span><\/p>\n<p class=\"yiv1849618733gmail-MsoBodyTextIndent\"><b><u><span lang=\"RO\">Locul desf\u0103\u015fur\u0103rii evenimentului<\/span><\/u><\/b><u><span lang=\"RO\">:<\/span><\/u><span lang=\"RO\">\u00a0<b>Monumentul Eroii Revolu\u021biei \u00a0&#8211; \u00a0Biserica \u201eInal\u021barea Domnului\u201d (\u0219os. Bucure\u0219ti)<\/b><\/span><\/p>\n<p class=\"yiv1849618733gmail-MsoBodyTextIndent\"><span lang=\"RO\">10<sup>40<\/sup>\u00a0\u2013 10<sup>45\u00a0\u00a0\u00a0\u00a0\u00a0\u00a0\u00a0\u00a0\u00a0<\/sup><\/span><span lang=\"RO\">&#8211; Mar\u0219ul de \u00eent\u00e2mpinare<\/span><\/p>\n<p class=\"yiv1849618733gmail-MsoBodyTextIndent\"><span lang=\"RO\">10<sup>45<\/sup>\u00a0\u2013 10<sup>55\u00a0\u00a0\u00a0\u00a0\u00a0\u00a0\u00a0\u00a0\u00a0<\/sup><\/span><span lang=\"RO\">&#8211; Ceremonial religios la Monumentul Eroii Revolu\u021biei \u00a0&#8211; \u00a0Biserica \u201eInal\u021barea Domnului\u201d (\u0219os. Bucure\u0219ti)<\/span><\/p>\n<p class=\"yiv1849618733gmail-MsoBodyTextIndent\"><span lang=\"RO\">10<sup>55<\/sup>\u00a0\u2013 11<sup>10<\/sup><\/span><span lang=\"RO\">\u00a0 \u00a0 \u00a0&#8211; Depuneri de coroane de flori la Monumentul Eroii Revolu\u021biei \u00a0&#8211; \u00a0Biserica \u201eInal\u021barea Domnului\u201d (\u0219os. Bucure\u0219ti)<\/span><\/p>\n","protected":false},"excerpt":{"rendered":"<p>Vineri, 22 decembrie,<\/p>\n","protected":false},"author":1,"featured_media":0,"comment_status":"open","ping_status":"open","sticky":false,"template":"","format":"standard","meta":{"footnotes":""},"categories":[1],"tags":[],"class_list":["post-102003","post","type-post","status-publish","format-standard","hentry","category-actualitate"],"_links":{"self":[{"href":"https:\/\/www.giurgiuveanul.ro\/stiri\/wp-json\/wp\/v2\/posts\/102003","targetHints":{"allow":["GET"]}}],"collection":[{"href":"https:\/\/www.giurgiuveanul.ro\/stiri\/wp-json\/wp\/v2\/posts"}],"about":[{"href":"https:\/\/www.giurgiuveanul.ro\/stiri\/wp-json\/wp\/v2\/types\/post"}],"author":[{"embeddable":true,"href":"https:\/\/www.giurgiuveanul.ro\/stiri\/wp-json\/wp\/v2\/users\/1"}],"replies":[{"embeddable":true,"href":"https:\/\/www.giurgiuveanul.ro\/stiri\/wp-json\/wp\/v2\/comments?post=102003"}],"version-history":[{"count":0,"href":"https:\/\/www.giurgiuveanul.ro\/stiri\/wp-json\/wp\/v2\/posts\/102003\/revisions"}],"wp:attachment":[{"href":"https:\/\/www.giurgiuveanul.ro\/stiri\/wp-json\/wp\/v2\/media?parent=102003"}],"wp:term":[{"taxonomy":"category","embeddable":true,"href":"https:\/\/www.giurgiuveanul.ro\/stiri\/wp-json\/wp\/v2\/categories?post=102003"},{"taxonomy":"post_tag","embeddable":true,"href":"https:\/\/www.giurgiuveanul.ro\/stiri\/wp-json\/wp\/v2\/tags?post=102003"}],"curies":[{"name":"wp","href":"https:\/\/api.w.org\/{rel}","templated":true}]}}