{"id":102128,"date":"2023-12-23T14:39:21","date_gmt":"2023-12-23T12:39:21","guid":{"rendered":"https:\/\/www.giurgiuveanul.ro\/stiri\/?p=102128"},"modified":"2023-12-23T14:41:15","modified_gmt":"2023-12-23T12:41:15","slug":"22-decembrie-34-de-ani-de-la-revolutie-eroii-martiri-comemorati-la-giurgiu","status":"publish","type":"post","link":"https:\/\/www.giurgiuveanul.ro\/stiri\/22-decembrie-34-de-ani-de-la-revolutie-eroii-martiri-comemorati-la-giurgiu\/","title":{"rendered":"22 Decembrie &#8211; 34 de ani de la Revolu\u021bie. Eroii-martiri, comemora\u021bi la Giurgiu!"},"content":{"rendered":"<p style=\"text-align: justify;\"><a href=\"https:\/\/www.giurgiuveanul.ro\/stiri\/wp-content\/uploads\/2023\/12\/1-8.jpg\"><img loading=\"lazy\" decoding=\"async\" class=\"aligncenter wp-image-102129\" src=\"https:\/\/www.giurgiuveanul.ro\/stiri\/wp-content\/uploads\/2023\/12\/1-8-560x328.jpg\" alt=\"\" width=\"579\" height=\"339\" srcset=\"https:\/\/www.giurgiuveanul.ro\/stiri\/wp-content\/uploads\/2023\/12\/1-8-560x328.jpg 560w, https:\/\/www.giurgiuveanul.ro\/stiri\/wp-content\/uploads\/2023\/12\/1-8-250x146.jpg 250w, https:\/\/www.giurgiuveanul.ro\/stiri\/wp-content\/uploads\/2023\/12\/1-8-768x449.jpg 768w, https:\/\/www.giurgiuveanul.ro\/stiri\/wp-content\/uploads\/2023\/12\/1-8-1536x899.jpg 1536w, https:\/\/www.giurgiuveanul.ro\/stiri\/wp-content\/uploads\/2023\/12\/1-8-400x234.jpg 400w, https:\/\/www.giurgiuveanul.ro\/stiri\/wp-content\/uploads\/2023\/12\/1-8.jpg 2048w\" sizes=\"auto, (max-width: 579px) 100vw, 579px\" \/><\/a>De Ziua Victoriei Revolu\u021biei Rom\u00e2ne \u0219i a Libert\u0103\u021bii \u0219i Ziua Memoriei Victimelor Comunismului \u00een Rom\u00e2nia, la 34 de ani<!--more--> de la evenimentele din decembrie 1989, la Monumentul aflat \u00een fa\u021ba Bisericii \u201e\u00cen\u0103l\u0163area Domnului\u201d (Eroilor) a avut loc un ceremonial militar-religios la care au luat parte oficialit\u0103\u021bi locale \u015fi jude\u0163ene, ai unor partide politice \u0219i reprezentan\u021bi ai asocia\u021biei de revolu\u021bionari \u201e22 Decembrie 1989\u201d Giurgiu.<\/p>\n<p><a href=\"https:\/\/www.giurgiuveanul.ro\/stiri\/wp-content\/uploads\/2023\/12\/5-6.jpg\"><img loading=\"lazy\" decoding=\"async\" class=\"aligncenter  wp-image-102136\" src=\"https:\/\/www.giurgiuveanul.ro\/stiri\/wp-content\/uploads\/2023\/12\/5-6-560x419.jpg\" alt=\"\" width=\"581\" height=\"435\" srcset=\"https:\/\/www.giurgiuveanul.ro\/stiri\/wp-content\/uploads\/2023\/12\/5-6-560x419.jpg 560w, https:\/\/www.giurgiuveanul.ro\/stiri\/wp-content\/uploads\/2023\/12\/5-6-250x187.jpg 250w, https:\/\/www.giurgiuveanul.ro\/stiri\/wp-content\/uploads\/2023\/12\/5-6-768x574.jpg 768w, https:\/\/www.giurgiuveanul.ro\/stiri\/wp-content\/uploads\/2023\/12\/5-6-1536x1148.jpg 1536w, https:\/\/www.giurgiuveanul.ro\/stiri\/wp-content\/uploads\/2023\/12\/5-6-400x299.jpg 400w, https:\/\/www.giurgiuveanul.ro\/stiri\/wp-content\/uploads\/2023\/12\/5-6.jpg 2048w\" sizes=\"auto, (max-width: 581px) 100vw, 581px\" \/><\/a><\/p>\n<p><a href=\"https:\/\/www.giurgiuveanul.ro\/stiri\/wp-content\/uploads\/2023\/12\/4-5.jpg\"><img loading=\"lazy\" decoding=\"async\" class=\"aligncenter  wp-image-102131\" src=\"https:\/\/www.giurgiuveanul.ro\/stiri\/wp-content\/uploads\/2023\/12\/4-5-560x433.jpg\" alt=\"\" width=\"576\" height=\"445\" srcset=\"https:\/\/www.giurgiuveanul.ro\/stiri\/wp-content\/uploads\/2023\/12\/4-5-560x433.jpg 560w, https:\/\/www.giurgiuveanul.ro\/stiri\/wp-content\/uploads\/2023\/12\/4-5-250x193.jpg 250w, https:\/\/www.giurgiuveanul.ro\/stiri\/wp-content\/uploads\/2023\/12\/4-5-768x594.jpg 768w, https:\/\/www.giurgiuveanul.ro\/stiri\/wp-content\/uploads\/2023\/12\/4-5-1536x1189.jpg 1536w, https:\/\/www.giurgiuveanul.ro\/stiri\/wp-content\/uploads\/2023\/12\/4-5-400x310.jpg 400w, https:\/\/www.giurgiuveanul.ro\/stiri\/wp-content\/uploads\/2023\/12\/4-5.jpg 2048w\" sizes=\"auto, (max-width: 576px) 100vw, 576px\" \/><\/a><\/p>\n<p style=\"text-align: justify;\">Dup\u0103 acordarea onorului militar &#8211; la Monumentul din centrul municipiului Giurgiu &#8211; \u0219i intonarea Imnului Na\u021bional, a fost oficiat\u0103 o slujb\u0103 de pomenire a eroilor-martiri \u0219i au fost depuse coroane de flori la ambele Monumente.<\/p>\n<p><a href=\"https:\/\/www.giurgiuveanul.ro\/stiri\/wp-content\/uploads\/2023\/12\/2-8.jpg\"><img loading=\"lazy\" decoding=\"async\" class=\"aligncenter  wp-image-102132\" src=\"https:\/\/www.giurgiuveanul.ro\/stiri\/wp-content\/uploads\/2023\/12\/2-8-560x341.jpg\" alt=\"\" width=\"575\" height=\"350\" srcset=\"https:\/\/www.giurgiuveanul.ro\/stiri\/wp-content\/uploads\/2023\/12\/2-8-560x341.jpg 560w, https:\/\/www.giurgiuveanul.ro\/stiri\/wp-content\/uploads\/2023\/12\/2-8-250x152.jpg 250w, https:\/\/www.giurgiuveanul.ro\/stiri\/wp-content\/uploads\/2023\/12\/2-8-768x468.jpg 768w, https:\/\/www.giurgiuveanul.ro\/stiri\/wp-content\/uploads\/2023\/12\/2-8-1536x935.jpg 1536w, https:\/\/www.giurgiuveanul.ro\/stiri\/wp-content\/uploads\/2023\/12\/2-8-400x244.jpg 400w, https:\/\/www.giurgiuveanul.ro\/stiri\/wp-content\/uploads\/2023\/12\/2-8.jpg 2048w\" sizes=\"auto, (max-width: 575px) 100vw, 575px\" \/><\/a> <a href=\"https:\/\/www.giurgiuveanul.ro\/stiri\/wp-content\/uploads\/2023\/12\/3-7.jpg\"><img loading=\"lazy\" decoding=\"async\" class=\"aligncenter  wp-image-102133\" src=\"https:\/\/www.giurgiuveanul.ro\/stiri\/wp-content\/uploads\/2023\/12\/3-7-560x340.jpg\" alt=\"\" width=\"575\" height=\"349\" srcset=\"https:\/\/www.giurgiuveanul.ro\/stiri\/wp-content\/uploads\/2023\/12\/3-7-560x340.jpg 560w, https:\/\/www.giurgiuveanul.ro\/stiri\/wp-content\/uploads\/2023\/12\/3-7-250x152.jpg 250w, https:\/\/www.giurgiuveanul.ro\/stiri\/wp-content\/uploads\/2023\/12\/3-7-768x467.jpg 768w, https:\/\/www.giurgiuveanul.ro\/stiri\/wp-content\/uploads\/2023\/12\/3-7-1536x933.jpg 1536w, https:\/\/www.giurgiuveanul.ro\/stiri\/wp-content\/uploads\/2023\/12\/3-7-400x243.jpg 400w, https:\/\/www.giurgiuveanul.ro\/stiri\/wp-content\/uploads\/2023\/12\/3-7.jpg 2048w\" sizes=\"auto, (max-width: 575px) 100vw, 575px\" \/><\/a> <a href=\"https:\/\/www.giurgiuveanul.ro\/stiri\/wp-content\/uploads\/2023\/12\/6-6.jpg\"><img loading=\"lazy\" decoding=\"async\" class=\"aligncenter  wp-image-102134\" src=\"https:\/\/www.giurgiuveanul.ro\/stiri\/wp-content\/uploads\/2023\/12\/6-6-560x372.jpg\" alt=\"\" width=\"575\" height=\"382\" srcset=\"https:\/\/www.giurgiuveanul.ro\/stiri\/wp-content\/uploads\/2023\/12\/6-6-560x372.jpg 560w, https:\/\/www.giurgiuveanul.ro\/stiri\/wp-content\/uploads\/2023\/12\/6-6-250x166.jpg 250w, https:\/\/www.giurgiuveanul.ro\/stiri\/wp-content\/uploads\/2023\/12\/6-6-768x510.jpg 768w, https:\/\/www.giurgiuveanul.ro\/stiri\/wp-content\/uploads\/2023\/12\/6-6-1536x1020.jpg 1536w, https:\/\/www.giurgiuveanul.ro\/stiri\/wp-content\/uploads\/2023\/12\/6-6-400x266.jpg 400w, https:\/\/www.giurgiuveanul.ro\/stiri\/wp-content\/uploads\/2023\/12\/6-6.jpg 2048w\" sizes=\"auto, (max-width: 575px) 100vw, 575px\" \/><\/a><\/p>\n","protected":false},"excerpt":{"rendered":"<p>De Ziua Victoriei Revolu\u021biei Rom\u00e2ne \u0219i a Libert\u0103\u021bii \u0219i Ziua Memoriei Victimelor Comunismului \u00een Rom\u00e2nia, la 34 de ani<\/p>\n","protected":false},"author":1,"featured_media":0,"comment_status":"open","ping_status":"open","sticky":false,"template":"","format":"standard","meta":{"footnotes":""},"categories":[1],"tags":[],"class_list":["post-102128","post","type-post","status-publish","format-standard","hentry","category-actualitate"],"_links":{"self":[{"href":"https:\/\/www.giurgiuveanul.ro\/stiri\/wp-json\/wp\/v2\/posts\/102128","targetHints":{"allow":["GET"]}}],"collection":[{"href":"https:\/\/www.giurgiuveanul.ro\/stiri\/wp-json\/wp\/v2\/posts"}],"about":[{"href":"https:\/\/www.giurgiuveanul.ro\/stiri\/wp-json\/wp\/v2\/types\/post"}],"author":[{"embeddable":true,"href":"https:\/\/www.giurgiuveanul.ro\/stiri\/wp-json\/wp\/v2\/users\/1"}],"replies":[{"embeddable":true,"href":"https:\/\/www.giurgiuveanul.ro\/stiri\/wp-json\/wp\/v2\/comments?post=102128"}],"version-history":[{"count":0,"href":"https:\/\/www.giurgiuveanul.ro\/stiri\/wp-json\/wp\/v2\/posts\/102128\/revisions"}],"wp:attachment":[{"href":"https:\/\/www.giurgiuveanul.ro\/stiri\/wp-json\/wp\/v2\/media?parent=102128"}],"wp:term":[{"taxonomy":"category","embeddable":true,"href":"https:\/\/www.giurgiuveanul.ro\/stiri\/wp-json\/wp\/v2\/categories?post=102128"},{"taxonomy":"post_tag","embeddable":true,"href":"https:\/\/www.giurgiuveanul.ro\/stiri\/wp-json\/wp\/v2\/tags?post=102128"}],"curies":[{"name":"wp","href":"https:\/\/api.w.org\/{rel}","templated":true}]}}