{"id":102284,"date":"2023-12-26T10:47:57","date_gmt":"2023-12-26T08:47:57","guid":{"rendered":"https:\/\/www.giurgiuveanul.ro\/stiri\/?p=102284"},"modified":"2023-12-26T10:47:57","modified_gmt":"2023-12-26T08:47:57","slug":"isu-giurgiu-incendiu-violent-in-localitatea-sabareni","status":"publish","type":"post","link":"https:\/\/www.giurgiuveanul.ro\/stiri\/isu-giurgiu-incendiu-violent-in-localitatea-sabareni\/","title":{"rendered":"ISU Giurgiu. Incendiu violent, \u00een localitatea S\u0103b\u0103reni"},"content":{"rendered":"<p style=\"text-align: justify;\"><strong><a href=\"https:\/\/www.giurgiuveanul.ro\/stiri\/wp-content\/uploads\/2023\/12\/000-sabareni-incendiu.jpeg\"><img loading=\"lazy\" decoding=\"async\" class=\"aligncenter  wp-image-102285\" src=\"https:\/\/www.giurgiuveanul.ro\/stiri\/wp-content\/uploads\/2023\/12\/000-sabareni-incendiu-560x316.jpeg\" alt=\"\" width=\"620\" height=\"350\" srcset=\"https:\/\/www.giurgiuveanul.ro\/stiri\/wp-content\/uploads\/2023\/12\/000-sabareni-incendiu-560x316.jpeg 560w, https:\/\/www.giurgiuveanul.ro\/stiri\/wp-content\/uploads\/2023\/12\/000-sabareni-incendiu-250x141.jpeg 250w, https:\/\/www.giurgiuveanul.ro\/stiri\/wp-content\/uploads\/2023\/12\/000-sabareni-incendiu-768x433.jpeg 768w, https:\/\/www.giurgiuveanul.ro\/stiri\/wp-content\/uploads\/2023\/12\/000-sabareni-incendiu-400x225.jpeg 400w, https:\/\/www.giurgiuveanul.ro\/stiri\/wp-content\/uploads\/2023\/12\/000-sabareni-incendiu.jpeg 1024w\" sizes=\"auto, (max-width: 620px) 100vw, 620px\" \/><\/a>Casa<!--more--> unei familii din localitatea S\u0103b\u0103reni a luat foc, recent, cel mai probabil din cauza efectului termic produs de soba amplasat\u0103 necorespunz\u0103tor fa\u021ba de materiale combustibile. Din fericire, proprietarii au ie\u0219it la timp din cas\u0103, \u00eens\u0103 pagubele au fost \u00eensemnate, informeaz\u0103 ISU Giurgiu<\/strong>.<\/p>\n<p style=\"text-align: justify;\">La fa\u021ba locului s-au deplasat pompierii din cadrul Deta\u0219amentului Bolintin Deal \u0219i ISU Bucure\u0219ti-Ilfov, cu patru autospeciale de stingere, o autospecial\u0103 pentru interven\u021bie \u0219i salvare de la \u00een\u0103l\u021bime, o cistern\u0103 \u0219i o ambulan\u021b\u0103 SMURD.<\/p>\n<p style=\"text-align: justify;\">Au ars acoperi\u0219ul casei, pe o suprafa\u021b\u0103 de aproximativ 150 mp, mobilier, electrocasnice, articole de \u00eembr\u0103c\u0103minte \u0219i documente personale.<\/p>\n<p style=\"text-align: justify;\">\u00cen sezonul rece, exist\u0103 pericol de incendiu \u0219i din cauza sc\u0103p\u0103rii accidentale a jarului sau a sc\u00e2nteilor din sob\u0103. Aceste evenimente pot l\u0103sa \u00een urm\u0103 pagube materiale sau pot avea chiar un final tragic, dac\u0103 nu sunt respectate urm\u0103toarele m\u0103suri:<\/p>\n<ul style=\"text-align: justify;\">\n<li>amplasa\u0163i, \u00een fa\u0163a sobelor cu lemne, o cutie metalic\u0103: aceasta va asigura protec\u0163ia fa\u0163\u0103 de c\u0103derea accidental\u0103, direct pe podea, a lemnelor aprinse sau a jarului, care ar putea incendia materialele combustibile din apropiere;<\/li>\n<li>nu introduce\u021bi \u00een sob\u0103 lemne cu lungimea mai mare dec\u00e2t vatra focarului;<\/li>\n<li>\u00een timpul func\u021bion\u0103rii, nu l\u0103sa\u021bi u\u0219a sobei deschis\u0103;<\/li>\n<li>nu folosi\u0163i alte materiale combustibile \u00een afar\u0103 de cele pentru care a fost destinat\u0103 soba \u0219i evita\u0163i supra\u00eenc\u0103rcarea acesteia;<\/li>\n<li>focul \u00een sobe nu trebuie l\u0103sat f\u0103r\u0103 supraveghere sau \u00een grija copiilor \u0219i trebuie stins \u00eenainte de a p\u0103r\u0103si locuin\u0163a;<\/li>\n<li>nu adormi\u0163i niciodat\u0103 cu focul aprins \u00een sob\u0103;<\/li>\n<li>nu pune\u021bi hainele la uscat, pe sob\u0103;<\/li>\n<li>depozita\u021bi cenu\u015fa \u015fi jarul provenite de la sobe \u00eentr-un loc special amenajat.<\/li>\n<\/ul>\n<p style=\"text-align: justify;\">J\u0103ratecul nestins nu trebuie aruncat \u00een apropierea casei, a ad\u0103posturilor animalelor, a magaziilor de lemne sau de furaje.<\/p>\n<p style=\"text-align: justify;\">\n<p style=\"text-align: justify;\">Compartimentul Informare \u0219i Rela\u021bii Publice<\/p>\n","protected":false},"excerpt":{"rendered":"<p>Casa<\/p>\n","protected":false},"author":1,"featured_media":0,"comment_status":"open","ping_status":"open","sticky":false,"template":"","format":"standard","meta":{"footnotes":""},"categories":[1],"tags":[],"class_list":["post-102284","post","type-post","status-publish","format-standard","hentry","category-actualitate"],"_links":{"self":[{"href":"https:\/\/www.giurgiuveanul.ro\/stiri\/wp-json\/wp\/v2\/posts\/102284","targetHints":{"allow":["GET"]}}],"collection":[{"href":"https:\/\/www.giurgiuveanul.ro\/stiri\/wp-json\/wp\/v2\/posts"}],"about":[{"href":"https:\/\/www.giurgiuveanul.ro\/stiri\/wp-json\/wp\/v2\/types\/post"}],"author":[{"embeddable":true,"href":"https:\/\/www.giurgiuveanul.ro\/stiri\/wp-json\/wp\/v2\/users\/1"}],"replies":[{"embeddable":true,"href":"https:\/\/www.giurgiuveanul.ro\/stiri\/wp-json\/wp\/v2\/comments?post=102284"}],"version-history":[{"count":0,"href":"https:\/\/www.giurgiuveanul.ro\/stiri\/wp-json\/wp\/v2\/posts\/102284\/revisions"}],"wp:attachment":[{"href":"https:\/\/www.giurgiuveanul.ro\/stiri\/wp-json\/wp\/v2\/media?parent=102284"}],"wp:term":[{"taxonomy":"category","embeddable":true,"href":"https:\/\/www.giurgiuveanul.ro\/stiri\/wp-json\/wp\/v2\/categories?post=102284"},{"taxonomy":"post_tag","embeddable":true,"href":"https:\/\/www.giurgiuveanul.ro\/stiri\/wp-json\/wp\/v2\/tags?post=102284"}],"curies":[{"name":"wp","href":"https:\/\/api.w.org\/{rel}","templated":true}]}}