{"id":102321,"date":"2023-12-28T10:45:16","date_gmt":"2023-12-28T08:45:16","guid":{"rendered":"https:\/\/www.giurgiuveanul.ro\/stiri\/?p=102321"},"modified":"2023-12-28T10:45:16","modified_gmt":"2023-12-28T08:45:16","slug":"in-memoriam-preot-lucian-manicatide","status":"publish","type":"post","link":"https:\/\/www.giurgiuveanul.ro\/stiri\/in-memoriam-preot-lucian-manicatide\/","title":{"rendered":"IN MEMORIAM Preot Lucian Manicatide"},"content":{"rendered":"<p style=\"text-align: justify;\"><a href=\"https:\/\/www.giurgiuveanul.ro\/stiri\/wp-content\/uploads\/2023\/12\/preot-maniactide-foto-scaled.jpg\"><img loading=\"lazy\" decoding=\"async\" class=\"aligncenter  wp-image-102322\" src=\"https:\/\/www.giurgiuveanul.ro\/stiri\/wp-content\/uploads\/2023\/12\/preot-maniactide-foto-560x308.jpg\" alt=\"\" width=\"602\" height=\"331\" srcset=\"https:\/\/www.giurgiuveanul.ro\/stiri\/wp-content\/uploads\/2023\/12\/preot-maniactide-foto-560x308.jpg 560w, https:\/\/www.giurgiuveanul.ro\/stiri\/wp-content\/uploads\/2023\/12\/preot-maniactide-foto-250x138.jpg 250w, https:\/\/www.giurgiuveanul.ro\/stiri\/wp-content\/uploads\/2023\/12\/preot-maniactide-foto-768x423.jpg 768w, https:\/\/www.giurgiuveanul.ro\/stiri\/wp-content\/uploads\/2023\/12\/preot-maniactide-foto-1536x845.jpg 1536w, https:\/\/www.giurgiuveanul.ro\/stiri\/wp-content\/uploads\/2023\/12\/preot-maniactide-foto-2048x1127.jpg 2048w, https:\/\/www.giurgiuveanul.ro\/stiri\/wp-content\/uploads\/2023\/12\/preot-maniactide-foto-400x220.jpg 400w\" sizes=\"auto, (max-width: 602px) 100vw, 602px\" \/><\/a>Sf\u00e2r\u0219itul anului 2023 a adus cu sine trecerea la cele ve\u0219nice a preotului Lucian Manicatide, unul din<!--more--> ultimii oameni al unei genera\u021bii de preo\u021bi giurgiuveni pentru care credincio\u0219ii acestei urbe sau cei care l-au cunoscut vor avea un permanent respect. Dar dincolo de activitatea sa misionar\u0103 remarcabil\u0103, de cuno\u0219tin\u021bele teologice \u0219i de spiritul ales cu care a fost \u00eenzestrat, nu trebuie uitat c\u0103 p\u0103rintele Lucian Manicatide a f\u0103cut parte dintr-o genera\u021bie de preo\u021bi care au p\u0103storit giurgiuvenii cu cinste, responsabilitate, dragoste de oameni \u0219i fric\u0103 de Dumnezeu.<\/p>\n<p style=\"text-align: justify;\">Al\u0103turi de preo\u021bi precum Alexandru V\u0103t\u0103\u0219eanu, Marin-Marcel Croitoru, Ion Chioseaua, Traian Serghie, Stelian Ro\u0219ioru \u0219i al\u021bii, p\u0103rintele Lucian Manicatide a fost parte a unei genera\u021bii care a \u0219tiut \u0219i a reu\u0219it s\u0103 \u021bin\u0103 sus stindardul credin\u021bei, \u00een pofida vremurilor grele \u0219i de multe ori abrutizante pentru statutul de preot \u0219i pentru Biserica str\u0103mo\u0219easc\u0103. O genera\u021bie de preo\u021bi care, al\u0103turi de credincio\u0219i, a salvat \u2013 la modul propriu \u2013 biserici de la distrugere (iar bisericile Sf\u00e2nta Treime \u2013 Sm\u00e2rda sau Buna Vestire \u2013 Greceasc\u0103 sunt bune exemplu \u00een acest sens), a \u0219tiut s\u0103 duc\u0103 credin\u021ba mai departe, s\u0103 salveze obiceiurile \u0219i tradi\u021biile locului. A f\u0103cut parte din preo\u021bii care au \u0219tiut s\u0103 fie model clar \u0219i vizibil pentru enoria\u0219i, impun\u00e2ndu-se prin reale calit\u0103\u021bi intelectuale \u0219i pastorale, dar \u0219i morale \u0219i cet\u0103\u021bene\u0219ti. O genera\u021bie de preo\u021bi care a fost a\u0219a cum au fost \u00eentotdeauna preo\u021bii no\u0219tri: \u00een comunitate, cu comunitatea \u0219i pentru comunitate.<\/p>\n<p style=\"text-align: justify;\">Este o necesitate ca azi, c\u00e2nd cinul preo\u021besc are tot ce \u00ee\u0219i poate dori pentru a-\u0219i face datoria ob\u0219teasc\u0103, s\u0103 fac\u0103 tot posibilul pentru a nu uita de preo\u021bii, diaconii \u0219i c\u0103lug\u0103rii care au f\u0103cut ca ast\u0103zi Biserica Ortodox\u0103 Rom\u00e2n\u0103 s\u0103 fie ceea ce este: o institu\u021bie ce se confund\u0103 cu poporul rom\u00e2n \u0219i care se bucur\u0103 de cote constante de \u00eencredere din partea popula\u021biei. De a nu uita c\u0103 preo\u021bii genera\u021biei din care a f\u0103cut parte \u0219i p\u0103rintele Lucian Manicatide \u0219i-au f\u0103cut datoria prin chemare \u0219i devo\u021biune, indiferent de presiunile teribile care au fost f\u0103cute asupra lor sau familiilor lor. De a nu uita c\u0103 de\u0219i au slujit \u0219i p\u0103storit \u00eentr-o perioad\u0103 controversat\u0103, grea \u0219i asupritoare, au f\u0103cut tot ceea ce depindea de ei pentru a fi permanent reazem \u0219i ajutor pentru o popula\u021bie abrutizat\u0103 \u0219i presat\u0103 de un regim care \u00eencerca permanent s\u0103 o \u00eendep\u0103rteze de Dumnezeu.<\/p>\n<p class=\"LC20lb MBeuO DKV0Md\" style=\"text-align: center;\"><em><strong>Dr. Gabriel-Felician Croitoru<\/strong><\/em><\/p>\n","protected":false},"excerpt":{"rendered":"<p>Sf\u00e2r\u0219itul anului 2023 a adus cu sine trecerea la cele ve\u0219nice a preotului Lucian Manicatide, unul din<\/p>\n","protected":false},"author":1,"featured_media":0,"comment_status":"open","ping_status":"open","sticky":false,"template":"","format":"standard","meta":{"footnotes":""},"categories":[17],"tags":[],"class_list":["post-102321","post","type-post","status-publish","format-standard","hentry","category-remember"],"_links":{"self":[{"href":"https:\/\/www.giurgiuveanul.ro\/stiri\/wp-json\/wp\/v2\/posts\/102321","targetHints":{"allow":["GET"]}}],"collection":[{"href":"https:\/\/www.giurgiuveanul.ro\/stiri\/wp-json\/wp\/v2\/posts"}],"about":[{"href":"https:\/\/www.giurgiuveanul.ro\/stiri\/wp-json\/wp\/v2\/types\/post"}],"author":[{"embeddable":true,"href":"https:\/\/www.giurgiuveanul.ro\/stiri\/wp-json\/wp\/v2\/users\/1"}],"replies":[{"embeddable":true,"href":"https:\/\/www.giurgiuveanul.ro\/stiri\/wp-json\/wp\/v2\/comments?post=102321"}],"version-history":[{"count":0,"href":"https:\/\/www.giurgiuveanul.ro\/stiri\/wp-json\/wp\/v2\/posts\/102321\/revisions"}],"wp:attachment":[{"href":"https:\/\/www.giurgiuveanul.ro\/stiri\/wp-json\/wp\/v2\/media?parent=102321"}],"wp:term":[{"taxonomy":"category","embeddable":true,"href":"https:\/\/www.giurgiuveanul.ro\/stiri\/wp-json\/wp\/v2\/categories?post=102321"},{"taxonomy":"post_tag","embeddable":true,"href":"https:\/\/www.giurgiuveanul.ro\/stiri\/wp-json\/wp\/v2\/tags?post=102321"}],"curies":[{"name":"wp","href":"https:\/\/api.w.org\/{rel}","templated":true}]}}