{"id":102685,"date":"2024-01-12T14:07:22","date_gmt":"2024-01-12T12:07:22","guid":{"rendered":"https:\/\/www.giurgiuveanul.ro\/stiri\/?p=102685"},"modified":"2024-01-12T14:38:53","modified_gmt":"2024-01-12T12:38:53","slug":"pe-strazile-incluse-in-proiectul-de-mobilitate-urbana-a-inceput-montarea-semafoarelor-si-a-cosurilor-de-gunoi","status":"publish","type":"post","link":"https:\/\/www.giurgiuveanul.ro\/stiri\/pe-strazile-incluse-in-proiectul-de-mobilitate-urbana-a-inceput-montarea-semafoarelor-si-a-cosurilor-de-gunoi\/","title":{"rendered":"Pe str\u0103zile incluse \u00een proiectul de mobilitate urban\u0103&#8230; a \u00eenceput montarea semafoarelor \u0219i a co\u0219urilor de gunoi"},"content":{"rendered":"<p style=\"text-align: justify;\"><a href=\"https:\/\/www.giurgiuveanul.ro\/stiri\/wp-content\/uploads\/2024\/01\/00000000000000.jpg\"><img loading=\"lazy\" decoding=\"async\" class=\"aligncenter wp-image-102688\" src=\"https:\/\/www.giurgiuveanul.ro\/stiri\/wp-content\/uploads\/2024\/01\/00000000000000-404x450.jpg\" alt=\"\" width=\"584\" height=\"650\" srcset=\"https:\/\/www.giurgiuveanul.ro\/stiri\/wp-content\/uploads\/2024\/01\/00000000000000-404x450.jpg 404w, https:\/\/www.giurgiuveanul.ro\/stiri\/wp-content\/uploads\/2024\/01\/00000000000000-250x279.jpg 250w, https:\/\/www.giurgiuveanul.ro\/stiri\/wp-content\/uploads\/2024\/01\/00000000000000-400x446.jpg 400w, https:\/\/www.giurgiuveanul.ro\/stiri\/wp-content\/uploads\/2024\/01\/00000000000000.jpg 807w\" sizes=\"auto, (max-width: 584px) 100vw, 584px\" \/><\/a>A fost demarat\u0103<!--more--> procedura de montare a semafoarelor pe str\u0103zile incluse \u00een proiectul de mobilitate urban\u0103 aferent coridorului central al municipiului Giurgiu.<\/p>\n<p><a href=\"https:\/\/www.giurgiuveanul.ro\/stiri\/wp-content\/uploads\/2024\/01\/000000000000.jpg\"><img loading=\"lazy\" decoding=\"async\" class=\"aligncenter wp-image-102686\" src=\"https:\/\/www.giurgiuveanul.ro\/stiri\/wp-content\/uploads\/2024\/01\/000000000000-560x419.jpg\" alt=\"\" width=\"580\" height=\"434\" srcset=\"https:\/\/www.giurgiuveanul.ro\/stiri\/wp-content\/uploads\/2024\/01\/000000000000-560x419.jpg 560w, https:\/\/www.giurgiuveanul.ro\/stiri\/wp-content\/uploads\/2024\/01\/000000000000-250x187.jpg 250w, https:\/\/www.giurgiuveanul.ro\/stiri\/wp-content\/uploads\/2024\/01\/000000000000-768x574.jpg 768w, https:\/\/www.giurgiuveanul.ro\/stiri\/wp-content\/uploads\/2024\/01\/000000000000-400x299.jpg 400w, https:\/\/www.giurgiuveanul.ro\/stiri\/wp-content\/uploads\/2024\/01\/000000000000.jpg 1000w\" sizes=\"auto, (max-width: 580px) 100vw, 580px\" \/><\/a><\/p>\n<p>\u00cen paralel cu montarea semafoarelor \u0219i a sta\u021biilor pentru autobuze pe str\u0103zile incluse \u00een proiectele de mobilitate urban\u0103, sunt amplasate \u0219i co\u0219urile de gunoi.<\/p>\n<p style=\"text-align: justify;\">Pentru a nu induce \u00een eroare participan\u021bii la traficul rutier \u0219i pietonii, p\u00e2n\u0103 c\u00e2nd vor deveni func\u021bionale, semafoarele vor fi montate invers fa\u021b\u0103 de cum este normal, acestea urm\u00e2nd s\u0103 fie reconfigurate, potrivit Prim\u0103riei Municipiului Giurgiu.<\/p>\n<p><a href=\"https:\/\/www.giurgiuveanul.ro\/stiri\/wp-content\/uploads\/2024\/01\/0000-1.jpg\"><img loading=\"lazy\" decoding=\"async\" class=\"aligncenter wp-image-102687\" src=\"https:\/\/www.giurgiuveanul.ro\/stiri\/wp-content\/uploads\/2024\/01\/0000-1-557x450.jpg\" alt=\"\" width=\"584\" height=\"472\" srcset=\"https:\/\/www.giurgiuveanul.ro\/stiri\/wp-content\/uploads\/2024\/01\/0000-1-557x450.jpg 557w, https:\/\/www.giurgiuveanul.ro\/stiri\/wp-content\/uploads\/2024\/01\/0000-1-250x202.jpg 250w, https:\/\/www.giurgiuveanul.ro\/stiri\/wp-content\/uploads\/2024\/01\/0000-1-768x621.jpg 768w, https:\/\/www.giurgiuveanul.ro\/stiri\/wp-content\/uploads\/2024\/01\/0000-1-400x323.jpg 400w, https:\/\/www.giurgiuveanul.ro\/stiri\/wp-content\/uploads\/2024\/01\/0000-1.jpg 1000w\" sizes=\"auto, (max-width: 584px) 100vw, 584px\" \/><\/a><\/p>\n<p style=\"text-align: justify;\">\n","protected":false},"excerpt":{"rendered":"<p>A fost demarat\u0103<\/p>\n","protected":false},"author":1,"featured_media":0,"comment_status":"open","ping_status":"open","sticky":false,"template":"","format":"standard","meta":{"footnotes":""},"categories":[1],"tags":[],"class_list":["post-102685","post","type-post","status-publish","format-standard","hentry","category-actualitate"],"_links":{"self":[{"href":"https:\/\/www.giurgiuveanul.ro\/stiri\/wp-json\/wp\/v2\/posts\/102685","targetHints":{"allow":["GET"]}}],"collection":[{"href":"https:\/\/www.giurgiuveanul.ro\/stiri\/wp-json\/wp\/v2\/posts"}],"about":[{"href":"https:\/\/www.giurgiuveanul.ro\/stiri\/wp-json\/wp\/v2\/types\/post"}],"author":[{"embeddable":true,"href":"https:\/\/www.giurgiuveanul.ro\/stiri\/wp-json\/wp\/v2\/users\/1"}],"replies":[{"embeddable":true,"href":"https:\/\/www.giurgiuveanul.ro\/stiri\/wp-json\/wp\/v2\/comments?post=102685"}],"version-history":[{"count":0,"href":"https:\/\/www.giurgiuveanul.ro\/stiri\/wp-json\/wp\/v2\/posts\/102685\/revisions"}],"wp:attachment":[{"href":"https:\/\/www.giurgiuveanul.ro\/stiri\/wp-json\/wp\/v2\/media?parent=102685"}],"wp:term":[{"taxonomy":"category","embeddable":true,"href":"https:\/\/www.giurgiuveanul.ro\/stiri\/wp-json\/wp\/v2\/categories?post=102685"},{"taxonomy":"post_tag","embeddable":true,"href":"https:\/\/www.giurgiuveanul.ro\/stiri\/wp-json\/wp\/v2\/tags?post=102685"}],"curies":[{"name":"wp","href":"https:\/\/api.w.org\/{rel}","templated":true}]}}