{"id":10269,"date":"2013-12-28T09:56:19","date_gmt":"2013-12-28T07:56:19","guid":{"rendered":"https:\/\/www.giurgiuveanul.ro\/stiri\/?p=10269"},"modified":"2013-12-28T10:04:05","modified_gmt":"2013-12-28T08:04:05","slug":"la-multi-ani-frumosi-si-fericiti-domnule-doctor-stefan-cosmin-georgescu","status":"publish","type":"post","link":"https:\/\/www.giurgiuveanul.ro\/stiri\/la-multi-ani-frumosi-si-fericiti-domnule-doctor-stefan-cosmin-georgescu\/","title":{"rendered":"La Mul\u021bi Ani frumo\u0219i \u0219i ferici\u021bi, domnule doctor \u015etefan Cosmin Georgescu!"},"content":{"rendered":"<p style=\"text-align: justify;\"><a href=\"https:\/\/www.giurgiuveanul.ro\/stiri\/wp-content\/uploads\/2013\/12\/cosmin-georgescu.jpg\"><img loading=\"lazy\" decoding=\"async\" class=\"aligncenter size-large wp-image-10270\" alt=\"cosmin georgescu\" src=\"https:\/\/www.giurgiuveanul.ro\/stiri\/wp-content\/uploads\/2013\/12\/cosmin-georgescu-422x450.jpg\" width=\"422\" height=\"450\" srcset=\"https:\/\/www.giurgiuveanul.ro\/stiri\/wp-content\/uploads\/2013\/12\/cosmin-georgescu-422x450.jpg 422w, https:\/\/www.giurgiuveanul.ro\/stiri\/wp-content\/uploads\/2013\/12\/cosmin-georgescu-250x266.jpg 250w, https:\/\/www.giurgiuveanul.ro\/stiri\/wp-content\/uploads\/2013\/12\/cosmin-georgescu-400x426.jpg 400w, https:\/\/www.giurgiuveanul.ro\/stiri\/wp-content\/uploads\/2013\/12\/cosmin-georgescu.jpg 800w\" sizes=\"auto, (max-width: 422px) 100vw, 422px\" \/><\/a>Ieri, 27 decembrie 2013, a s\u0103rb\u0103torit ziua onomastic\u0103 iar ast\u0103zi, 28 decembrie 2013, doctorul \u015etefan Cosmin Georgescu, reputat medic \u015fi om al cet\u0103\u0163ii, \u00eempline\u015fte <!--more-->42 de ani.<\/p>\n<p style=\"text-align: justify;\">La ceas aniversar redac\u0163ia cotidianului \u201cGIURGIUVEANUL\u201d se al\u0103tur\u0103 familiei, prietenilor, corpului medical \u015fi pacien\u0163ilor dorindu-i domnului doctor \u015etefan Cosmin Georgescu mult\u0103 s\u0103n\u0103tate, bucurii al\u0103turi de cei dragi, multe \u00eempliniri spor \u015fi mul\u0163i, mul\u0163i ani \u00een slujba comunit\u0103\u0163ii!<\/p>\n<p style=\"text-align: justify;\">\u201eLa mul\u021bi ani frumo\u0219i \u0219i ferici\u021bi, domnule doctor \u00a0\u015etefan Cosmin Georgescu!\u201d<\/p>\n","protected":false},"excerpt":{"rendered":"<p>Ieri, 27 decembrie 2013, a s\u0103rb\u0103torit ziua onomastic\u0103 iar ast\u0103zi, 28 decembrie 2013, doctorul \u015etefan Cosmin Georgescu, reputat medic \u015fi om al cet\u0103\u0163ii, \u00eempline\u015fte<\/p>\n","protected":false},"author":2,"featured_media":0,"comment_status":"open","ping_status":"open","sticky":false,"template":"","format":"standard","meta":{"footnotes":""},"categories":[16],"tags":[],"class_list":["post-10269","post","type-post","status-publish","format-standard","hentry","category-astazi-e-ziua-ta"],"_links":{"self":[{"href":"https:\/\/www.giurgiuveanul.ro\/stiri\/wp-json\/wp\/v2\/posts\/10269","targetHints":{"allow":["GET"]}}],"collection":[{"href":"https:\/\/www.giurgiuveanul.ro\/stiri\/wp-json\/wp\/v2\/posts"}],"about":[{"href":"https:\/\/www.giurgiuveanul.ro\/stiri\/wp-json\/wp\/v2\/types\/post"}],"author":[{"embeddable":true,"href":"https:\/\/www.giurgiuveanul.ro\/stiri\/wp-json\/wp\/v2\/users\/2"}],"replies":[{"embeddable":true,"href":"https:\/\/www.giurgiuveanul.ro\/stiri\/wp-json\/wp\/v2\/comments?post=10269"}],"version-history":[{"count":0,"href":"https:\/\/www.giurgiuveanul.ro\/stiri\/wp-json\/wp\/v2\/posts\/10269\/revisions"}],"wp:attachment":[{"href":"https:\/\/www.giurgiuveanul.ro\/stiri\/wp-json\/wp\/v2\/media?parent=10269"}],"wp:term":[{"taxonomy":"category","embeddable":true,"href":"https:\/\/www.giurgiuveanul.ro\/stiri\/wp-json\/wp\/v2\/categories?post=10269"},{"taxonomy":"post_tag","embeddable":true,"href":"https:\/\/www.giurgiuveanul.ro\/stiri\/wp-json\/wp\/v2\/tags?post=10269"}],"curies":[{"name":"wp","href":"https:\/\/api.w.org\/{rel}","templated":true}]}}