{"id":103124,"date":"2024-02-09T11:36:26","date_gmt":"2024-02-09T09:36:26","guid":{"rendered":"https:\/\/www.giurgiuveanul.ro\/stiri\/?p=103124"},"modified":"2024-02-09T11:36:26","modified_gmt":"2024-02-09T09:36:26","slug":"in-aceasta-dimineata-o-autoutilitara-a-luat-foc-in-municipiul-giurgiu","status":"publish","type":"post","link":"https:\/\/www.giurgiuveanul.ro\/stiri\/in-aceasta-dimineata-o-autoutilitara-a-luat-foc-in-municipiul-giurgiu\/","title":{"rendered":"\u00cen aceast\u0103 diminea\u0163\u0103, o autoutilitar\u0103 a luat foc, \u00een municipiul Giurgiu"},"content":{"rendered":"<p style=\"text-align: justify;\"><strong><a href=\"https:\/\/www.giurgiuveanul.ro\/stiri\/wp-content\/uploads\/2024\/02\/000-autoutilitara-incendiu.jpg\"><img loading=\"lazy\" decoding=\"async\" class=\"aligncenter  wp-image-103125\" src=\"https:\/\/www.giurgiuveanul.ro\/stiri\/wp-content\/uploads\/2024\/02\/000-autoutilitara-incendiu-457x450.jpg\" alt=\"\" width=\"634\" height=\"625\" srcset=\"https:\/\/www.giurgiuveanul.ro\/stiri\/wp-content\/uploads\/2024\/02\/000-autoutilitara-incendiu-457x450.jpg 457w, https:\/\/www.giurgiuveanul.ro\/stiri\/wp-content\/uploads\/2024\/02\/000-autoutilitara-incendiu-250x246.jpg 250w, https:\/\/www.giurgiuveanul.ro\/stiri\/wp-content\/uploads\/2024\/02\/000-autoutilitara-incendiu-768x756.jpg 768w, https:\/\/www.giurgiuveanul.ro\/stiri\/wp-content\/uploads\/2024\/02\/000-autoutilitara-incendiu-400x394.jpg 400w, https:\/\/www.giurgiuveanul.ro\/stiri\/wp-content\/uploads\/2024\/02\/000-autoutilitara-incendiu.jpg 1020w\" sizes=\"auto, (max-width: 634px) 100vw, 634px\" \/><\/a>O autoutilitar\u0103 a luat foc, \u00een aceast\u0103 diminea\u021b\u0103, pe strada<!--more--> Dudului din municipiul Giurgiu. Aceasta era parcat\u0103 pe marginea drumului, \u00een spatele unui alt autoturism, informeaz\u0103 ISU Giurgiu.<\/strong><\/p>\n<p style=\"text-align: justify;\">Proprietarul, care se afla \u00een blocul din apropiere, a cobor\u00e2t imediat \u0219i a cerut ajutor.<\/p>\n<p style=\"text-align: justify;\">La caz s-au deplasat pompierii din cadrul Deta\u0219amentului Giurgiu, cu o autospecial\u0103 de stingere, o descarcerare \u0219i o ambulan\u021b\u0103 SMURD. Ace\u0219tia au constatat faptul c\u0103 ardea violent partea din fa\u021b\u0103 a autoutilitarei, fl\u0103c\u0103rile ajung\u00e2nd \u0219i la cealalt\u0103 ma\u0219in\u0103.<\/p>\n<p style=\"text-align: justify;\">Din fericire, nu au fost persoane r\u0103nite.<\/p>\n<p style=\"text-align: justify;\">Autoutilitara a ars \u00een propor\u021bie de 90%, iar la autoturism au ars bara \u0219i stopurile, s-a degradat haionul \u0219i s-a spart luneta.<\/p>\n<p style=\"text-align: justify;\">Cel mai probabil incendiul a fost provocat de un scurtcircuit.<\/p>\n<p style=\"text-align: justify;\">Informare preventiv\u0103:<br \/>\nPentru a preveni astfel de evenimente, recomand\u0103m respectarea urm\u0103toarelor m\u0103suri:<br \/>\n&#8211; verifica\u0163i instala\u0163ia electric\u0103: aceasta nu trebuie s\u0103 prezinte cabluri neizolate;<br \/>\n&#8211; nu face\u021bi improviza\u021bii la instala\u021bia electric\u0103;<br \/>\n&#8211; asigura\u0163i-v\u0103 c\u0103 echipamentele de iluminat electric nu sunt defecte sau neizolate;<br \/>\n&#8211; verifica\u0163i dac\u0103 apar eventuale scurgeri de carburan\u021bi sau lubrifian\u021bi;<br \/>\n&#8211; verifica\u021bi perioada de garan\u021bie a sting\u0103torului din autovehicul.<\/p>\n<p style=\"text-align: justify;\">Informa\u021bii despre modul de comportare \u00een cazul producerii unor situa\u021bii de urgen\u021b\u0103 pot fi ob\u021binute prin accesarea platformei na\u021bionale de preg\u0103tire \u00een situa\u021bii de urgen\u021b\u0103 https:\/\/fiipregatit.ro.<\/p>\n","protected":false},"excerpt":{"rendered":"<p>O autoutilitar\u0103 a luat foc, \u00een aceast\u0103 diminea\u021b\u0103, pe strada<\/p>\n","protected":false},"author":1,"featured_media":0,"comment_status":"open","ping_status":"open","sticky":false,"template":"","format":"standard","meta":{"footnotes":""},"categories":[1],"tags":[],"class_list":["post-103124","post","type-post","status-publish","format-standard","hentry","category-actualitate"],"_links":{"self":[{"href":"https:\/\/www.giurgiuveanul.ro\/stiri\/wp-json\/wp\/v2\/posts\/103124","targetHints":{"allow":["GET"]}}],"collection":[{"href":"https:\/\/www.giurgiuveanul.ro\/stiri\/wp-json\/wp\/v2\/posts"}],"about":[{"href":"https:\/\/www.giurgiuveanul.ro\/stiri\/wp-json\/wp\/v2\/types\/post"}],"author":[{"embeddable":true,"href":"https:\/\/www.giurgiuveanul.ro\/stiri\/wp-json\/wp\/v2\/users\/1"}],"replies":[{"embeddable":true,"href":"https:\/\/www.giurgiuveanul.ro\/stiri\/wp-json\/wp\/v2\/comments?post=103124"}],"version-history":[{"count":0,"href":"https:\/\/www.giurgiuveanul.ro\/stiri\/wp-json\/wp\/v2\/posts\/103124\/revisions"}],"wp:attachment":[{"href":"https:\/\/www.giurgiuveanul.ro\/stiri\/wp-json\/wp\/v2\/media?parent=103124"}],"wp:term":[{"taxonomy":"category","embeddable":true,"href":"https:\/\/www.giurgiuveanul.ro\/stiri\/wp-json\/wp\/v2\/categories?post=103124"},{"taxonomy":"post_tag","embeddable":true,"href":"https:\/\/www.giurgiuveanul.ro\/stiri\/wp-json\/wp\/v2\/tags?post=103124"}],"curies":[{"name":"wp","href":"https:\/\/api.w.org\/{rel}","templated":true}]}}