{"id":103405,"date":"2024-02-21T16:30:32","date_gmt":"2024-02-21T14:30:32","guid":{"rendered":"https:\/\/www.giurgiuveanul.ro\/stiri\/?p=103405"},"modified":"2024-02-21T16:33:58","modified_gmt":"2024-02-21T14:33:58","slug":"agentia-judeteana-pentru-plati-si-inspectie-sociala-giurgiu-primele-plati-pentru-beneficiarii-venitului-minim-de-incluziune","status":"publish","type":"post","link":"https:\/\/www.giurgiuveanul.ro\/stiri\/agentia-judeteana-pentru-plati-si-inspectie-sociala-giurgiu-primele-plati-pentru-beneficiarii-venitului-minim-de-incluziune\/","title":{"rendered":"Agen\u021bia Jude\u0163ean\u0103 pentru Pl\u0103\u0163i \u015fi Inspec\u0163ie Social\u0103 Giurgiu: PRIMELE PL\u0102\u021aI PENTRU BENEFICIARII VENITULUI MINIM DE INCLUZIUNE"},"content":{"rendered":"<p style=\"text-align: justify;\"><a href=\"https:\/\/www.giurgiuveanul.ro\/stiri\/wp-content\/uploads\/2024\/02\/000-greva-avertisment-AJPIS-Giurgiu.jpeg\"><img loading=\"lazy\" decoding=\"async\" class=\"aligncenter wp-image-103406\" src=\"https:\/\/www.giurgiuveanul.ro\/stiri\/wp-content\/uploads\/2024\/02\/000-greva-avertisment-AJPIS-Giurgiu-560x298.jpeg\" alt=\"\" width=\"588\" height=\"313\" srcset=\"https:\/\/www.giurgiuveanul.ro\/stiri\/wp-content\/uploads\/2024\/02\/000-greva-avertisment-AJPIS-Giurgiu-560x298.jpeg 560w, https:\/\/www.giurgiuveanul.ro\/stiri\/wp-content\/uploads\/2024\/02\/000-greva-avertisment-AJPIS-Giurgiu-250x133.jpeg 250w, https:\/\/www.giurgiuveanul.ro\/stiri\/wp-content\/uploads\/2024\/02\/000-greva-avertisment-AJPIS-Giurgiu-400x213.jpeg 400w, https:\/\/www.giurgiuveanul.ro\/stiri\/wp-content\/uploads\/2024\/02\/000-greva-avertisment-AJPIS-Giurgiu.jpeg 757w\" sizes=\"auto, (max-width: 588px) 100vw, 588px\" \/><\/a>3.546 \u2013 este<!--more--> num\u0103rul de beneficiari de venit minim de incluziune (familii \u0219i persoane singure), \u00a0\u00eenregistra\u021bi \u00een ianuarie 2024 \u00een baza de date a Agen\u021biei Jude\u021bene pentru Pl\u0103\u021bi \u0219i Inspec\u021bie Social\u0103 Giurgiu<\/p>\n<p style=\"text-align: justify;\">Ministerul Muncii \u0219i Solidarit\u0103\u021bii Sociale, prin Agen\u021bia Na\u021bional\u0103 pentru Pl\u0103\u021bi \u0219i Inspec\u021bie Social\u0103 \u0219i AJPIS Giurgiu, a \u00eenceput plata pentru beneficiarii de Venit Minim de Incluziune (VMI) care a intrat \u00een vigoare la 1 ianuarie 2024.<\/p>\n<p style=\"text-align: justify;\">Suma total\u0103 pl\u0103tit\u0103 de c\u0103tre AJPIS Giurgiu\u00a0 celor <strong>3.546 <\/strong>de beneficiari \u00een aceast\u0103 lun\u0103 este de\u00a0 <strong>2. 280. 233<\/strong> de lei.<\/p>\n<p style=\"text-align: justify;\">Calendarul pl\u0103\u021bilor pentru beneficiarii \u00eenregistra\u021bi p\u00e2n\u0103 acum (familii \u0219i persoane singure) este urm\u0103torul:<\/p>\n<p style=\"text-align: justify;\">&#8211; pe 20 februarie alimentarea conturilor pentru cei care au optat pentru \u00eencasarea VMI pe card;<\/p>\n<p style=\"text-align: justify;\">&#8211; \u00een ultima decad\u0103 a lunii (\u00eentre 22 februarie \u0219i ultima zi a lunii) se asigur\u0103 plata prin mandat po\u0219tal, conform conven\u021biei \u00eencheiate cu Po\u0219ta Rom\u00e2n\u0103.<\/p>\n<p style=\"text-align: justify;\">Venitul Minim de Incluziune (VMI) reprezint\u0103 un program unic de asisten\u021b\u0103 social\u0103, creat pentru a ajuta persoanele \u0219i familiile vulnerabile s\u0103 dep\u0103\u0219easc\u0103 obstacolele financiare pe care le \u00eent\u00e2mpin\u0103 \u0219i s\u0103-\u0219i \u00eembun\u0103t\u0103\u021beasc\u0103 via\u021ba. Acesta este un beneficiu prev\u0103zut \u00een Legea nr. 196\/2016 privind venitul minim de incluziune \u0219i are dou\u0103 componente: sprijin pentru incluziune \u0219i, respectiv, sprijin pentru familiile pentru copii.<\/p>\n<p style=\"text-align: justify;\">VMI \u00eenlocuie\u0219te presta\u021biile anterioare, respectiv, venitul minim garantat (VMG) \u0219i aloca\u021bia pentru sus\u021binerea familiei (ASF). M\u0103surile adoptate prin aceast\u0103 lege fac parte din Programul Na\u021bional de Redresare \u0219i Rezilien\u021b\u0103 (PNRR), capitolul 13 \u201dReforme sociale\u201d jalonul 384, av\u00e2nd scopul de a reduce s\u0103r\u0103cia \u00een r\u00e2ndul persoanelor vulnerabile, totodat\u0103 diminu\u00e2nd sarcinile administrative pentru administra\u021bia local\u0103 \u0219i beneficiari.<\/p>\n<p style=\"text-align: justify;\">\n<p style=\"text-align: center;\"><em><strong>Compartimentul Comunicare &#8211; Agen<\/strong><strong>\u021bia<\/strong><strong> Jude\u0163ean\u0103<\/strong><strong>\u00a0pentru Pl\u0103\u0163i \u015fi Inspec\u0163ie Social\u0103 Giurgiu<\/strong><\/em><\/p>\n<p style=\"text-align: justify;\">\n","protected":false},"excerpt":{"rendered":"<p>3.546 \u2013 este<\/p>\n","protected":false},"author":1,"featured_media":0,"comment_status":"open","ping_status":"open","sticky":false,"template":"","format":"standard","meta":{"footnotes":""},"categories":[1],"tags":[],"class_list":["post-103405","post","type-post","status-publish","format-standard","hentry","category-actualitate"],"_links":{"self":[{"href":"https:\/\/www.giurgiuveanul.ro\/stiri\/wp-json\/wp\/v2\/posts\/103405","targetHints":{"allow":["GET"]}}],"collection":[{"href":"https:\/\/www.giurgiuveanul.ro\/stiri\/wp-json\/wp\/v2\/posts"}],"about":[{"href":"https:\/\/www.giurgiuveanul.ro\/stiri\/wp-json\/wp\/v2\/types\/post"}],"author":[{"embeddable":true,"href":"https:\/\/www.giurgiuveanul.ro\/stiri\/wp-json\/wp\/v2\/users\/1"}],"replies":[{"embeddable":true,"href":"https:\/\/www.giurgiuveanul.ro\/stiri\/wp-json\/wp\/v2\/comments?post=103405"}],"version-history":[{"count":0,"href":"https:\/\/www.giurgiuveanul.ro\/stiri\/wp-json\/wp\/v2\/posts\/103405\/revisions"}],"wp:attachment":[{"href":"https:\/\/www.giurgiuveanul.ro\/stiri\/wp-json\/wp\/v2\/media?parent=103405"}],"wp:term":[{"taxonomy":"category","embeddable":true,"href":"https:\/\/www.giurgiuveanul.ro\/stiri\/wp-json\/wp\/v2\/categories?post=103405"},{"taxonomy":"post_tag","embeddable":true,"href":"https:\/\/www.giurgiuveanul.ro\/stiri\/wp-json\/wp\/v2\/tags?post=103405"}],"curies":[{"name":"wp","href":"https:\/\/api.w.org\/{rel}","templated":true}]}}