{"id":103497,"date":"2024-02-26T16:15:17","date_gmt":"2024-02-26T14:15:17","guid":{"rendered":"https:\/\/www.giurgiuveanul.ro\/stiri\/?p=103497"},"modified":"2024-02-26T16:15:31","modified_gmt":"2024-02-26T14:15:31","slug":"isu-giurgiu-saptamana-protectiei-civile-elevii-mai-pregatiti-alaturi-de-pompieri","status":"publish","type":"post","link":"https:\/\/www.giurgiuveanul.ro\/stiri\/isu-giurgiu-saptamana-protectiei-civile-elevii-mai-pregatiti-alaturi-de-pompieri\/","title":{"rendered":"ISU Giurgiu. S\u0103pt\u0103m\u00e2na Protec\u021biei Civile: Elevii, mai preg\u0103ti\u021bi, al\u0103turi de pompieri"},"content":{"rendered":"<p style=\"text-align: justify;\"><strong><a href=\"https:\/\/www.giurgiuveanul.ro\/stiri\/wp-content\/uploads\/2024\/02\/000-liceu-pompieri.jpg\"><img loading=\"lazy\" decoding=\"async\" class=\"aligncenter wp-image-103498\" src=\"https:\/\/www.giurgiuveanul.ro\/stiri\/wp-content\/uploads\/2024\/02\/000-liceu-pompieri-525x450.jpg\" alt=\"\" width=\"579\" height=\"496\" srcset=\"https:\/\/www.giurgiuveanul.ro\/stiri\/wp-content\/uploads\/2024\/02\/000-liceu-pompieri-525x450.jpg 525w, https:\/\/www.giurgiuveanul.ro\/stiri\/wp-content\/uploads\/2024\/02\/000-liceu-pompieri-250x214.jpg 250w, https:\/\/www.giurgiuveanul.ro\/stiri\/wp-content\/uploads\/2024\/02\/000-liceu-pompieri-768x658.jpg 768w, https:\/\/www.giurgiuveanul.ro\/stiri\/wp-content\/uploads\/2024\/02\/000-liceu-pompieri-400x343.jpg 400w, https:\/\/www.giurgiuveanul.ro\/stiri\/wp-content\/uploads\/2024\/02\/000-liceu-pompieri.jpg 1080w\" sizes=\"auto, (max-width: 579px) 100vw, 579px\" \/><\/a>\u201cS\u0103pt\u0103m\u00e2na Protec\u021biei Civile\u201d a<!--more--> debutat, ast\u0103zi, cu lec\u021bii de prim ajutor \u0219i ac\u021biuni de informare preventiv\u0103 la \u0218coala Gimnazial\u0103 nr. 1 \u0219i la Liceul Tehnologic \u201cDimitrie Bolintineanu\u201d din Bolintin Vale.<\/strong><\/p>\n<p style=\"text-align: justify;\">Paramedicii le-au vorbit elevilor despre obstruc\u021bia c\u0103ilor aeriene, fie cu alimente ingerate \u00een grab\u0103, fie cu diverse obiecte precum monezi, m\u0103rgele, agrafe, nasturi etc. Acestora li s-a reamintit faptul c\u0103 trebuie s\u0103 fie aten\u021bi atunci c\u00e2nd servesc masa, s\u0103 nu \u00eenghit\u0103 nemestecat, s\u0103 nu alerge \u0219i s\u0103 nu vorbeasc\u0103 \u00een timp ce m\u0103n\u00e2nc\u0103 pentru c\u0103 se pot \u00eeneca. Acordarea primului ajutor este foarte important\u0103 \u00een astfel de cazuri, iar manevrele trebuie efectuate corect, \u00een cel mai scurt timp.<\/p>\n<p style=\"text-align: justify;\"><strong><em>Cum poate fi ajutat un coleg care se \u00eeneac\u0103 cu alimente \u0219i este con\u0219tient?<\/em><\/strong> a fost una dintre \u00eentreb\u0103rile adresate de elevi. Ace\u0219tia au fost sf\u0103tui\u021bi:<\/p>\n<ul style=\"text-align: justify;\">\n<li><strong>s\u0103 \u00eencurajeze colegul s\u0103 tu\u0219easc\u0103 \u0219i s\u0103 \u00eel supravegheze \u00een permanen\u021b\u0103; <\/strong><\/li>\n<li><strong>s\u0103 cear\u0103 ajutorul unui adult \u0219i, \u00eempreun\u0103, <\/strong>s\u0103 apeleze num\u0103rul unic de urgen\u021b\u0103 112<strong>; <\/strong><\/li>\n<li><strong>s\u0103 aplice manevrele salvatoare, dac\u0103 ace\u0219tia le cunosc.<\/strong><\/li>\n<\/ul>\n<p style=\"text-align: justify;\">Elevii participan\u021bi au fost interesa\u021bi de cunoa\u0219terea metodelor de acordare a primului ajutor, activit\u0103\u021bile fiind interactive.<\/p>\n<p style=\"text-align: justify;\">Pompierii le-au vorbit elevilor \u0219i despre comportamentul \u00een cazul producerii unui incendiu \u00een incinta \u0219colii sau a unui cutremur.<\/p>\n<p style=\"text-align: justify;\"><strong>Sfaturi pentru elevi, \u00een caz de incendiu:<\/strong><\/p>\n<ol style=\"text-align: justify;\">\n<li>Anun\u021ba\u021bi incidentul primului adult pe care \u00eel \u00eent\u00e2lni\u021bi;<\/li>\n<li>P\u0103stra\u0163i-v\u0103 calmul!;<\/li>\n<li>P\u0103r\u0103si\u021bi cl\u0103direa sub supravegherea \u0219i \u00eendrumarea unui cadru didactic;<\/li>\n<li>Urma\u0163i c\u0103ile de evacuare marcate. Nu v\u0103 \u00eentoarce\u0163i spre locurile \u00een care se manifest\u0103 incendiul pentru a v\u0103 lua ghiozdanele sau alte obiecte de valoare! Via\u0163a este mai important\u0103!<\/li>\n<li>C\u00e2nd a\u0163i ajuns \u00een curte, \u00eendrepta\u0163i-v\u0103 spre locul de adunare marcat corespunz\u0103tor. Aici cadrele didactice fac prezen\u0163a.<\/li>\n<li>A\u015ftepta\u0163i interven\u021bia pompierilor!<\/li>\n<\/ol>\n<p style=\"text-align: justify;\"><strong>Sfaturi pentru elevi, \u00een caz de <\/strong><strong>cutremur:<\/strong><\/p>\n<p style=\"text-align: justify;\"><strong>Dac\u0103 v\u0103 afla\u021bi la \u0219coal\u0103: <\/strong><\/p>\n<ul style=\"text-align: justify;\">\n<li>adaposti\u021bi-v\u0103 sub pupitre \u0219i sta\u021bi departe de ferestre, de pere\u021bii exteriori sau de obiectele care v-ar putea r\u0103ni;<\/li>\n<li>proteja\u0163i-v\u0103 capul \u015fi fa\u0163a;<\/li>\n<li>nu ie\u0219i\u021bi din clas\u0103 \u00een timpul cutremurului;<\/li>\n<li>cadrul didactic va deschide u\u0219a clasei \u0219i se va proteja l\u00e2ng\u0103 un perete de rezisten\u021b\u0103<\/li>\n<li>ve\u021bi putea ie\u0219i dup\u0103 terminarea seismului \u0219i verificarea c\u0103ilor de evacuare.<\/li>\n<\/ul>\n<p style=\"text-align: justify;\"><strong>Dac\u0103 sunte\u021bi \u00een exteriorul cl\u0103dirii: <\/strong><\/p>\n<ul style=\"text-align: justify;\">\n<li>ad\u0103posti\u0163i-v\u0103 \u00eentr-un loc sigur, departe de ferestre, cl\u0103diri, poduri, cabluri electrice, copaci sau alte obiecte care v\u0103 pot r\u0103ni;<\/li>\n<li>sta\u0163i la cel pu\u0163in 10 m de cablurile electrice rupte sau c\u0103zute.<\/li>\n<\/ul>\n<p style=\"text-align: justify;\">\u00a0\u00a0\u00a0\u00a0\u00a0\u00a0\u00a0\u00a0\u00a0\u00a0 Pe timpul ac\u021biunilor, au fost distribuite materiale de informare preventiv\u0103, din cadrul campaniilor na\u021bionale.<\/p>\n<p style=\"text-align: justify;\">Compartimentul Informare \u0219i Rela\u021bii Publice<\/p>\n","protected":false},"excerpt":{"rendered":"<p>\u201cS\u0103pt\u0103m\u00e2na Protec\u021biei Civile\u201d a<\/p>\n","protected":false},"author":1,"featured_media":0,"comment_status":"open","ping_status":"open","sticky":false,"template":"","format":"standard","meta":{"footnotes":""},"categories":[1],"tags":[],"class_list":["post-103497","post","type-post","status-publish","format-standard","hentry","category-actualitate"],"_links":{"self":[{"href":"https:\/\/www.giurgiuveanul.ro\/stiri\/wp-json\/wp\/v2\/posts\/103497","targetHints":{"allow":["GET"]}}],"collection":[{"href":"https:\/\/www.giurgiuveanul.ro\/stiri\/wp-json\/wp\/v2\/posts"}],"about":[{"href":"https:\/\/www.giurgiuveanul.ro\/stiri\/wp-json\/wp\/v2\/types\/post"}],"author":[{"embeddable":true,"href":"https:\/\/www.giurgiuveanul.ro\/stiri\/wp-json\/wp\/v2\/users\/1"}],"replies":[{"embeddable":true,"href":"https:\/\/www.giurgiuveanul.ro\/stiri\/wp-json\/wp\/v2\/comments?post=103497"}],"version-history":[{"count":0,"href":"https:\/\/www.giurgiuveanul.ro\/stiri\/wp-json\/wp\/v2\/posts\/103497\/revisions"}],"wp:attachment":[{"href":"https:\/\/www.giurgiuveanul.ro\/stiri\/wp-json\/wp\/v2\/media?parent=103497"}],"wp:term":[{"taxonomy":"category","embeddable":true,"href":"https:\/\/www.giurgiuveanul.ro\/stiri\/wp-json\/wp\/v2\/categories?post=103497"},{"taxonomy":"post_tag","embeddable":true,"href":"https:\/\/www.giurgiuveanul.ro\/stiri\/wp-json\/wp\/v2\/tags?post=103497"}],"curies":[{"name":"wp","href":"https:\/\/api.w.org\/{rel}","templated":true}]}}