{"id":103523,"date":"2024-02-27T16:53:46","date_gmt":"2024-02-27T14:53:46","guid":{"rendered":"https:\/\/www.giurgiuveanul.ro\/stiri\/?p=103523"},"modified":"2024-02-27T16:53:46","modified_gmt":"2024-02-27T14:53:46","slug":"cum-se-emite-cardul-european-pentru-dizabilitate-si-ce-beneficii-aduce","status":"publish","type":"post","link":"https:\/\/www.giurgiuveanul.ro\/stiri\/cum-se-emite-cardul-european-pentru-dizabilitate-si-ce-beneficii-aduce\/","title":{"rendered":"Cum se emite Cardul European pentru Dizabilitate \u0219i ce beneficii aduce"},"content":{"rendered":"<p style=\"text-align: justify;\"><strong><a href=\"https:\/\/www.giurgiuveanul.ro\/stiri\/wp-content\/uploads\/2024\/02\/00000-Foto_Card_european_dizabilitate_23022024.jpg\"><img loading=\"lazy\" decoding=\"async\" class=\"aligncenter  wp-image-103524\" src=\"https:\/\/www.giurgiuveanul.ro\/stiri\/wp-content\/uploads\/2024\/02\/00000-Foto_Card_european_dizabilitate_23022024-537x450.jpg\" alt=\"\" width=\"622\" height=\"521\" srcset=\"https:\/\/www.giurgiuveanul.ro\/stiri\/wp-content\/uploads\/2024\/02\/00000-Foto_Card_european_dizabilitate_23022024-537x450.jpg 537w, https:\/\/www.giurgiuveanul.ro\/stiri\/wp-content\/uploads\/2024\/02\/00000-Foto_Card_european_dizabilitate_23022024-250x209.jpg 250w, https:\/\/www.giurgiuveanul.ro\/stiri\/wp-content\/uploads\/2024\/02\/00000-Foto_Card_european_dizabilitate_23022024-400x335.jpg 400w, https:\/\/www.giurgiuveanul.ro\/stiri\/wp-content\/uploads\/2024\/02\/00000-Foto_Card_european_dizabilitate_23022024.jpg 640w\" sizes=\"auto, (max-width: 622px) 100vw, 622px\" \/><\/a>Ministerul<!--more--> Muncii \u0219i Solidarit\u0103\u021bii Sociale, prin Autoritatea Na\u021bional\u0103 pentru Protec\u021bia Drepturilor Persoanelor cu Dizabilit\u0103\u021bi (ANPDPD), emite la cerere Cardul European pentru Dizabilitate.<\/strong><\/p>\n<p style=\"text-align: justify;\">\u00a0\u00cen acest an au fost emise 1.196 de carduri. Alte aproximativ 4.100 de cereri sunt \u00een curs de procesare.<\/p>\n<p style=\"text-align: justify;\">\u00a0Beneficii:<\/p>\n<p style=\"text-align: justify;\">\u00a0 \u00a0&#8211; transport gratuit cu mijloacele de transport \u00een comun;<\/p>\n<p style=\"text-align: justify;\">\u00a0 \u00a0&#8211; parcare gratuit\u0103;<\/p>\n<p style=\"text-align: justify;\">\u00a0 \u00a0&#8211; acces gratuit sau subven\u021bionat par\u021bial la evenimente culturale, sportive \u015fi de petrecere a timpului liber (\u00een func\u021bie de pachetele de beneficii stabilite de fiecare dintre Statele Membre participante). Cardul european vine \u00een completarea cardurilor na\u021bionale pentru persoanele cu dizabilit\u0103\u021bi \u0219i va fi acordat de c\u0103tre autorit\u0103\u021bile na\u021bionale pe baza propriilor criterii.<\/p>\n<p style=\"text-align: justify;\">Pentru moment, cardul poate fi utilizat \u00een statele membre ale Uniunii Europene: Slovenia, Cipru, Belgia, Italia, Estonia, Finlanda, Malta \u0219i Rom\u00e2nia.<\/p>\n<p style=\"text-align: justify;\">\u00a0\u201eAccesibilitatea, drepturile cet\u0103\u021benilor, calitatea vie\u021bii, accesul egal \u0219i nediscriminarea \u0219i promovarea drepturilor persoanelor cu dizabilit\u0103\u021bi sunt importante pentru Rom\u00e2nia \u0219i Uniunea European\u0103. Recunoa\u0219terea reciproc\u0103 \u00eentre Statele Membre a statutului de persoan\u0103 cu dizabilit\u0103\u021bi, prin Cardul European pentru Dizabilitate, este un pas absolut necesar pentru a \u00eembun\u0103t\u0103\u021bi calitatea vie\u021bii acestor oameni\u201d, a declarat ministrul Simona Bucura &#8211; Oprescu.<\/p>\n<p style=\"text-align: justify;\">\u00a0Pentru a ob\u021bine Cardul European pentru Dizabilitate, persoanele interesate au nevoie de:<\/p>\n<p style=\"text-align: justify;\">\u00a0 \u00a0&#8211; cerere de \u00eenscriere disponibil\u0103 la link-ul:<\/p>\n<p style=\"text-align: justify;\"><strong><a href=\"http:\/\/dizab.eurocard.gov.ro\/\">Cardul European pentru Dizabilitate &#8211; Acasa (gov.ro)<\/a><\/strong><\/p>\n<p style=\"text-align: justify;\">\u00a0\u00a0 &#8211; fotografie recent\u0103 (tip buletin).<\/p>\n<p style=\"text-align: justify;\">\u00a0\u00censcrierea se poate realiza:<\/p>\n<p style=\"text-align: justify;\">\u00a0\u00a0 \u00a0&#8211; electronic &#8211; prin trimiterea documentelor scanate pe adresa de e-mail a Direc\u021biei Generale pentru Asisten\u021b\u0103 Social\u0103 \u0219i Protec\u021bia Copilului (DGASPC) din jude\u021bul sau sectorul de domiciliu;<\/p>\n<p style=\"text-align: justify;\">\u00a0\u00a0 \u00a0&#8211; personal sau prin reprezentant \u2013 prin depunerea documentelor la sediul DGASPC din jude\u021bul sau sectorul de domiciliu.<\/p>\n","protected":false},"excerpt":{"rendered":"<p>Ministerul<\/p>\n","protected":false},"author":1,"featured_media":0,"comment_status":"open","ping_status":"open","sticky":false,"template":"","format":"standard","meta":{"footnotes":""},"categories":[1],"tags":[],"class_list":["post-103523","post","type-post","status-publish","format-standard","hentry","category-actualitate"],"_links":{"self":[{"href":"https:\/\/www.giurgiuveanul.ro\/stiri\/wp-json\/wp\/v2\/posts\/103523","targetHints":{"allow":["GET"]}}],"collection":[{"href":"https:\/\/www.giurgiuveanul.ro\/stiri\/wp-json\/wp\/v2\/posts"}],"about":[{"href":"https:\/\/www.giurgiuveanul.ro\/stiri\/wp-json\/wp\/v2\/types\/post"}],"author":[{"embeddable":true,"href":"https:\/\/www.giurgiuveanul.ro\/stiri\/wp-json\/wp\/v2\/users\/1"}],"replies":[{"embeddable":true,"href":"https:\/\/www.giurgiuveanul.ro\/stiri\/wp-json\/wp\/v2\/comments?post=103523"}],"version-history":[{"count":0,"href":"https:\/\/www.giurgiuveanul.ro\/stiri\/wp-json\/wp\/v2\/posts\/103523\/revisions"}],"wp:attachment":[{"href":"https:\/\/www.giurgiuveanul.ro\/stiri\/wp-json\/wp\/v2\/media?parent=103523"}],"wp:term":[{"taxonomy":"category","embeddable":true,"href":"https:\/\/www.giurgiuveanul.ro\/stiri\/wp-json\/wp\/v2\/categories?post=103523"},{"taxonomy":"post_tag","embeddable":true,"href":"https:\/\/www.giurgiuveanul.ro\/stiri\/wp-json\/wp\/v2\/tags?post=103523"}],"curies":[{"name":"wp","href":"https:\/\/api.w.org\/{rel}","templated":true}]}}