{"id":103694,"date":"2024-03-04T10:13:52","date_gmt":"2024-03-04T08:13:52","guid":{"rendered":"https:\/\/www.giurgiuveanul.ro\/stiri\/?p=103694"},"modified":"2024-03-04T10:13:52","modified_gmt":"2024-03-04T08:13:52","slug":"comunicat-de-presa-asociatia-impreuna-impotriva-obezitatii","status":"publish","type":"post","link":"https:\/\/www.giurgiuveanul.ro\/stiri\/comunicat-de-presa-asociatia-impreuna-impotriva-obezitatii\/","title":{"rendered":"Comunicat de pres\u0103 &#8211; Asocia\u0163ia \u00cempreun\u0103 \u00cempotriva Obezit\u0103\u0163ii"},"content":{"rendered":"<p style=\"text-align: justify;\"><strong><a href=\"https:\/\/www.giurgiuveanul.ro\/stiri\/wp-content\/uploads\/2024\/03\/000-obezi-.jpg\"><img loading=\"lazy\" decoding=\"async\" class=\"aligncenter  wp-image-103695\" src=\"https:\/\/www.giurgiuveanul.ro\/stiri\/wp-content\/uploads\/2024\/03\/000-obezi--560x373.jpg\" alt=\"\" width=\"584\" height=\"389\" srcset=\"https:\/\/www.giurgiuveanul.ro\/stiri\/wp-content\/uploads\/2024\/03\/000-obezi--560x373.jpg 560w, https:\/\/www.giurgiuveanul.ro\/stiri\/wp-content\/uploads\/2024\/03\/000-obezi--250x166.jpg 250w, https:\/\/www.giurgiuveanul.ro\/stiri\/wp-content\/uploads\/2024\/03\/000-obezi--768x511.jpg 768w, https:\/\/www.giurgiuveanul.ro\/stiri\/wp-content\/uploads\/2024\/03\/000-obezi--400x266.jpg 400w, https:\/\/www.giurgiuveanul.ro\/stiri\/wp-content\/uploads\/2024\/03\/000-obezi-.jpg 1080w\" sizes=\"auto, (max-width: 584px) 100vw, 584px\" \/><\/a>59% din popula\u021bia adult\u0103 din Rom\u00e2nia are<!--more--> un indice de mas\u0103 corporal\u0103 corespunz\u0103tor supraponderalit\u0103\u021bii \u0219i obezit\u0103\u021bii, iar acest procent cre\u0219te cu 2.1% anual. \u0218i mai \u00eengrijor\u0103tor, rata obezit\u0103\u021bii \u00een r\u00e2ndul copiilor cre\u0219te accelerat, cu 5.6% anual.<\/strong><\/p>\n<p style=\"text-align: justify;\">35% dintre adul\u021bii din Rom\u00e2nia tr\u0103iesc cu obezitate, lucru care plaseaz\u0103 \u021bara noastr\u0103 \u00een categoria \u021b\u0103rilor cu prevalen\u021b\u0103 foarte mare a acestei boli. Se estimeaz\u0103 c\u0103 prevalen\u021ba obezit\u0103\u021bii la adul\u021bi va cre\u0219te anual cu 2.1% \u00een perioada 2020-2035. Mai \u00eengrijor\u0103tor este faptul c\u0103 procentul de cre\u0219tere a prevalen\u021bei obezit\u0103\u021bii \u00een cazul copiilor va fi de 5.6% anual, un procent care ne plaseaz\u0103, din nou, \u00een categoria de risc foarte ridicat.<\/p>\n<p style=\"text-align: justify;\">Aceste cifre \u00eengrijor\u0103toare sunt confirmate de statisticile publicate de Eurostat, conform c\u0103rora Rom\u00e2nia are un procent de 59% din popula\u021bie cu un indice de mas\u0103 corporal\u0103* mai mare de 25, corespunz\u0103tor supraponderalit\u0103\u021bii \u0219i obezit\u0103\u021bii. Acest procent este considerabil mai mare dec\u00e2t media \u021b\u0103rilor din Uniunea European\u0103, Norvegia, Serbia \u0219i Turcia (52.7%) \u0219i este dep\u0103\u0219it de doar trei \u021b\u0103ri europene: Croa\u021bia, Ungaria \u0219i Republica Ceh\u0103.<\/p>\n<p style=\"text-align: justify;\">La nivel global se estimeaz\u0103 c\u0103 majoritatea popula\u021biei (51% sau peste 4 miliarde de oameni) va tr\u0103i fie cu supraponderalitate, fie cu obezitate p\u00e2n\u0103 \u00een 2035, dac\u0103 tendin\u021bele actuale vor continua.<\/p>\n<p style=\"text-align: justify;\">Ziua Mondial\u0103 a Obezit\u0103\u021bii, care are loc anual pe 4 martie, este un prilej pentru organiza\u021biile persoanelor cu obezitate, furnizorii de servicii medicale \u0219i persoanele care tr\u0103iesc cu obezitate din Rom\u00e2nia s\u0103 atrag\u0103 aten\u021bia asupra epidemiei de obezitate \u00een cre\u0219tere din Europa \u0219i asupra necesit\u0103\u021bii unor programe de preven\u021bie \u0219i tratament pentru aceast\u0103 boal\u0103. Asocia\u021bia \u00cempreun\u0103 \u00cempotriva Obezit\u0103\u021bii, asocia\u021bie noi \u00eenfiin\u021bat\u0103 \u0219i membr\u0103 a Coali\u021biei Europene pentru Persoanele care tr\u0103iesc cu Obezitate (European Coalition for People living with Obesity &#8211; ECPO), se al\u0103tur\u0103 acestor voci care sus\u021bin nevoia de a aborda cu mult mai mult\u0103 responsabilitate problema bolii pe care Organiza\u021bia Mondial\u0103 a S\u0103n\u0103t\u0103\u021bii o nume\u0219te una dintre cele mai mari provoc\u0103ri de s\u0103n\u0103tate public\u0103 ale secolului XXI. Supraponderalitatea \u0219i obezitatea sunt factori de risc cheie pentru boli cronice netransmisibile precum: diabetul zaharat de tip 2, bolile cardiovasculare, hipertensiunea arterial\u0103, dislipidemia, osteoartrita, accidentul vascular cerebral, precum \u0219i anumite tipuri de cancer.<\/p>\n<p style=\"text-align: justify;\">Persoanele care tr\u0103iesc cu obezitate sunt \u00een mod constant stigmatizate \u0219i \u00eenvinuite pentru boala lor. Acest lucru se datoreaz\u0103 \u0219i faptului c\u0103 mul\u021bi oameni, inclusiv personalul medical, mass-media \u0219i factorii de decizie, nu \u00een\u021beleg c\u0103 obezitatea este o boal\u0103 cronic\u0103 complex\u0103.<\/p>\n<p style=\"text-align: justify;\">Obezitatea este de prea multe ori v\u0103zut\u0103 la noi \u00een \u021bar\u0103 ca rezultat al lipsei de voin\u021b\u0103, lenei sau al refuzului de a \u201em\u00e2nca mai pu\u021bin \u0219i de a ne mi\u0219ca mai mult\u201d. Dar, la fel ca pentru toate bolile cronice, cauzele obezit\u0103\u021bii sunt mult mai profunde. Ele pot fi \u0219i genetice, psihologice, socioculturale, economice sau de mediu. Este timpul s\u0103\u00a0 reevalu\u0103m felul \u00een care vedem aceast\u0103 boal\u0103 cronic\u0103 complex\u0103, care afecteaz\u0103 650 de milioane de oameni din \u00eentreaga lume.<\/p>\n<p style=\"text-align: justify;\">Campania european\u0103, parte a Zilei Mondiale a Obezit\u0103\u021bii, este o ini\u021biativ\u0103 a Coali\u021biei Europene pentru Persoanele care tr\u0103iesc cu Obezitate (ECPO). Oamenii din toate categoriile sociale, \u00eempreun\u0103 cu profesioni\u0219tii din s\u0103n\u0103tate \u0219i reprezentan\u021bia ia autorit\u0103\u021bilor, sunt \u00eencuraja\u021bi s\u0103 participe la crearea unei mai mari con\u0219tientiz\u0103ri \u0219i la deschiderea unui dialog deschis despre obezitate.<\/p>\n<p style=\"text-align: justify;\">Mai multe detalii despre Ziua Mondial\u0103 a Obezit\u0103\u021bii, dar \u0219i despre obezitate, prevenirea \u0219i tratamentul acesteia, sunt disponibile pe site-ul web al Zilei Mondiale a Obezit\u0103\u021bii \u00een Europa: <a href=\"http:\/\/www.woday.eu\">www.woday.eu<\/a> \u0219i pe site-ul ECPO: <a href=\"https:\/\/eurobesity.org\/\">https:\/\/eurobesity.org\/<\/a>.<\/p>\n<p style=\"text-align: justify;\">* Conform ECPO, Indicele de Mas\u0103 Corporal\u0103 (IMC) este standardul prin care se stabile\u0219te grupa de obezitate \u00een care se \u00eencadreaz\u0103 o persoan\u0103, dar care nu \u00eenlocuie\u0219te o examinare medical\u0103 \u0219i nici nu pune un diagnostic. IMC (sau BMI \u00een limba englez\u0103) se calculeaz\u0103 \u00eemp\u0103r\u021bind greutatea unei persoane (\u00een kilograme) la p\u0103tratul \u00een\u0103l\u021bimii sale (\u00een metri). O persoan\u0103 cu un IMC de 30 sau mai mult este, \u00een general, considerat\u0103 a tr\u0103i cu obezitate. O persoan\u0103 cu un IMC egal sau mai mare de 25 este considerat\u0103 supraponderal\u0103.<\/p>\n","protected":false},"excerpt":{"rendered":"<p>59% din popula\u021bia adult\u0103 din Rom\u00e2nia are<\/p>\n","protected":false},"author":1,"featured_media":0,"comment_status":"open","ping_status":"open","sticky":false,"template":"","format":"standard","meta":{"footnotes":""},"categories":[20],"tags":[],"class_list":["post-103694","post","type-post","status-publish","format-standard","hentry","category-buna-dimineata-giurgiu"],"_links":{"self":[{"href":"https:\/\/www.giurgiuveanul.ro\/stiri\/wp-json\/wp\/v2\/posts\/103694","targetHints":{"allow":["GET"]}}],"collection":[{"href":"https:\/\/www.giurgiuveanul.ro\/stiri\/wp-json\/wp\/v2\/posts"}],"about":[{"href":"https:\/\/www.giurgiuveanul.ro\/stiri\/wp-json\/wp\/v2\/types\/post"}],"author":[{"embeddable":true,"href":"https:\/\/www.giurgiuveanul.ro\/stiri\/wp-json\/wp\/v2\/users\/1"}],"replies":[{"embeddable":true,"href":"https:\/\/www.giurgiuveanul.ro\/stiri\/wp-json\/wp\/v2\/comments?post=103694"}],"version-history":[{"count":0,"href":"https:\/\/www.giurgiuveanul.ro\/stiri\/wp-json\/wp\/v2\/posts\/103694\/revisions"}],"wp:attachment":[{"href":"https:\/\/www.giurgiuveanul.ro\/stiri\/wp-json\/wp\/v2\/media?parent=103694"}],"wp:term":[{"taxonomy":"category","embeddable":true,"href":"https:\/\/www.giurgiuveanul.ro\/stiri\/wp-json\/wp\/v2\/categories?post=103694"},{"taxonomy":"post_tag","embeddable":true,"href":"https:\/\/www.giurgiuveanul.ro\/stiri\/wp-json\/wp\/v2\/tags?post=103694"}],"curies":[{"name":"wp","href":"https:\/\/api.w.org\/{rel}","templated":true}]}}