{"id":103739,"date":"2024-03-06T08:59:14","date_gmt":"2024-03-06T06:59:14","guid":{"rendered":"https:\/\/www.giurgiuveanul.ro\/stiri\/?p=103739"},"modified":"2024-03-06T08:59:14","modified_gmt":"2024-03-06T06:59:14","slug":"nicolae-ciuca-inaintea-congresului-ppe-despre-apartenenta-romaniei-la-ue-daca-ne-referim-la-pib-ul-per-capita-raportat-la-paritatea-puterii-de-cumparare-fata-de-media-europeana-in-2007-ne","status":"publish","type":"post","link":"https:\/\/www.giurgiuveanul.ro\/stiri\/nicolae-ciuca-inaintea-congresului-ppe-despre-apartenenta-romaniei-la-ue-daca-ne-referim-la-pib-ul-per-capita-raportat-la-paritatea-puterii-de-cumparare-fata-de-media-europeana-in-2007-ne\/","title":{"rendered":"Nicolae Ciuc\u0103, \u00eenaintea congresului PPE, despre apartenen\u021ba Rom\u00e2niei la UE: \u201cDac\u0103 ne referim la PIB-ul per capita raportat la paritatea puterii de cump\u0103rare fa\u0163\u0103 de media european\u0103, \u00een 2007 ne g\u0103seam la 40%, iar ast\u0103zi Rom\u00e2nia este la 80%\u201d"},"content":{"rendered":"<p style=\"text-align: justify;\"><a href=\"https:\/\/www.giurgiuveanul.ro\/stiri\/wp-content\/uploads\/2024\/03\/WhatsApp-Image-2024-03-05-at-16.56.28-1-1068x712-1.jpeg\"><img loading=\"lazy\" decoding=\"async\" class=\"aligncenter  wp-image-103740\" src=\"https:\/\/www.giurgiuveanul.ro\/stiri\/wp-content\/uploads\/2024\/03\/WhatsApp-Image-2024-03-05-at-16.56.28-1-1068x712-1-560x358.jpeg\" alt=\"\" width=\"583\" height=\"373\" srcset=\"https:\/\/www.giurgiuveanul.ro\/stiri\/wp-content\/uploads\/2024\/03\/WhatsApp-Image-2024-03-05-at-16.56.28-1-1068x712-1-560x358.jpeg 560w, https:\/\/www.giurgiuveanul.ro\/stiri\/wp-content\/uploads\/2024\/03\/WhatsApp-Image-2024-03-05-at-16.56.28-1-1068x712-1-250x160.jpeg 250w, https:\/\/www.giurgiuveanul.ro\/stiri\/wp-content\/uploads\/2024\/03\/WhatsApp-Image-2024-03-05-at-16.56.28-1-1068x712-1-768x490.jpeg 768w, https:\/\/www.giurgiuveanul.ro\/stiri\/wp-content\/uploads\/2024\/03\/WhatsApp-Image-2024-03-05-at-16.56.28-1-1068x712-1-400x255.jpeg 400w, https:\/\/www.giurgiuveanul.ro\/stiri\/wp-content\/uploads\/2024\/03\/WhatsApp-Image-2024-03-05-at-16.56.28-1-1068x712-1.jpeg 963w\" sizes=\"auto, (max-width: 583px) 100vw, 583px\" \/><\/a>\u201cSemnul sub care se desf\u0103\u015foar\u0103 acest congres este<!--more--> unul al unit\u0103\u0163ii, este unul al solidarit\u0103\u0163ii \u015fi este unul al deciziilor pe care trebuie s\u0103 le lu\u0103m pentru cet\u0103\u0163enii Europei, pentru cet\u0103\u0163enii Rom\u00e2niei, pentru tot ceea ce \u00eenseamn\u0103 siguran\u0163a \u015fi securitatea \u00een perioada imediat urm\u0103toare, pe termen mediu \u015fi, de ce nu, deciziile la un astfel de congres trebuie s\u0103 vizeze obiective pe termen lung.\u201d<\/p>\n<p style=\"text-align: justify;\">\u201cM\u0103 bucur foarte mult c\u0103 am primit aceast\u0103 decizie, ca Partidul Popular European s\u0103 desf\u0103\u015foare \u00een urm\u0103toarele trei zile congresul popularilor europeni aici \u00een Bucure\u015fti. Este un semn de recunoa\u015ftere a importan\u0163ei pe care Partidul Na\u0163ional Liberal o reprezint\u0103 \u00een interiorul familiei popularilor europeni, \u00een familia de centru dreapta a politicii europene.<\/p>\n<p style=\"text-align: justify;\">\u015ei \u00een acela\u015fi timp este un semn de recunoa\u015ftere a relevan\u0163ei pe care Rom\u00e2nia o are pentru tot ceea ce \u00eenseamn\u0103 solidaritatea, unitatea \u015fi m\u0103surile, deciziile care vor fi luate pentru viitorul Europei.\u201d<\/p>\n<p style=\"text-align: justify;\">\u201eM\u0103surile pentru care europarlamentarii no\u015ftri au negociat \u015fi pentru care au reu\u015fit s\u0103 ob\u0163in\u0103 rezultate \u00een ceea ce \u00eenseamn\u0103 sprijinirea economiei rom\u00e2ne\u015fti, sprijinirea fermierilor, sprijinirea industriei autohtone, a mediului de afaceri autohton (&#8230;) sunt dezideratele Congresului EPP. Acestea se refer\u0103 la trei chestiuni foarte importante. \u015ei anume, discut\u0103m despre modul \u00een care vom reu\u015fi s\u0103 lu\u0103m decizii pentru a sus\u0163ine cet\u0103\u0163enii Uniunii Europene, cet\u0103\u0163enii Rom\u00e2niei, pentru c\u0103 aici este munca noastr\u0103, implicarea, responsabilitatea noastr\u0103 ca membri ai familiei populare s\u0103 facem tot ceea ce depinde de noi pentru a sprijini cet\u0103\u0163enii Rom\u00e2niei \u015fi a le da \u00eencrederea \u00een m\u0103surile \u015fi \u00een politica de centru dreapta, \u00een politica liberal\u0103. De asemenea, discut\u0103m de modul \u00een care\u2026al doilea deziderat, modul \u00een care prezerv\u0103m valorile politicilor de centru dreapta. \u015ei am v\u0103zut c\u0103 ele nu au avut alt obiectiv acela de a crea dezvoltare, de a crea progres \u015fi de a genera bun\u0103stare. \u015ei nu \u00een ultimul r\u00e2nd, cel de-al treilea deziderat (&#8230;)acela de a asigura securitatea intern\u0103 \u015fi extern\u0103 a Uniunii Europene \u015fi a fiec\u0103rei \u0163\u0103ri \u00een parte.\u201d<\/p>\n<p style=\"text-align: justify;\">\u201eCeea ce este cel mai important de subliniat este c\u0103 trebuie s\u0103 ne aducem aminte c\u0103 \u00een 2007 Rom\u00e2nia a devenit membru cu drepturi depline a Uniunii Europene (&#8230;) \u015ei a\u015f vrea s\u0103 v\u0103 dau doar o singur\u0103 cifr\u0103, \u015fi anume, dac\u0103 ne referim la PIB-ul per capita raportat la paritatea puterii de cump\u0103rare fa\u0163\u0103 de media european\u0103, \u00een 2007 ne g\u0103seam la 40%, ast\u0103zi Rom\u00e2nia este la 80% \u015fi sunt perspective \u015fi avem poten\u0163ial s\u0103 putem s\u0103 cre\u015ftem \u00een continuare.\u201d<\/p>\n","protected":false},"excerpt":{"rendered":"<p>\u201cSemnul sub care se desf\u0103\u015foar\u0103 acest congres este<\/p>\n","protected":false},"author":1,"featured_media":0,"comment_status":"open","ping_status":"open","sticky":false,"template":"","format":"standard","meta":{"footnotes":""},"categories":[1],"tags":[],"class_list":["post-103739","post","type-post","status-publish","format-standard","hentry","category-actualitate"],"_links":{"self":[{"href":"https:\/\/www.giurgiuveanul.ro\/stiri\/wp-json\/wp\/v2\/posts\/103739","targetHints":{"allow":["GET"]}}],"collection":[{"href":"https:\/\/www.giurgiuveanul.ro\/stiri\/wp-json\/wp\/v2\/posts"}],"about":[{"href":"https:\/\/www.giurgiuveanul.ro\/stiri\/wp-json\/wp\/v2\/types\/post"}],"author":[{"embeddable":true,"href":"https:\/\/www.giurgiuveanul.ro\/stiri\/wp-json\/wp\/v2\/users\/1"}],"replies":[{"embeddable":true,"href":"https:\/\/www.giurgiuveanul.ro\/stiri\/wp-json\/wp\/v2\/comments?post=103739"}],"version-history":[{"count":0,"href":"https:\/\/www.giurgiuveanul.ro\/stiri\/wp-json\/wp\/v2\/posts\/103739\/revisions"}],"wp:attachment":[{"href":"https:\/\/www.giurgiuveanul.ro\/stiri\/wp-json\/wp\/v2\/media?parent=103739"}],"wp:term":[{"taxonomy":"category","embeddable":true,"href":"https:\/\/www.giurgiuveanul.ro\/stiri\/wp-json\/wp\/v2\/categories?post=103739"},{"taxonomy":"post_tag","embeddable":true,"href":"https:\/\/www.giurgiuveanul.ro\/stiri\/wp-json\/wp\/v2\/tags?post=103739"}],"curies":[{"name":"wp","href":"https:\/\/api.w.org\/{rel}","templated":true}]}}