{"id":103742,"date":"2024-03-06T09:06:07","date_gmt":"2024-03-06T07:06:07","guid":{"rendered":"https:\/\/www.giurgiuveanul.ro\/stiri\/?p=103742"},"modified":"2024-03-06T09:06:07","modified_gmt":"2024-03-06T07:06:07","slug":"manfred-weber-ppe-unul-dintre-principalele-motive-pentru-care-am-ales-romania-este-pentru-cei-doi-lideri-extrem-de-importanti-nicolae-ciuca-si-presedintele-iohannis-momentul-in-care-nicolae-ciuca","status":"publish","type":"post","link":"https:\/\/www.giurgiuveanul.ro\/stiri\/manfred-weber-ppe-unul-dintre-principalele-motive-pentru-care-am-ales-romania-este-pentru-cei-doi-lideri-extrem-de-importanti-nicolae-ciuca-si-presedintele-iohannis-momentul-in-care-nicolae-ciuca\/","title":{"rendered":"Manfred Weber, PPE: Unul dintre principalele motive pentru care am ales Rom\u00e2nia este pentru cei doi lideri extrem de importan\u0163i, Nicolae Ciuc\u0103 \u015fi pre\u015fedintele Iohannis. Momentul \u00een care Nicolae Ciuc\u0103 a fost premierul Rom\u00e2niei, cre\u015fterea economic\u0103 a fost evident\u0103, impresionant\u0103"},"content":{"rendered":"<p style=\"text-align: justify;\"><a href=\"https:\/\/www.giurgiuveanul.ro\/stiri\/wp-content\/uploads\/2024\/03\/520441.jpg\"><img loading=\"lazy\" decoding=\"async\" class=\"aligncenter  wp-image-103743\" src=\"https:\/\/www.giurgiuveanul.ro\/stiri\/wp-content\/uploads\/2024\/03\/520441-560x346.jpg\" alt=\"\" width=\"586\" height=\"362\" srcset=\"https:\/\/www.giurgiuveanul.ro\/stiri\/wp-content\/uploads\/2024\/03\/520441-560x346.jpg 560w, https:\/\/www.giurgiuveanul.ro\/stiri\/wp-content\/uploads\/2024\/03\/520441-250x155.jpg 250w, https:\/\/www.giurgiuveanul.ro\/stiri\/wp-content\/uploads\/2024\/03\/520441-400x247.jpg 400w, https:\/\/www.giurgiuveanul.ro\/stiri\/wp-content\/uploads\/2024\/03\/520441.jpg 600w\" sizes=\"auto, (max-width: 586px) 100vw, 586px\" \/><\/a>Weber, PPE: Unul dintre principalele motive pentru care am ales Rom\u00e2nia este<!--more--> pentru cei doi lideri extrem de importan\u0163i, Nicolae Ciuc\u0103 \u015fi pre\u015fedintele Iohannis. Momentul \u00een care Nicolae Ciuc\u0103 a fost premierul Rom\u00e2niei, cre\u015fterea economic\u0103 a fost evident\u0103, impresionant\u0103<\/p>\n<p style=\"text-align: justify;\">\u201cManfred Weber: M\u0103 simt acas\u0103 aici la Bucure\u015fti, la sediul PNL, \u015fi s\u0103 fiu \u00een Rom\u00e2nia se simte foarte bine. \u015ei da, Bucure\u015fti va fi \u00een urm\u0103toarele dou\u0103 zile capitala politic\u0103 a Europei. \u015eti\u0163i c\u0103 Partidul Popular European este acum cea mai mare for\u0163\u0103 din Parlamentul European. Avem peste jum\u0103tate din membrii Consiliului, deci liderii Europei sunt membri PPE. \u015ei avem cel mai mare num\u0103r de ale\u015fi locali din Europa.\u201d<\/p>\n<p style=\"text-align: justify;\">\u201eUnul dintre principalele motive pentru care am ales Rom\u00e2nia pentru a organiza congresul PPE este pentru c\u0103 aici PPE-ul are doi lideri extrem de importan\u0163i, domnul Nicolae Ciuc\u0103 \u015fi pre\u015fedintele Iohannis, care pot ar\u0103ta ce \u00eenseamn\u0103 s\u0103 fii un partid puternic \u00een PPE. \u015ei a\u015f vrea s\u0103 subliniez momentul \u00een care Nicolae Ciuc\u0103 a fost premierul Rom\u00e2niei, cre\u015fterea economic\u0103 a Rom\u00e2niei a fost evident\u0103, impresionant\u0103. Al doilea motiv pentru care am ales s\u0103 venim la Bucure\u015fti este pentru c\u0103 Partidul Popular European se define\u015fte ca un partid de centru dreapta \u015fi al \u0163\u0103rilor est-europene. \u015ei al treilea motiv este c\u0103 Rom\u00e2nia este aproape de Ucraina. Suntem partidul care sprijin\u0103 Ucraina c\u00e2t de mult se poate. \u015ei suntem al\u0103turi \u015fi urm\u0103rim \u015fi situa\u0163ia din Republica Moldova.\u201d<\/p>\n<p style=\"text-align: justify;\">Despre for\u021ba liberalilor \u00een PPE \u0219i rezultatele europarlamentarilor PNL \u00een actualul mandat \u00een PE: \u201eVreau s\u0103 \u00eel men\u0163ionez pe Rare\u015f Bogdan, care este \u015fi liderul delega\u0163iei din Parlamentul European. C\u00e2nd interesele Rom\u00e2niei sunt afectate, el ridic\u0103 m\u00e2na \u015fi ap\u0103r\u0103 interesele Rom\u00e2niei. \u015ei a\u015f vrea s\u0103 \u00eel men\u0163ionez \u015fi pe cel\u0103lalt reprezentant, Siegfried Mure\u015fan. El este vicepre\u015fedinte al Partidului Popular European, vicepre\u015fedinte al grupului. El a fost raportorul principal pentru Planul de Rezilien\u0163\u0103 pentru Rom\u00e2nia. A reu\u015fit s\u0103 aduc\u0103 pentru Rom\u00e2nia 30 de miliarde de euro. Un alt lider de top al PNL la nivel european. Sunt \u015fi alte personalit\u0103\u0163i puternic, dar i-am ales pe ace\u015fti doi colegi pentru c\u0103 vreau s\u0103 subliniez c\u0103 Rom\u00e2nia trebuie s\u0103 pun\u0103 oameni competen\u0163i \u00een Parlamentul European. \u015ei Rom\u00e2nia va decide pe 9 iunie dac\u0103 ve\u0163i avea o echip\u0103 puternic\u0103 \u00een Bruxelles sau \u00ee\u015fi va irosi voturile pe populi\u0219ti. \u00cendemnul nostru este s\u0103 trimite\u0163i oameni competen\u0163i \u00een Parlamentul European \u015fi \u00een ceea ce prive\u015fte Partidul Na\u0163ional Liberal, s\u0103 trimite\u0163i cei mai competen\u0163i oameni \u015fi m\u0103 bazez pe pre\u015fedintele Nicolae Ionel Ciuc\u0103.\u201d<\/p>\n","protected":false},"excerpt":{"rendered":"<p>Weber, PPE: Unul dintre principalele motive pentru care am ales Rom\u00e2nia este<\/p>\n","protected":false},"author":1,"featured_media":0,"comment_status":"open","ping_status":"open","sticky":false,"template":"","format":"standard","meta":{"footnotes":""},"categories":[1],"tags":[],"class_list":["post-103742","post","type-post","status-publish","format-standard","hentry","category-actualitate"],"_links":{"self":[{"href":"https:\/\/www.giurgiuveanul.ro\/stiri\/wp-json\/wp\/v2\/posts\/103742","targetHints":{"allow":["GET"]}}],"collection":[{"href":"https:\/\/www.giurgiuveanul.ro\/stiri\/wp-json\/wp\/v2\/posts"}],"about":[{"href":"https:\/\/www.giurgiuveanul.ro\/stiri\/wp-json\/wp\/v2\/types\/post"}],"author":[{"embeddable":true,"href":"https:\/\/www.giurgiuveanul.ro\/stiri\/wp-json\/wp\/v2\/users\/1"}],"replies":[{"embeddable":true,"href":"https:\/\/www.giurgiuveanul.ro\/stiri\/wp-json\/wp\/v2\/comments?post=103742"}],"version-history":[{"count":0,"href":"https:\/\/www.giurgiuveanul.ro\/stiri\/wp-json\/wp\/v2\/posts\/103742\/revisions"}],"wp:attachment":[{"href":"https:\/\/www.giurgiuveanul.ro\/stiri\/wp-json\/wp\/v2\/media?parent=103742"}],"wp:term":[{"taxonomy":"category","embeddable":true,"href":"https:\/\/www.giurgiuveanul.ro\/stiri\/wp-json\/wp\/v2\/categories?post=103742"},{"taxonomy":"post_tag","embeddable":true,"href":"https:\/\/www.giurgiuveanul.ro\/stiri\/wp-json\/wp\/v2\/tags?post=103742"}],"curies":[{"name":"wp","href":"https:\/\/api.w.org\/{rel}","templated":true}]}}