{"id":103920,"date":"2024-03-13T15:07:55","date_gmt":"2024-03-13T13:07:55","guid":{"rendered":"https:\/\/www.giurgiuveanul.ro\/stiri\/?p=103920"},"modified":"2024-03-13T15:13:05","modified_gmt":"2024-03-13T13:13:05","slug":"seara-greceasca-la-restaurantul-taverna-la-grecu-cu-nikolaos-papadopoulos-cristian-si-romy-g","status":"publish","type":"post","link":"https:\/\/www.giurgiuveanul.ro\/stiri\/seara-greceasca-la-restaurantul-taverna-la-grecu-cu-nikolaos-papadopoulos-cristian-si-romy-g\/","title":{"rendered":"Sear\u0103 greceasc\u0103 la restaurantul \u201eTaverna la Grecu\u201d, cu Nikolaos Papadopoulos, Cristian \u015fi Romy G!"},"content":{"rendered":"<p style=\"text-align: justify;\"><strong><a href=\"https:\/\/www.giurgiuveanul.ro\/stiri\/wp-content\/uploads\/2024\/03\/000-15-MARTIE.jpeg\"><img loading=\"lazy\" decoding=\"async\" class=\"aligncenter wp-image-103921\" src=\"https:\/\/www.giurgiuveanul.ro\/stiri\/wp-content\/uploads\/2024\/03\/000-15-MARTIE-360x450.jpeg\" alt=\"\" width=\"609\" height=\"762\" srcset=\"https:\/\/www.giurgiuveanul.ro\/stiri\/wp-content\/uploads\/2024\/03\/000-15-MARTIE-360x450.jpeg 360w, https:\/\/www.giurgiuveanul.ro\/stiri\/wp-content\/uploads\/2024\/03\/000-15-MARTIE-240x300.jpeg 240w, https:\/\/www.giurgiuveanul.ro\/stiri\/wp-content\/uploads\/2024\/03\/000-15-MARTIE-400x501.jpeg 400w, https:\/\/www.giurgiuveanul.ro\/stiri\/wp-content\/uploads\/2024\/03\/000-15-MARTIE.jpeg 720w\" sizes=\"auto, (max-width: 609px) 100vw, 609px\" \/><\/a>\u00cen restaurantul \u201eTaverna la Grecu\u201d,<!--more--> Nikolaos Papadopoulos, Cristian \u015fi Romy G v\u0103 dau \u00eent\u00e2lnire cu Grecia \u015fi farmecul ei muzical!<\/strong><\/p>\n<p style=\"text-align: justify;\">Restaurantul \u201eTaverna la Grecu\u201d, strada Nicolae B\u0103l\u0103nescu, nr.2, Giurgiu, v\u0103 a\u015fteapt\u0103 <strong>vineri, 15 martie, cu \u00eencepere de la orele 20:00,<\/strong> la o sear\u0103 greceasc\u0103.<\/p>\n<p style=\"text-align: justify;\">Invita\u0163ii speciali ai serii sunt <strong>Nikolaos Papadopoulos, Cristian \u015fi Romy G<\/strong>.<\/p>\n<p style=\"text-align: justify;\">A\u015fadar, live music, buc\u0103t\u0103rie tradi\u021bional\u0103 greceasc\u0103 \u015fi mult\u0103 distrac\u0163ie!<\/p>\n<p style=\"text-align: justify;\"><strong>Pre\u021b bilet: 50 lei\/persoan\u0103.<\/strong><\/p>\n<p style=\"text-align: justify;\"><strong>Pentru rezerv\u0103ri, telefon 0722.620.131.<\/strong><\/p>\n","protected":false},"excerpt":{"rendered":"<p>\u00cen restaurantul \u201eTaverna la Grecu\u201d,<\/p>\n","protected":false},"author":1,"featured_media":0,"comment_status":"open","ping_status":"open","sticky":false,"template":"","format":"standard","meta":{"footnotes":""},"categories":[6],"tags":[],"class_list":["post-103920","post","type-post","status-publish","format-standard","hentry","category-breaking-news"],"_links":{"self":[{"href":"https:\/\/www.giurgiuveanul.ro\/stiri\/wp-json\/wp\/v2\/posts\/103920","targetHints":{"allow":["GET"]}}],"collection":[{"href":"https:\/\/www.giurgiuveanul.ro\/stiri\/wp-json\/wp\/v2\/posts"}],"about":[{"href":"https:\/\/www.giurgiuveanul.ro\/stiri\/wp-json\/wp\/v2\/types\/post"}],"author":[{"embeddable":true,"href":"https:\/\/www.giurgiuveanul.ro\/stiri\/wp-json\/wp\/v2\/users\/1"}],"replies":[{"embeddable":true,"href":"https:\/\/www.giurgiuveanul.ro\/stiri\/wp-json\/wp\/v2\/comments?post=103920"}],"version-history":[{"count":0,"href":"https:\/\/www.giurgiuveanul.ro\/stiri\/wp-json\/wp\/v2\/posts\/103920\/revisions"}],"wp:attachment":[{"href":"https:\/\/www.giurgiuveanul.ro\/stiri\/wp-json\/wp\/v2\/media?parent=103920"}],"wp:term":[{"taxonomy":"category","embeddable":true,"href":"https:\/\/www.giurgiuveanul.ro\/stiri\/wp-json\/wp\/v2\/categories?post=103920"},{"taxonomy":"post_tag","embeddable":true,"href":"https:\/\/www.giurgiuveanul.ro\/stiri\/wp-json\/wp\/v2\/tags?post=103920"}],"curies":[{"name":"wp","href":"https:\/\/api.w.org\/{rel}","templated":true}]}}