{"id":10456,"date":"2014-01-07T10:59:19","date_gmt":"2014-01-07T08:59:19","guid":{"rendered":"https:\/\/www.giurgiuveanul.ro\/stiri\/?p=10456"},"modified":"2014-01-07T15:22:18","modified_gmt":"2014-01-07T13:22:18","slug":"la-multi-ani-ion-ioana-ionela-nelu-sau-nela-si-tuturor-prietenilor-cotidianului-giurgiuveanul","status":"publish","type":"post","link":"https:\/\/www.giurgiuveanul.ro\/stiri\/la-multi-ani-ion-ioana-ionela-nelu-sau-nela-si-tuturor-prietenilor-cotidianului-giurgiuveanul\/","title":{"rendered":"La Mul\u0163i Ani, Ion, Ioana, Ionela, Nelu sau Nela&#8230; \u015fi tuturor prietenilor cotidianului GIURGIUVEANUL!"},"content":{"rendered":"<p style=\"text-align: justify;\"><a href=\"https:\/\/www.giurgiuveanul.ro\/stiri\/wp-content\/uploads\/2014\/01\/la-multi-ani-de-sfantul-ioan-4_756c0500b68584.jpg\"><img loading=\"lazy\" decoding=\"async\" class=\"aligncenter size-large wp-image-10457\" alt=\"la-multi-ani-de-sfantul-ioan-4_756c0500b68584\" src=\"https:\/\/www.giurgiuveanul.ro\/stiri\/wp-content\/uploads\/2014\/01\/la-multi-ani-de-sfantul-ioan-4_756c0500b68584-560x394.jpg\" width=\"560\" height=\"394\" srcset=\"https:\/\/www.giurgiuveanul.ro\/stiri\/wp-content\/uploads\/2014\/01\/la-multi-ani-de-sfantul-ioan-4_756c0500b68584-560x394.jpg 560w, https:\/\/www.giurgiuveanul.ro\/stiri\/wp-content\/uploads\/2014\/01\/la-multi-ani-de-sfantul-ioan-4_756c0500b68584-250x176.jpg 250w, https:\/\/www.giurgiuveanul.ro\/stiri\/wp-content\/uploads\/2014\/01\/la-multi-ani-de-sfantul-ioan-4_756c0500b68584-400x281.jpg 400w, https:\/\/www.giurgiuveanul.ro\/stiri\/wp-content\/uploads\/2014\/01\/la-multi-ani-de-sfantul-ioan-4_756c0500b68584.jpg 620w\" sizes=\"auto, (max-width: 560px) 100vw, 560px\" \/><\/a>Aproape dou\u0103 milioane de rom\u00e2ni poart\u0103 numele Sf\u00e2ntului Ioan Botez\u0103torul \u015fi \u00ee\u015fi serbeaz\u0103 ziua numelui ast\u0103zi, 7 ianuarie 2014, printre ace\u015ftia \u015fi giurgiuveni, mul\u0163i dintre ei rude, prieteni \u015fi\/sau cunoscu\u0163i de-ai no\u015ftri. La Mul\u0163i Ani, Ionela Arcanu, Ioana Popescu, Oana Mirea, Ionel Muscalu, comisar \u015fef Ion Dragomir, inspector Ion Ghelmez, Ioan Daniel Arcanu, Nelu Simion, Ion Mateescu, Ioan Preda, Ion Laz\u0103r, Ion V\u00e2lcan, Ion Diaconescu, Ioan M\u0103n\u0103il\u0103, \u015fi<!--more--> tuturor celor care purta\u0163i numele Ion\/Ioana, sau derivate din acestea, s\u0103 fi\u0163i ferici\u0163i, mult succes \u00een via\u0163\u0103 \u015fi tot ce v\u0103 dori\u0163i s\u0103 se \u00eemplineasc\u0103!<\/p>\n<p style=\"text-align: justify;\">Ziua Sf\u00e2ntului Ioan Botez\u0103torul reprezint\u0103 \u00eencheierea oficial\u0103 a s\u0103rb\u0103torilor de iarn\u0103 deschise la Sf\u00e2ntul Nicolae, pe 6 decembrie.<\/p>\n<p style=\"text-align: justify;\">S\u0103rb\u0103toarea Sf\u00e2ntul Ioan este o zi de bucurie, \u015fi, potrivit tradi\u0163iei, cine nu se vesele\u015fte \u00een aceast\u0103 zi va fi trist tot timpul anului.<\/p>\n<p style=\"text-align: justify;\">Tradi\u0163ia mai spune c\u0103 ast\u0103zi fiecare trebuie s\u0103 se stropeasc\u0103 cu Agheasma Mare, pentru a fi ferit de boli \u00een decursul anului.<\/p>\n<p style=\"text-align: justify;\">Se mai crede, de asemenea, c\u0103, dupa Sf\u00e2ntul Ioan se boteaz\u0103 gerul, adic\u0103 se \u00eenmoaie frigul \u015fi \u00eencepe s\u0103 se mai \u00een\u0103lzeasc\u0103.<\/p>\n<p style=\"text-align: justify;\">Potrivit statisticilor Direc\u0163iei pentru Eviden\u0163a Persoanelor \u015fi Administrarea Bazelor de Date din cadrul Ministerului Administra\u0163iei \u015fi Internelor, 1.988.021 de rom\u00e2ni, dintre care 1.442.563 de b\u0103rba\u0163i si 545.458 de femei, poart\u0103 numele Sf\u00e2ntului Ioan Botez\u0103torul (7 ianuarie).<\/p>\n<p style=\"text-align: justify;\">Din totalul rom\u00e2ncelor, 368.361 se numesc Ioana, 138.962 \u2013 Ionela, 20.085 \u2013 Ionic\u0103, 11.365 \u2013 Nela, iar 6.685 \u2013 Ionelia.<\/p>\n<p style=\"text-align: justify;\">Conform datelor furnizate de structura specializata a Ministerului Administra\u0163iei \u015fi Internelor, majoritatea b\u0103rba\u0163ilor se numesc Ioan (530.110), Ion (427.297), Ionu\u0163 (311.563), Ionel (146.885), Nelu (21.961) sau Ionic\u0103 (4.747).<\/p>\n<p style=\"text-align: justify;\"><a href=\"https:\/\/www.giurgiuveanul.ro\/stiri\/wp-content\/uploads\/2014\/01\/la-multi-ani-femeie-10_b14e28038ec4b7.jpg\"><img loading=\"lazy\" decoding=\"async\" class=\"aligncenter size-large wp-image-10458\" alt=\"la-multi-ani-femeie-10_b14e28038ec4b7\" src=\"https:\/\/www.giurgiuveanul.ro\/stiri\/wp-content\/uploads\/2014\/01\/la-multi-ani-femeie-10_b14e28038ec4b7-560x375.jpg\" width=\"560\" height=\"375\" srcset=\"https:\/\/www.giurgiuveanul.ro\/stiri\/wp-content\/uploads\/2014\/01\/la-multi-ani-femeie-10_b14e28038ec4b7-560x375.jpg 560w, https:\/\/www.giurgiuveanul.ro\/stiri\/wp-content\/uploads\/2014\/01\/la-multi-ani-femeie-10_b14e28038ec4b7-250x167.jpg 250w, https:\/\/www.giurgiuveanul.ro\/stiri\/wp-content\/uploads\/2014\/01\/la-multi-ani-femeie-10_b14e28038ec4b7-400x268.jpg 400w, https:\/\/www.giurgiuveanul.ro\/stiri\/wp-content\/uploads\/2014\/01\/la-multi-ani-femeie-10_b14e28038ec4b7.jpg 620w\" sizes=\"auto, (max-width: 560px) 100vw, 560px\" \/><\/a><\/p>\n","protected":false},"excerpt":{"rendered":"<p>Aproape dou\u0103 milioane de rom\u00e2ni poart\u0103 numele Sf\u00e2ntului Ioan Botez\u0103torul \u015fi \u00ee\u015fi serbeaz\u0103 ziua numelui ast\u0103zi, 7 ianuarie 2014, printre ace\u015ftia \u015fi giurgiuveni, mul\u0163i dintre ei rude, prieteni \u015fi\/sau cunoscu\u0163i de-ai no\u015ftri. La Mul\u0163i Ani, Ionela Arcanu, Ioana Popescu, Oana Mirea, Ionel Muscalu, comisar \u015fef Ion Dragomir, inspector Ion Ghelmez, Ioan Daniel Arcanu, Nelu Simion, [&hellip;]<\/p>\n","protected":false},"author":2,"featured_media":0,"comment_status":"open","ping_status":"open","sticky":false,"template":"","format":"standard","meta":{"footnotes":""},"categories":[16],"tags":[],"class_list":["post-10456","post","type-post","status-publish","format-standard","hentry","category-astazi-e-ziua-ta"],"_links":{"self":[{"href":"https:\/\/www.giurgiuveanul.ro\/stiri\/wp-json\/wp\/v2\/posts\/10456","targetHints":{"allow":["GET"]}}],"collection":[{"href":"https:\/\/www.giurgiuveanul.ro\/stiri\/wp-json\/wp\/v2\/posts"}],"about":[{"href":"https:\/\/www.giurgiuveanul.ro\/stiri\/wp-json\/wp\/v2\/types\/post"}],"author":[{"embeddable":true,"href":"https:\/\/www.giurgiuveanul.ro\/stiri\/wp-json\/wp\/v2\/users\/2"}],"replies":[{"embeddable":true,"href":"https:\/\/www.giurgiuveanul.ro\/stiri\/wp-json\/wp\/v2\/comments?post=10456"}],"version-history":[{"count":0,"href":"https:\/\/www.giurgiuveanul.ro\/stiri\/wp-json\/wp\/v2\/posts\/10456\/revisions"}],"wp:attachment":[{"href":"https:\/\/www.giurgiuveanul.ro\/stiri\/wp-json\/wp\/v2\/media?parent=10456"}],"wp:term":[{"taxonomy":"category","embeddable":true,"href":"https:\/\/www.giurgiuveanul.ro\/stiri\/wp-json\/wp\/v2\/categories?post=10456"},{"taxonomy":"post_tag","embeddable":true,"href":"https:\/\/www.giurgiuveanul.ro\/stiri\/wp-json\/wp\/v2\/tags?post=10456"}],"curies":[{"name":"wp","href":"https:\/\/api.w.org\/{rel}","templated":true}]}}