{"id":104812,"date":"2024-04-20T13:03:40","date_gmt":"2024-04-20T10:03:40","guid":{"rendered":"https:\/\/www.giurgiuveanul.ro\/stiri\/?p=104812"},"modified":"2024-04-20T13:04:06","modified_gmt":"2024-04-20T10:04:06","slug":"episcopul-giurgiului-preasfintitul-parinte-dr-ambrozie-implineste-astazi-55-de-ani","status":"publish","type":"post","link":"https:\/\/www.giurgiuveanul.ro\/stiri\/episcopul-giurgiului-preasfintitul-parinte-dr-ambrozie-implineste-astazi-55-de-ani\/","title":{"rendered":"Episcopul Giurgiului, Preasfin\u021bitul P\u0103rinte Dr. Ambrozie, \u00eempline\u0219te ast\u0103zi 55 de ani"},"content":{"rendered":"<p style=\"text-align: justify;\"><strong><a href=\"https:\/\/www.giurgiuveanul.ro\/stiri\/wp-content\/uploads\/2024\/04\/PS-Ambrozie.x71918-Copie-699x450-1.jpg\"><img loading=\"lazy\" decoding=\"async\" class=\"aligncenter wp-image-104597\" src=\"https:\/\/www.giurgiuveanul.ro\/stiri\/wp-content\/uploads\/2024\/04\/PS-Ambrozie.x71918-Copie-699x450-1-548x450.jpg\" alt=\"\" width=\"595\" height=\"489\" srcset=\"https:\/\/www.giurgiuveanul.ro\/stiri\/wp-content\/uploads\/2024\/04\/PS-Ambrozie.x71918-Copie-699x450-1-548x450.jpg 548w, https:\/\/www.giurgiuveanul.ro\/stiri\/wp-content\/uploads\/2024\/04\/PS-Ambrozie.x71918-Copie-699x450-1-250x205.jpg 250w, https:\/\/www.giurgiuveanul.ro\/stiri\/wp-content\/uploads\/2024\/04\/PS-Ambrozie.x71918-Copie-699x450-1-768x631.jpg 768w, https:\/\/www.giurgiuveanul.ro\/stiri\/wp-content\/uploads\/2024\/04\/PS-Ambrozie.x71918-Copie-699x450-1-400x328.jpg 400w, https:\/\/www.giurgiuveanul.ro\/stiri\/wp-content\/uploads\/2024\/04\/PS-Ambrozie.x71918-Copie-699x450-1.jpg 900w\" sizes=\"auto, (max-width: 595px) 100vw, 595px\" \/><\/a>Ast\u0103zi, 20 aprilie 2024,<!--more--> \u00cent\u00e2ist\u0103t\u0103torul eparhiei noastre, Preasfin\u021bitul P\u0103rinte Dr. Ambrozie, Episcopul Giurgiului, \u00eempline\u0219te 55 de ani.<\/strong><\/p>\n<p style=\"text-align: justify;\">Preasfin\u021bia Sa s-a n\u0103scut \u00een ziua de 20 aprilie a anului 1969, \u00een localitatea Scor\u021beni, jude\u021bul Prahova, ca fiu al lui Gabriel \u0219i al Auric\u0103i Meleac\u0103, primind numele de botez Valentin. A urmat cursurile Liceului nr. 1 din C\u00e2mpina (1983-1987) \u0219i a satisf\u0103cut stagiul militar \u00eentre anii 1987-1989.<\/p>\n<p style=\"text-align: justify;\">\u00cen anul 1990 intr\u0103 \u00een ob\u0219tea Schitului Crasna, unul dintre cele mai cunoscute vetre monahale prahovene. Aici, \u00een anul 1991, este tuns \u00een monahism, primind numele\u00a0<em>Ambrozie.<\/em>\u00a0Datorit\u0103 dragostei pentru slujirea Sf\u00e2ntului Altar este hirotonit ierodiacon apoi ieromonah, \u00een anul 1992.<\/p>\n<p style=\"text-align: justify;\">Pentru a-\u0219i des\u0103v\u00e2r\u0219i forma\u021bia duhovniceasc\u0103 \u0219i teologic\u0103, Preasfin\u021bitul P\u0103rinte Ambrozie urmeaz\u0103 \u00eentre anii 1992 \u2013 1996 cursurile Facult\u0103\u021bii de Teologie Ortodox\u0103\u00a0<em>\u201eJustinian Patriarhul\u201d<\/em>\u00a0din Bucure\u0219ti.<\/p>\n<p style=\"text-align: justify;\">\u00cen anul 1996, \u00cent\u00e2ist\u0103t\u0103torul Bisericii Ortodoxe Rom\u00e2ne de atunci, vrednicul de pomenire P\u0103rinte Patriarh Teoctist, \u00eel nume\u0219te prin decizie patriarhal\u0103 Stare\u021b al Schitului Darvari, redeschis dup\u0103 o lung\u0103 \u0219i trist\u0103 perioad\u0103 de t\u0103cere.<\/p>\n<p style=\"text-align: justify;\">\u00cen tot acest r\u0103stimp, Preasfin\u021bia Sa a desf\u0103\u0219urat o intens\u0103 activitate duhovniceasc\u0103 \u0219i administrativ\u0103, \u00eent\u0103rind ob\u0219tea monahilor, cre\u00e2nd o comunitate de credincio\u0219i bine \u00eenchegat\u0103, construind un paraclis, st\u0103re\u021bia, arhondaricul, trapeza \u0219i chiliile \u0219i restaur\u00e2nd vechea incint\u0103.<\/p>\n<p style=\"text-align: justify;\">\u00cen paralel cu aceast\u0103 trud\u0103, Preasfin\u021bia Sa \u0219i-a continuat studiile, urm\u00e2nd cursurile de masterat ale aceleia\u0219i facult\u0103\u021bi, la sec\u021bia\u00a0<em>\u201eDoctrin\u0103 \u0219i cultur\u0103\u201d.<\/em><\/p>\n<p style=\"text-align: justify;\">Lucrarea de dizerta\u021bie,<em>\u00a0\u201ePalamism \u0219i secularizare\u201d<\/em>, a fost redactat\u0103 sub \u00eendrumarea vrednicului de pomenire Pr. Acad. Dumitru Popescu.<\/p>\n<p style=\"text-align: justify;\">Pentru meritele deosebite depuse \u00een slujba Bisericii, Preasfin\u021bia Sa prime\u0219te \u00een anul 1999 rangul de Protosinghel, \u00een acela\u0219i an fiind admis \u0219i la cursurile de doctorat ale Facult\u0103\u021bii de Teologie Ortodox\u0103 din Salonic, cu un proiect despre problema unia\u021biei transilv\u0103nene. Munca de cercetare va fi \u00eencununat\u0103 prin sus\u021binerea lucr\u0103rii cu titlul\u00a0,,<em>Considerarea istoric\u0103 a cauzelor \u0219i consecin\u021belor unirii Bisericii Ortodoxe din Transilvania cu Biserica Romano-Catolic\u0103\u201d<\/em>, sub \u00eendrumarea \u0219tiin\u021bific\u0103 a Prof. Dr. Apostolos Glavinas, sus\u021binut\u0103 pe 3 martie 2005. Comisia, format\u0103 din opt prestigio\u0219i profesori greci va acorda acestei lucr\u0103ri calificativul\u00a0<em>Arista (excep\u021bional),<\/em>\u00a0propun\u00e2nd publicarea ei.<\/p>\n<p style=\"text-align: justify;\">\u00cen ziua de 4 octombrie 2000, la propunerea vrednicului de pomenire P\u0103rinte Patriarh Teoctist, a fost ales \u00een func\u021bia de episcop vicar patriarhal, cu titulatura\u00a0<em>\u201eSinaitul\u201d,<\/em>\u00a0de c\u0103tre Sf\u00e2ntul Sinod al Bisericii Ortodoxe Rom\u00e2ne, hirotonia av\u00e2nd loc la data de\u00a0<em>15 octombrie 2000<\/em>.<\/p>\n<p style=\"text-align: justify;\">\u00cen aceast\u0103 calitate, a coordonat \u0219i \u00eendrumat, conform deciziei patriarhale, urm\u0103toarele sectoare:\u00a0<em>Rela\u021bii Externe Biserice\u0219ti, Comunit\u0103\u021bi Externe, \u00cenv\u0103\u021b\u0103m\u00e2nt, Biserica \u0219i Societatea, Diaconia, Biroul de Pres\u0103 \u0219i Biroul de Pelerinaje<\/em>.<\/p>\n<p style=\"text-align: justify;\">\u00cencep\u00e2nd din septembrie 2002, a primit spre coordonare\u00a0<em>Sectorul Comunit\u0103\u021bi Externe, Sectorul Patrimoniu Na\u021bional Bisericesc, Asocia\u021bia Diaconia, A\u0219ez\u0103m\u00e2ntul social \u201ePatriarhul Justinian Marina\u201d, Biroul de Pelerinaje al Patriarhiei Rom\u00e2ne cu Agen\u021bia de turism \u201ePelerinul\u201d, Centrul de Servicii al Patriarhiei<\/em>, precum \u0219i \u00eendrumarea activit\u0103\u021bii\u00a0<em>Schitului Darvari<\/em>\u00a0din Bucure\u0219ti.<\/p>\n<p style=\"text-align: justify;\"><em>\u00cen ziua de 8 februarie 2006 a fost ales \u00een demnitatea de Episcop al Giurgiului de c\u0103tre Colegiul Electoral Bisericesc, \u00eentrunit sub pre\u0219edin\u021bia vrednicului de pomenire P\u0103rinte Patriarh Teoctist \u0219i \u00eentronizat \u00een ziua de 9 aprilie, \u00een Catedrala Episcopal\u0103 \u201eAdormirea Maicii Domnului\u201d din Giurgiu.<\/em><\/p>\n<p style=\"text-align: justify;\">\u00cen demnitatea de Episcop al Giurgiului, Preasfin\u021bia Sa desf\u0103\u0219oar\u0103 o activitate deosebit\u0103 \u00een plan pastoral, misionar, cultural \u0219i social-filantropic, slujind lui Dumnezeu \u0219i oamenilor, av\u00e2nd \u00een minte \u0219i \u00een inim\u0103, bucuria slujirii, bucurie care izvor\u0103\u0219te din iubire pentru Domnul nostru Iisus Hristos, Cel r\u0103stignit \u0219i \u00cenviat.<\/p>\n<p style=\"text-align: justify;\"><em>Cu ocazia\u00a0<strong>\u00eemplinirii a 55 de ani de la na\u0219terea Preasfin\u021bitului P\u0103rinte Ambrozie, Episcopul Giurgiului,<\/strong>\u00a0clerul \u0219i credincio\u0219ii eparhiei noastre \u00eenal\u021b\u0103 rug\u0103ciuni c\u0103tre Bunul Dumnezeu s\u0103 d\u0103ruiasc\u0103 Preasfin\u021biei Sale deplin\u0103 s\u0103n\u0103tate, ani mul\u021bi \u0219i buni, pentru a sluji cu aceea\u0219i dragoste, \u00een\u021belepciune \u0219i d\u0103ruire Biserica lui Hristos \u0219i poporul dreptcredincios.<\/em>\u00a0S\u0103 ne tr\u0103i\u021bi \u00eentru mul\u021bi ani, Preasfin\u021bia Voastr\u0103 \u0219i fie ca s\u0103 reverse bunul Dumnezeu darurile Sale \u0219i peste noi prin lucrarea sfin\u021bitoare pe care o s\u0103v\u00e2r\u0219i\u021bi \u00een eparhia noastr\u0103 ne\u00eencetat de 18 ani!<\/p>\n<p style=\"text-align: justify;\"><strong>\u00ceNTRU MUL\u021aI \u015eI FERICI\u021aI ANI, PREASFIN\u021aIA VOASTR\u0102!<\/strong><\/p>\n","protected":false},"excerpt":{"rendered":"<p>Ast\u0103zi, 20 aprilie 2024,<\/p>\n","protected":false},"author":1,"featured_media":0,"comment_status":"open","ping_status":"open","sticky":false,"template":"","format":"standard","meta":{"footnotes":""},"categories":[16],"tags":[],"class_list":["post-104812","post","type-post","status-publish","format-standard","hentry","category-astazi-e-ziua-ta"],"_links":{"self":[{"href":"https:\/\/www.giurgiuveanul.ro\/stiri\/wp-json\/wp\/v2\/posts\/104812","targetHints":{"allow":["GET"]}}],"collection":[{"href":"https:\/\/www.giurgiuveanul.ro\/stiri\/wp-json\/wp\/v2\/posts"}],"about":[{"href":"https:\/\/www.giurgiuveanul.ro\/stiri\/wp-json\/wp\/v2\/types\/post"}],"author":[{"embeddable":true,"href":"https:\/\/www.giurgiuveanul.ro\/stiri\/wp-json\/wp\/v2\/users\/1"}],"replies":[{"embeddable":true,"href":"https:\/\/www.giurgiuveanul.ro\/stiri\/wp-json\/wp\/v2\/comments?post=104812"}],"version-history":[{"count":0,"href":"https:\/\/www.giurgiuveanul.ro\/stiri\/wp-json\/wp\/v2\/posts\/104812\/revisions"}],"wp:attachment":[{"href":"https:\/\/www.giurgiuveanul.ro\/stiri\/wp-json\/wp\/v2\/media?parent=104812"}],"wp:term":[{"taxonomy":"category","embeddable":true,"href":"https:\/\/www.giurgiuveanul.ro\/stiri\/wp-json\/wp\/v2\/categories?post=104812"},{"taxonomy":"post_tag","embeddable":true,"href":"https:\/\/www.giurgiuveanul.ro\/stiri\/wp-json\/wp\/v2\/tags?post=104812"}],"curies":[{"name":"wp","href":"https:\/\/api.w.org\/{rel}","templated":true}]}}