{"id":105253,"date":"2024-05-04T14:01:41","date_gmt":"2024-05-04T11:01:41","guid":{"rendered":"https:\/\/www.giurgiuveanul.ro\/stiri\/?p=105253"},"modified":"2024-05-04T14:02:41","modified_gmt":"2024-05-04T11:02:41","slug":"conferinta-de-inchidere-a-proiectului-transfrontalier-ce-a-vizat-amenajarea-zonei-ce-inconjoara-cetatea-lui-mircea-cel-batran","status":"publish","type":"post","link":"https:\/\/www.giurgiuveanul.ro\/stiri\/conferinta-de-inchidere-a-proiectului-transfrontalier-ce-a-vizat-amenajarea-zonei-ce-inconjoara-cetatea-lui-mircea-cel-batran\/","title":{"rendered":"Conferin\u021ba de \u00eenchidere a proiectului transfrontalier ce a vizat amenajarea zonei ce \u00eenconjoar\u0103 Cetatea lui Mircea cel B\u0103tr\u00e2n"},"content":{"rendered":"<p style=\"text-align: justify;\"><strong><a href=\"https:\/\/www.giurgiuveanul.ro\/stiri\/wp-content\/uploads\/2024\/05\/438146038_963512899114730_4362727255752009473_n.jpg\"><img loading=\"lazy\" decoding=\"async\" class=\"aligncenter wp-image-105254\" src=\"https:\/\/www.giurgiuveanul.ro\/stiri\/wp-content\/uploads\/2024\/05\/438146038_963512899114730_4362727255752009473_n-560x364.jpg\" alt=\"\" width=\"606\" height=\"394\" srcset=\"https:\/\/www.giurgiuveanul.ro\/stiri\/wp-content\/uploads\/2024\/05\/438146038_963512899114730_4362727255752009473_n-560x364.jpg 560w, https:\/\/www.giurgiuveanul.ro\/stiri\/wp-content\/uploads\/2024\/05\/438146038_963512899114730_4362727255752009473_n-250x163.jpg 250w, https:\/\/www.giurgiuveanul.ro\/stiri\/wp-content\/uploads\/2024\/05\/438146038_963512899114730_4362727255752009473_n-768x499.jpg 768w, https:\/\/www.giurgiuveanul.ro\/stiri\/wp-content\/uploads\/2024\/05\/438146038_963512899114730_4362727255752009473_n-400x260.jpg 400w, https:\/\/www.giurgiuveanul.ro\/stiri\/wp-content\/uploads\/2024\/05\/438146038_963512899114730_4362727255752009473_n.jpg 1244w\" sizes=\"auto, (max-width: 606px) 100vw, 606px\" \/><\/a>La Ruse<!--more--> a avut loc, recent, conferin\u021ba de \u00eenchidere a proiectului transfrontalier ce a vizat amenajarea zonei ce \u00eenconjoar\u0103 Cetatea lui Mircea cel B\u0103tr\u00e2n.<\/strong><\/p>\n<p><a href=\"https:\/\/www.giurgiuveanul.ro\/stiri\/wp-content\/uploads\/2024\/05\/438101344_963514005781286_6764799665378034153_n.jpg\"><img loading=\"lazy\" decoding=\"async\" class=\"aligncenter  wp-image-105256\" src=\"https:\/\/www.giurgiuveanul.ro\/stiri\/wp-content\/uploads\/2024\/05\/438101344_963514005781286_6764799665378034153_n-560x336.jpg\" alt=\"\" width=\"595\" height=\"357\" srcset=\"https:\/\/www.giurgiuveanul.ro\/stiri\/wp-content\/uploads\/2024\/05\/438101344_963514005781286_6764799665378034153_n-560x336.jpg 560w, https:\/\/www.giurgiuveanul.ro\/stiri\/wp-content\/uploads\/2024\/05\/438101344_963514005781286_6764799665378034153_n-250x150.jpg 250w, https:\/\/www.giurgiuveanul.ro\/stiri\/wp-content\/uploads\/2024\/05\/438101344_963514005781286_6764799665378034153_n-768x461.jpg 768w, https:\/\/www.giurgiuveanul.ro\/stiri\/wp-content\/uploads\/2024\/05\/438101344_963514005781286_6764799665378034153_n-400x240.jpg 400w, https:\/\/www.giurgiuveanul.ro\/stiri\/wp-content\/uploads\/2024\/05\/438101344_963514005781286_6764799665378034153_n.jpg 1525w\" sizes=\"auto, (max-width: 595px) 100vw, 595px\" \/><\/a><\/p>\n<p style=\"text-align: justify;\">La conferin\u021ba de \u00eenchidere a proiectului &#8222;Reconstruirea \u0219i punerea \u00een valoare a siturilor culturale reprezentative din Euroregiunea Ruse-Giurgiu&#8221; au participat viceprimarul Ionel Muscalu, directorul Direc\u021biei Programe Europene, Ianca Meca \u0219i Adela Popescu, managerul de proiect.<\/p>\n<p style=\"text-align: justify;\">Obiectivul specific al proiectului finalizat a fost cre\u0219terea atractivit\u0103\u021bii turistice \u00een Euroregiunea Ruse-Giurgiu prin \u00eembun\u0103t\u0103\u021birea utiliz\u0103rii durabile a patrimoniului cultural (Cetatea lui Mircea cel B\u0103tr\u00e2n), iar investi\u021bia a constat \u00een:<\/p>\n<p style=\"text-align: justify;\">\u2714\ufe0fAmenajarea specific\u0103 a unui traseu pietonal \u0219i amenajarea peisagistic\u0103 \u00een jurul cet\u0103\u021bii;<\/p>\n<p style=\"text-align: justify;\">\u2714\ufe0fAmenajarea unui amfiteatru \u00een aer liber pe latura de vest, cu iluminat ambiental;<\/p>\n<p style=\"text-align: justify;\">\u2714\ufe0fRefacerea spa\u021biilor verzi printr-o concep\u021bie naturalist\u0103.<\/p>\n<p style=\"text-align: justify;\">Proiectul a fost depus \u00een parteneriat cu prim\u0103ria Ruse prin Programul transfrontalier INTERREG V-A Rom\u00e2nia-Bulgaria 2014-2020 \u0219i a avut o valoare de 4,2 milioane lei.<\/p>\n","protected":false},"excerpt":{"rendered":"<p>La Ruse<\/p>\n","protected":false},"author":1,"featured_media":0,"comment_status":"open","ping_status":"open","sticky":false,"template":"","format":"standard","meta":{"footnotes":""},"categories":[8],"tags":[],"class_list":["post-105253","post","type-post","status-publish","format-standard","hentry","category-alert-news"],"_links":{"self":[{"href":"https:\/\/www.giurgiuveanul.ro\/stiri\/wp-json\/wp\/v2\/posts\/105253","targetHints":{"allow":["GET"]}}],"collection":[{"href":"https:\/\/www.giurgiuveanul.ro\/stiri\/wp-json\/wp\/v2\/posts"}],"about":[{"href":"https:\/\/www.giurgiuveanul.ro\/stiri\/wp-json\/wp\/v2\/types\/post"}],"author":[{"embeddable":true,"href":"https:\/\/www.giurgiuveanul.ro\/stiri\/wp-json\/wp\/v2\/users\/1"}],"replies":[{"embeddable":true,"href":"https:\/\/www.giurgiuveanul.ro\/stiri\/wp-json\/wp\/v2\/comments?post=105253"}],"version-history":[{"count":0,"href":"https:\/\/www.giurgiuveanul.ro\/stiri\/wp-json\/wp\/v2\/posts\/105253\/revisions"}],"wp:attachment":[{"href":"https:\/\/www.giurgiuveanul.ro\/stiri\/wp-json\/wp\/v2\/media?parent=105253"}],"wp:term":[{"taxonomy":"category","embeddable":true,"href":"https:\/\/www.giurgiuveanul.ro\/stiri\/wp-json\/wp\/v2\/categories?post=105253"},{"taxonomy":"post_tag","embeddable":true,"href":"https:\/\/www.giurgiuveanul.ro\/stiri\/wp-json\/wp\/v2\/tags?post=105253"}],"curies":[{"name":"wp","href":"https:\/\/api.w.org\/{rel}","templated":true}]}}