{"id":106939,"date":"2024-06-28T19:05:31","date_gmt":"2024-06-28T16:05:31","guid":{"rendered":"https:\/\/www.giurgiuveanul.ro\/stiri\/?p=106939"},"modified":"2024-06-29T15:06:42","modified_gmt":"2024-06-29T12:06:42","slug":"la-multi-ani-domnule-primar-florin-nidelea-3","status":"publish","type":"post","link":"https:\/\/www.giurgiuveanul.ro\/stiri\/la-multi-ani-domnule-primar-florin-nidelea-3\/","title":{"rendered":"La Mul\u0163i Ani, domnule primar Florin Nidelea!"},"content":{"rendered":"<p style=\"text-align: justify;\"><a href=\"https:\/\/www.giurgiuveanul.ro\/stiri\/wp-content\/uploads\/2024\/06\/pliant-nidelea-fata-1.jpeg\"><img loading=\"lazy\" decoding=\"async\" class=\"aligncenter wp-image-106941\" src=\"https:\/\/www.giurgiuveanul.ro\/stiri\/wp-content\/uploads\/2024\/06\/pliant-nidelea-fata-1-525x450.jpeg\" alt=\"\" width=\"634\" height=\"543\" srcset=\"https:\/\/www.giurgiuveanul.ro\/stiri\/wp-content\/uploads\/2024\/06\/pliant-nidelea-fata-1-525x450.jpeg 525w, https:\/\/www.giurgiuveanul.ro\/stiri\/wp-content\/uploads\/2024\/06\/pliant-nidelea-fata-1-250x214.jpeg 250w, https:\/\/www.giurgiuveanul.ro\/stiri\/wp-content\/uploads\/2024\/06\/pliant-nidelea-fata-1-768x658.jpeg 768w, https:\/\/www.giurgiuveanul.ro\/stiri\/wp-content\/uploads\/2024\/06\/pliant-nidelea-fata-1-1536x1316.jpeg 1536w, https:\/\/www.giurgiuveanul.ro\/stiri\/wp-content\/uploads\/2024\/06\/pliant-nidelea-fata-1-400x343.jpeg 400w, https:\/\/www.giurgiuveanul.ro\/stiri\/wp-content\/uploads\/2024\/06\/pliant-nidelea-fata-1.jpeg 2000w\" sizes=\"auto, (max-width: 634px) 100vw, 634px\" \/><\/a>Cu prilejul anivers\u0103rii<!--more--> zilei de na\u015ftere, toate g\u00e2ndurile bune sunt pentru Dumneavoastr\u0103, domnule Florin Nidelea, primar al localit\u0103\u0163ii Clejani! V\u0103 adres\u0103m cele mai sincere \u0219i mai frumoase ur\u0103ri de bine, prosperitate \u0219i s\u0103n\u0103tate.<\/p>\n<p style=\"text-align: justify;\">V\u0103 dorim s\u0103n\u0103tate, r\u0103bdare \u015fi curaj, putere de munc\u0103 \u015fi reu\u015fit\u0103 deplin\u0103 \u00een toate proiectele pe care le ave\u0163i pentru locuitorii comunei Clejani \u015fi \u00een viitor. S\u0103 ave\u0163i via\u021b\u0103 \u00eendelungat\u0103, plin\u0103 de realiz\u0103ri \u0219i bucurii, clipe c\u00e2t mai durabile de satisfac\u021bie \u0219i \u00een\u0103l\u021bare sufleteasc\u0103, s\u0103 ave\u021bi parte de momente frumoase tr\u0103ite \u00een deplin\u0103 armonie spiritual\u0103 al\u0103turi de cei dragi inimii.<\/p>\n<p style=\"text-align: justify;\">S\u0103 r\u0103m\u00e2ne\u0163i la fel de activ, curajos \u015fi \u00eencrez\u0103tor \u00een tot ceea ce v-a\u0163i propus s\u0103 realiza\u0163i pe parcursul urm\u0103torilor ani!<\/p>\n<p style=\"text-align: justify;\"><em>La Mul\u0163i Ani, domnule primar Florin Nidelea!<\/em><\/p>\n","protected":false},"excerpt":{"rendered":"<p>Cu prilejul anivers\u0103rii<\/p>\n","protected":false},"author":1,"featured_media":0,"comment_status":"open","ping_status":"open","sticky":false,"template":"","format":"standard","meta":{"footnotes":""},"categories":[16],"tags":[],"class_list":["post-106939","post","type-post","status-publish","format-standard","hentry","category-astazi-e-ziua-ta"],"_links":{"self":[{"href":"https:\/\/www.giurgiuveanul.ro\/stiri\/wp-json\/wp\/v2\/posts\/106939","targetHints":{"allow":["GET"]}}],"collection":[{"href":"https:\/\/www.giurgiuveanul.ro\/stiri\/wp-json\/wp\/v2\/posts"}],"about":[{"href":"https:\/\/www.giurgiuveanul.ro\/stiri\/wp-json\/wp\/v2\/types\/post"}],"author":[{"embeddable":true,"href":"https:\/\/www.giurgiuveanul.ro\/stiri\/wp-json\/wp\/v2\/users\/1"}],"replies":[{"embeddable":true,"href":"https:\/\/www.giurgiuveanul.ro\/stiri\/wp-json\/wp\/v2\/comments?post=106939"}],"version-history":[{"count":0,"href":"https:\/\/www.giurgiuveanul.ro\/stiri\/wp-json\/wp\/v2\/posts\/106939\/revisions"}],"wp:attachment":[{"href":"https:\/\/www.giurgiuveanul.ro\/stiri\/wp-json\/wp\/v2\/media?parent=106939"}],"wp:term":[{"taxonomy":"category","embeddable":true,"href":"https:\/\/www.giurgiuveanul.ro\/stiri\/wp-json\/wp\/v2\/categories?post=106939"},{"taxonomy":"post_tag","embeddable":true,"href":"https:\/\/www.giurgiuveanul.ro\/stiri\/wp-json\/wp\/v2\/tags?post=106939"}],"curies":[{"name":"wp","href":"https:\/\/api.w.org\/{rel}","templated":true}]}}