{"id":107489,"date":"2024-07-26T08:54:39","date_gmt":"2024-07-26T05:54:39","guid":{"rendered":"https:\/\/www.giurgiuveanul.ro\/stiri\/?p=107489"},"modified":"2024-07-26T08:54:39","modified_gmt":"2024-07-26T05:54:39","slug":"trei-localitati-giurgiuvene-sfantu-gheorghe-adunatii-copaceni-si-vedea-vor-ramane-astazi-26-iulie-fara-curent-electric-care-sunt-strazile-vizate-vezi-aici","status":"publish","type":"post","link":"https:\/\/www.giurgiuveanul.ro\/stiri\/trei-localitati-giurgiuvene-sfantu-gheorghe-adunatii-copaceni-si-vedea-vor-ramane-astazi-26-iulie-fara-curent-electric-care-sunt-strazile-vizate-vezi-aici\/","title":{"rendered":"Trei localit\u0103\u0163i giurgiuvene: Sf\u00e2ntu Gheorghe, Aduna\u0163ii Cop\u0103ceni \u015fi Vedea vor r\u0103m\u00e2ne ast\u0103zi, 26 iulie, f\u0103r\u0103 curent electric! Care sunt str\u0103zile vizate VEZI AICI"},"content":{"rendered":"<p style=\"text-align: justify;\"><a href=\"https:\/\/www.giurgiuveanul.ro\/stiri\/wp-content\/uploads\/2024\/06\/000-4-1.jpg\"><img loading=\"lazy\" decoding=\"async\" class=\"aligncenter  wp-image-106597\" src=\"https:\/\/www.giurgiuveanul.ro\/stiri\/wp-content\/uploads\/2024\/06\/000-4-1-560x312.jpg\" alt=\"\" width=\"608\" height=\"339\" srcset=\"https:\/\/www.giurgiuveanul.ro\/stiri\/wp-content\/uploads\/2024\/06\/000-4-1-560x312.jpg 560w, https:\/\/www.giurgiuveanul.ro\/stiri\/wp-content\/uploads\/2024\/06\/000-4-1-250x139.jpg 250w, https:\/\/www.giurgiuveanul.ro\/stiri\/wp-content\/uploads\/2024\/06\/000-4-1-768x427.jpg 768w, https:\/\/www.giurgiuveanul.ro\/stiri\/wp-content\/uploads\/2024\/06\/000-4-1-400x223.jpg 400w, https:\/\/www.giurgiuveanul.ro\/stiri\/wp-content\/uploads\/2024\/06\/000-4-1.jpg 800w\" sizes=\"auto, (max-width: 608px) 100vw, 608px\" \/><\/a>Re\u021bele Electrice Muntenia<!--more--> a redus pe c\u00e2t posibil num\u0103rul \u00eentreruperilor programate pentru buna administrare \u0219i func\u021bionare a re\u021belei de distribu\u021bie a energiei electrice, pentru a minimiza disconfortul clien\u021bilor. Lucr\u0103rile au fost reduse la cele care sunt necesare. Regret\u0103m nepl\u0103cerile resim\u021bite de clien\u021bi \u00een cazurile \u00een care aceste lucr\u0103ri, efectuate pentru a preveni eventuale probleme \u00een alimentare,\u00a0 \u00a0\u00a0\u00a0perturb\u0103 temporar activit\u0103\u021bile acestora.<\/p>\n<p style=\"text-align: justify;\">Urm\u0103toarele \u00eentreruperi se vor realiza pentru a asigura capacitatea re\u021belei de a func\u021biona \u0219i alimenta clien\u021bii \u00een bune condi\u021bii.<\/p>\n<table width=\"100%\">\n<tbody>\n<tr>\n<td width=\"14%\"><strong>Ziua \/ Data<\/strong><\/td>\n<td width=\"85%\">\n<table width=\"100%\">\n<tbody>\n<tr>\n<td width=\"80%\"><strong>Localitatea, strada afectata<\/strong><\/td>\n<td width=\"19%\"><strong>Orar<\/strong><\/td>\n<\/tr>\n<\/tbody>\n<\/table>\n<\/td>\n<\/tr>\n<tr>\n<td width=\"14%\">Vineri, 26 iulie 2024<\/td>\n<td width=\"85%\">\n<table width=\"100%\">\n<tbody>\n<tr>\n<td width=\"80%\">Sf\u00e2ntu Gheorghe, Localitatea Sf. Gheorghe<\/td>\n<td width=\"19%\">08:00 &#8211; 15:00<\/td>\n<\/tr>\n<tr>\n<td width=\"80%\">Aduna\u0163ii Copaceni, Str. Principala, Rozelor<\/td>\n<td width=\"19%\">08:00 &#8211; 16:00<\/td>\n<\/tr>\n<tr>\n<td width=\"80%\">Adunatii Cop\u0103ceni, Str. Principala, Plopilor, Cucului, Troitei<\/td>\n<td width=\"19%\">08:00 &#8211; 16:00<\/td>\n<\/tr>\n<tr>\n<td width=\"80%\">Vedea, str Arsache, str Viilor, str Independentei, str Daciei, str Balacciului<\/td>\n<td width=\"19%\">09:00 &#8211; 17:00<\/td>\n<\/tr>\n<\/tbody>\n<\/table>\n<\/td>\n<\/tr>\n<\/tbody>\n<\/table>\n","protected":false},"excerpt":{"rendered":"<p>Re\u021bele Electrice Muntenia<\/p>\n","protected":false},"author":1,"featured_media":0,"comment_status":"open","ping_status":"open","sticky":false,"template":"","format":"standard","meta":{"footnotes":""},"categories":[6],"tags":[],"class_list":["post-107489","post","type-post","status-publish","format-standard","hentry","category-breaking-news"],"_links":{"self":[{"href":"https:\/\/www.giurgiuveanul.ro\/stiri\/wp-json\/wp\/v2\/posts\/107489","targetHints":{"allow":["GET"]}}],"collection":[{"href":"https:\/\/www.giurgiuveanul.ro\/stiri\/wp-json\/wp\/v2\/posts"}],"about":[{"href":"https:\/\/www.giurgiuveanul.ro\/stiri\/wp-json\/wp\/v2\/types\/post"}],"author":[{"embeddable":true,"href":"https:\/\/www.giurgiuveanul.ro\/stiri\/wp-json\/wp\/v2\/users\/1"}],"replies":[{"embeddable":true,"href":"https:\/\/www.giurgiuveanul.ro\/stiri\/wp-json\/wp\/v2\/comments?post=107489"}],"version-history":[{"count":0,"href":"https:\/\/www.giurgiuveanul.ro\/stiri\/wp-json\/wp\/v2\/posts\/107489\/revisions"}],"wp:attachment":[{"href":"https:\/\/www.giurgiuveanul.ro\/stiri\/wp-json\/wp\/v2\/media?parent=107489"}],"wp:term":[{"taxonomy":"category","embeddable":true,"href":"https:\/\/www.giurgiuveanul.ro\/stiri\/wp-json\/wp\/v2\/categories?post=107489"},{"taxonomy":"post_tag","embeddable":true,"href":"https:\/\/www.giurgiuveanul.ro\/stiri\/wp-json\/wp\/v2\/tags?post=107489"}],"curies":[{"name":"wp","href":"https:\/\/api.w.org\/{rel}","templated":true}]}}