{"id":107624,"date":"2024-08-02T10:48:55","date_gmt":"2024-08-02T07:48:55","guid":{"rendered":"https:\/\/www.giurgiuveanul.ro\/stiri\/?p=107624"},"modified":"2024-08-02T13:50:44","modified_gmt":"2024-08-02T10:50:44","slug":"ipj-giurgiu-barbat-mort-la-canalul-sfantul-gheorghe-dupa-ce-a-fost-acrosat-de-o-ambarcatiune","status":"publish","type":"post","link":"https:\/\/www.giurgiuveanul.ro\/stiri\/ipj-giurgiu-barbat-mort-la-canalul-sfantul-gheorghe-dupa-ce-a-fost-acrosat-de-o-ambarcatiune\/","title":{"rendered":"IPJ Giurgiu. B\u0103rbat mort la Canalul Sf\u00e2ntul Gheorghe, dup\u0103 ce a fost acro\u015fat de o ambarca\u0163iune"},"content":{"rendered":"<p style=\"text-align: justify;\"><strong><a href=\"https:\/\/www.giurgiuveanul.ro\/stiri\/wp-content\/uploads\/2024\/08\/politia-criminalistica.jpg\"><img loading=\"lazy\" decoding=\"async\" class=\"aligncenter wp-image-107625\" src=\"https:\/\/www.giurgiuveanul.ro\/stiri\/wp-content\/uploads\/2024\/08\/politia-criminalistica-560x312.jpg\" alt=\"\" width=\"607\" height=\"338\" srcset=\"https:\/\/www.giurgiuveanul.ro\/stiri\/wp-content\/uploads\/2024\/08\/politia-criminalistica-560x312.jpg 560w, https:\/\/www.giurgiuveanul.ro\/stiri\/wp-content\/uploads\/2024\/08\/politia-criminalistica-250x139.jpg 250w, https:\/\/www.giurgiuveanul.ro\/stiri\/wp-content\/uploads\/2024\/08\/politia-criminalistica-768x427.jpg 768w, https:\/\/www.giurgiuveanul.ro\/stiri\/wp-content\/uploads\/2024\/08\/politia-criminalistica-400x223.jpg 400w, https:\/\/www.giurgiuveanul.ro\/stiri\/wp-content\/uploads\/2024\/08\/politia-criminalistica.jpg 800w\" sizes=\"auto, (max-width: 607px) 100vw, 607px\" \/><\/a>Poli\u021bi\u0219tii din cadrul Serviciului Jude\u021bean de Transporturi Giurgiu au<!--more--> fost sesiza\u021bi prin apel 112, la data de 1 august a.c., ora 17.50, de c\u0103tre un b\u0103rbat, cu privire la faptul c\u0103 o ambarca\u021biune ar fi acro\u0219at o persoan\u0103 care \u00eenota \u00een Canalul Sf\u00e2ntul Gheorghe al fluviului Dun\u0103rea, zona plaja veche, din municipiul Giurgiu.<\/strong><\/p>\n<p style=\"text-align: justify;\">Din primele cercet\u0103ri, poli\u021bi\u0219tii au stabilit faptul c\u0103 ambarca\u021biunea era condus\u0103 de c\u0103tre un b\u0103rbat, de 40 de ani, din municipiul Giurgiu, care poseda permis de conducere pentru ambarca\u021biuni de agrement.<\/p>\n<p style=\"text-align: justify;\">Dup\u0103 efectuarea manevrelor de resuscitare, a fost declarat decesul b\u0103rbatului acro\u0219at, de 63 de ani.<\/p>\n<p style=\"text-align: justify;\">\u00cen urma verific\u0103rilor efectuate, a reie\u0219it faptul c\u0103 ambarca\u021biunea era ne\u00eenregistrat\u0103, iar \u00een urma test\u0103rii cu aparatul etilotest, a reie\u0219it o valoare de 0,04 mg\/l alcool pur \u00een aerul expirat, b\u0103rbatul \u00een cauz\u0103 fiind transportat la spital, \u00een vederea recolt\u0103rii probelor biologice de s\u00e2nge pentru stabilirea cu exactitate a alcoolemei.<\/p>\n<p style=\"text-align: justify;\">\u00cen cauz\u0103, se efectueaz\u0103 cercet\u0103ri sub aspectul s\u0103v\u00e2r\u0219irii infrac\u021biunilor de ucidere din culp\u0103 \u0219i arborarea f\u0103r\u0103 drept a pavilionului rom\u00e2n ori punerea \u00een exploatare sau naviga\u021bie a unei nave ne\u00eenregistrate.<\/p>\n<p>N.R. Potrivit unor surse, b\u0103rbatul decedat este <strong>Corneliu Minc\u0103<\/strong>, <em>fost prefect al jude\u0163ului Giurgiu,<\/em> \u00een guvernarea Radu Vasile.<\/p>\n","protected":false},"excerpt":{"rendered":"<p>Poli\u021bi\u0219tii din cadrul Serviciului Jude\u021bean de Transporturi Giurgiu au<\/p>\n","protected":false},"author":1,"featured_media":0,"comment_status":"open","ping_status":"open","sticky":false,"template":"","format":"standard","meta":{"footnotes":""},"categories":[6],"tags":[],"class_list":["post-107624","post","type-post","status-publish","format-standard","hentry","category-breaking-news"],"_links":{"self":[{"href":"https:\/\/www.giurgiuveanul.ro\/stiri\/wp-json\/wp\/v2\/posts\/107624","targetHints":{"allow":["GET"]}}],"collection":[{"href":"https:\/\/www.giurgiuveanul.ro\/stiri\/wp-json\/wp\/v2\/posts"}],"about":[{"href":"https:\/\/www.giurgiuveanul.ro\/stiri\/wp-json\/wp\/v2\/types\/post"}],"author":[{"embeddable":true,"href":"https:\/\/www.giurgiuveanul.ro\/stiri\/wp-json\/wp\/v2\/users\/1"}],"replies":[{"embeddable":true,"href":"https:\/\/www.giurgiuveanul.ro\/stiri\/wp-json\/wp\/v2\/comments?post=107624"}],"version-history":[{"count":0,"href":"https:\/\/www.giurgiuveanul.ro\/stiri\/wp-json\/wp\/v2\/posts\/107624\/revisions"}],"wp:attachment":[{"href":"https:\/\/www.giurgiuveanul.ro\/stiri\/wp-json\/wp\/v2\/media?parent=107624"}],"wp:term":[{"taxonomy":"category","embeddable":true,"href":"https:\/\/www.giurgiuveanul.ro\/stiri\/wp-json\/wp\/v2\/categories?post=107624"},{"taxonomy":"post_tag","embeddable":true,"href":"https:\/\/www.giurgiuveanul.ro\/stiri\/wp-json\/wp\/v2\/tags?post=107624"}],"curies":[{"name":"wp","href":"https:\/\/api.w.org\/{rel}","templated":true}]}}