{"id":107629,"date":"2024-08-02T14:37:44","date_gmt":"2024-08-02T11:37:44","guid":{"rendered":"https:\/\/www.giurgiuveanul.ro\/stiri\/?p=107629"},"modified":"2024-08-02T14:37:44","modified_gmt":"2024-08-02T11:37:44","slug":"un-giurgiuvean-si-a-pierdut-viata-dupa-ce-a-fost-acrosat-de-un-tren-de-marfa","status":"publish","type":"post","link":"https:\/\/www.giurgiuveanul.ro\/stiri\/un-giurgiuvean-si-a-pierdut-viata-dupa-ce-a-fost-acrosat-de-un-tren-de-marfa\/","title":{"rendered":"Un giurgiuvean \u0219i-a pierdut via\u021ba, dup\u0103 ce a fost acro\u015fat de un tren de marf\u0103"},"content":{"rendered":"<p style=\"text-align: justify;\"><strong><a href=\"https:\/\/www.giurgiuveanul.ro\/stiri\/wp-content\/uploads\/2024\/08\/61855365.png\"><img loading=\"lazy\" decoding=\"async\" class=\"aligncenter  wp-image-107630\" src=\"https:\/\/www.giurgiuveanul.ro\/stiri\/wp-content\/uploads\/2024\/08\/61855365-560x315.png\" alt=\"\" width=\"622\" height=\"350\" srcset=\"https:\/\/www.giurgiuveanul.ro\/stiri\/wp-content\/uploads\/2024\/08\/61855365-560x315.png 560w, https:\/\/www.giurgiuveanul.ro\/stiri\/wp-content\/uploads\/2024\/08\/61855365-250x141.png 250w, https:\/\/www.giurgiuveanul.ro\/stiri\/wp-content\/uploads\/2024\/08\/61855365-768x432.png 768w, https:\/\/www.giurgiuveanul.ro\/stiri\/wp-content\/uploads\/2024\/08\/61855365-1536x864.png 1536w, https:\/\/www.giurgiuveanul.ro\/stiri\/wp-content\/uploads\/2024\/08\/61855365-400x225.png 400w, https:\/\/www.giurgiuveanul.ro\/stiri\/wp-content\/uploads\/2024\/08\/61855365.png 1920w\" sizes=\"auto, (max-width: 622px) 100vw, 622px\" \/><\/a>Poli\u021bi\u0219tii din cadrul Serviciului Jude\u021bean de<!--more--> Poli\u021bie Transporturi Giurgiu au fost sesiza\u021bi prin apel 112, la data de 1 august a.c., ora 21.20, cu privire la faptul c\u0103 un b\u0103rbat ar fi fost acro\u0219at de c\u0103tre un tren de marf\u0103, \u00een sta\u021bia C.F.R., din localitatea Vadu Lat, potrivit IPJ Giurgiu.<\/strong><\/p>\n<p style=\"text-align: justify;\">\n<p style=\"text-align: justify;\">\u00cen temeiul sesiz\u0103rii, la fa\u021ba locului s-au deplasat poli\u021bi\u0219tii, care au identificat cadavrul unui b\u0103rbat, de 50 de ani, din comuna Clejani, jude\u021bul Giurgiu.<\/p>\n<p style=\"text-align: justify;\">\n<p style=\"text-align: justify;\">Din primele cercet\u0103ri, a reie\u0219it faptul c\u0103 b\u0103rbatul \u00een cauz\u0103 ar fi fost surprins, \u00een timp ce traversa liniile de cale ferat\u0103, de c\u0103tre un tren de marf\u0103, care se deplasa pe ruta Bucure\u0219ti-Craiova.<\/p>\n<p style=\"text-align: justify;\">\n<p style=\"text-align: justify;\">At\u00e2t mecanicul, c\u00e2t \u0219i ajutorul s\u0103u au fost testa\u021bi cu aparatele etilotest, rezultatele fiind 0.<\/p>\n<p style=\"text-align: justify;\">\n<p style=\"text-align: justify;\">\u00cen cauz\u0103, poli\u021bi\u0219tii efectueaz\u0103 cercet\u0103ri sub aspectul s\u0103v\u00e2r\u0219irii infrac\u021biunii de ucidere din culp\u0103<\/p>\n","protected":false},"excerpt":{"rendered":"<p>Poli\u021bi\u0219tii din cadrul Serviciului Jude\u021bean de<\/p>\n","protected":false},"author":1,"featured_media":0,"comment_status":"open","ping_status":"open","sticky":false,"template":"","format":"standard","meta":{"footnotes":""},"categories":[6],"tags":[],"class_list":["post-107629","post","type-post","status-publish","format-standard","hentry","category-breaking-news"],"_links":{"self":[{"href":"https:\/\/www.giurgiuveanul.ro\/stiri\/wp-json\/wp\/v2\/posts\/107629","targetHints":{"allow":["GET"]}}],"collection":[{"href":"https:\/\/www.giurgiuveanul.ro\/stiri\/wp-json\/wp\/v2\/posts"}],"about":[{"href":"https:\/\/www.giurgiuveanul.ro\/stiri\/wp-json\/wp\/v2\/types\/post"}],"author":[{"embeddable":true,"href":"https:\/\/www.giurgiuveanul.ro\/stiri\/wp-json\/wp\/v2\/users\/1"}],"replies":[{"embeddable":true,"href":"https:\/\/www.giurgiuveanul.ro\/stiri\/wp-json\/wp\/v2\/comments?post=107629"}],"version-history":[{"count":0,"href":"https:\/\/www.giurgiuveanul.ro\/stiri\/wp-json\/wp\/v2\/posts\/107629\/revisions"}],"wp:attachment":[{"href":"https:\/\/www.giurgiuveanul.ro\/stiri\/wp-json\/wp\/v2\/media?parent=107629"}],"wp:term":[{"taxonomy":"category","embeddable":true,"href":"https:\/\/www.giurgiuveanul.ro\/stiri\/wp-json\/wp\/v2\/categories?post=107629"},{"taxonomy":"post_tag","embeddable":true,"href":"https:\/\/www.giurgiuveanul.ro\/stiri\/wp-json\/wp\/v2\/tags?post=107629"}],"curies":[{"name":"wp","href":"https:\/\/api.w.org\/{rel}","templated":true}]}}