{"id":107632,"date":"2024-08-02T15:16:55","date_gmt":"2024-08-02T12:16:55","guid":{"rendered":"https:\/\/www.giurgiuveanul.ro\/stiri\/?p=107632"},"modified":"2024-08-02T15:18:29","modified_gmt":"2024-08-02T12:18:29","slug":"primarii-localitatilor-putineiu-si-silistra-parteneriat-pentru-accesarea-un-proiect-european-transfrontalier-in-domeniul-cultural","status":"publish","type":"post","link":"https:\/\/www.giurgiuveanul.ro\/stiri\/primarii-localitatilor-putineiu-si-silistra-parteneriat-pentru-accesarea-un-proiect-european-transfrontalier-in-domeniul-cultural\/","title":{"rendered":"Primarii localit\u0103\u0163ilor Putineiu \u015fi Silistra, parteneriat pentru accesarea unui proiect european transfrontalier \u00een domeniul cultural"},"content":{"rendered":"<p style=\"text-align: justify;\"><strong><a href=\"https:\/\/www.giurgiuveanul.ro\/stiri\/wp-content\/uploads\/2024\/08\/Breazu-11.jpg\"><img loading=\"lazy\" decoding=\"async\" class=\"aligncenter wp-image-107633\" src=\"https:\/\/www.giurgiuveanul.ro\/stiri\/wp-content\/uploads\/2024\/08\/Breazu-11-526x450.jpg\" alt=\"\" width=\"686\" height=\"587\" srcset=\"https:\/\/www.giurgiuveanul.ro\/stiri\/wp-content\/uploads\/2024\/08\/Breazu-11-526x450.jpg 526w, https:\/\/www.giurgiuveanul.ro\/stiri\/wp-content\/uploads\/2024\/08\/Breazu-11-250x214.jpg 250w, https:\/\/www.giurgiuveanul.ro\/stiri\/wp-content\/uploads\/2024\/08\/Breazu-11-768x658.jpg 768w, https:\/\/www.giurgiuveanul.ro\/stiri\/wp-content\/uploads\/2024\/08\/Breazu-11-400x343.jpg 400w, https:\/\/www.giurgiuveanul.ro\/stiri\/wp-content\/uploads\/2024\/08\/Breazu-11.jpg 1051w\" sizes=\"auto, (max-width: 686px) 100vw, 686px\" \/><\/a>Primarul localit\u0103\u0163ii Putineiu, Gheorghe Breazu, \u015fi primarul localit\u0103\u0163ii Silistra, Alexandru Nikolaev Sabanov,<!--more--> s-au \u00eent\u00e2lnit ieri, la Silistra, \u00een Bulgaria. Scopul acestei \u00eent\u00e2lniri a fost acela de a \u00eencheia un parteneriat strategic \u00eentre cele dou\u0103 localit\u0103\u0163i, cu obiectivul de a accesa un proiect transfrontalier cultural.<\/strong><\/p>\n<p style=\"text-align: justify;\">Proiectul, care are ca punct central modernizarea Caselor de Cultur\u0103 din Putineiu \u015fi Silistra, reprezint\u0103 un pas important \u00een dezvoltarea rela\u0163iilor culturale \u015fi economice dintre cele dou\u0103 comunit\u0103\u0163i. Aceasta ini\u0163iativ\u0103 nu doar c\u0103 va \u00eembun\u0103t\u0103\u0163i infrastructura cultural\u0103 local\u0103, dar va contribui \u015fi la consolidarea leg\u0103turilor transfrontaliere, promov\u00e2nd schimburile culturale \u015fi colaborarea \u00eentre Rom\u00e2nia \u015fi Bulgaria.<\/p>\n<p style=\"text-align: justify;\"><em>&#8222;Acest parteneriat este esen\u0163ial pentru dezvoltarea cultural\u0103 \u015fi economic\u0103 a comunit\u0103\u0163ilor noastre. Modernizarea Caselor de Cultur\u0103 va oferi noi oportunit\u0103\u0163i pentru tinerii no\u015ftri \u015fi va \u00eencuraja participarea activ\u0103 la via\u0163a cultural\u0103,&#8221;<\/em> a declarat <strong>Gheorghe Breazu<\/strong>, primarul localit\u0103\u0163ii Putineiu.<\/p>\n<p style=\"text-align: justify;\">La r\u00e2ndul s\u0103u, <strong>Alexandru Nikolaev Sabanov<\/strong>, primarul localit\u0103\u0163ii Silistra, a subliniat importan\u0163a colabor\u0103rii transfrontaliere: <em>\u201cSuntem \u00eenc\u00e2nta\u0163i s\u0103 lucr\u0103m \u00eempreun\u0103 cu partenerii no\u015ftri din Rom\u00e2nia pentru a accesa acest proiect. Casa de Cultur\u0103 este un simbol al identit\u0103\u0163ii noastre locale \u015fi modernizarea sa va aduce beneficii semnificative comunit\u0103\u0163ii noastre.\u201d<\/em><\/p>\n<p style=\"text-align: justify;\">Parteneriatul dintre Putineiu \u015fi Silistra este un exemplu de cooperare, ce va duce la dezvoltare regional\u0103 durabil\u0103. Modernizarea Caselor de Cultur\u0103 va crea un mediu propice pentru organizarea de evenimente culturale, educative \u015fi sociale, \u00eembun\u0103t\u0103\u0163ind astfel calitatea vie\u0163ii locuitorilor din ambele localit\u0103\u0163i.<\/p>\n<p style=\"text-align: justify;\">\u00cencheierea acestui parteneriat marcheaz\u0103 un nou \u00eenceput \u00een rela\u0163iile dintre Putineiu \u015fi Silistra, demonstr\u00e2nd c\u0103 prin colaborare \u015fi ini\u0163iativ\u0103 comun\u0103, se pot realiza proiecte importante pentru comunit\u0103\u0163ile locale.<\/p>\n<p><a href=\"https:\/\/www.giurgiuveanul.ro\/stiri\/wp-content\/uploads\/2024\/08\/breazu-0.jpg\"><img loading=\"lazy\" decoding=\"async\" class=\"aligncenter wp-image-107635\" src=\"https:\/\/www.giurgiuveanul.ro\/stiri\/wp-content\/uploads\/2024\/08\/breazu-0-428x450.jpg\" alt=\"\" width=\"644\" height=\"677\" srcset=\"https:\/\/www.giurgiuveanul.ro\/stiri\/wp-content\/uploads\/2024\/08\/breazu-0-428x450.jpg 428w, https:\/\/www.giurgiuveanul.ro\/stiri\/wp-content\/uploads\/2024\/08\/breazu-0-250x263.jpg 250w, https:\/\/www.giurgiuveanul.ro\/stiri\/wp-content\/uploads\/2024\/08\/breazu-0-768x807.jpg 768w, https:\/\/www.giurgiuveanul.ro\/stiri\/wp-content\/uploads\/2024\/08\/breazu-0-400x420.jpg 400w, https:\/\/www.giurgiuveanul.ro\/stiri\/wp-content\/uploads\/2024\/08\/breazu-0.jpg 1200w\" sizes=\"auto, (max-width: 644px) 100vw, 644px\" \/><\/a> <a href=\"https:\/\/www.giurgiuveanul.ro\/stiri\/wp-content\/uploads\/2024\/08\/Breazu-1.jpg\"><img loading=\"lazy\" decoding=\"async\" class=\"aligncenter wp-image-107636\" src=\"https:\/\/www.giurgiuveanul.ro\/stiri\/wp-content\/uploads\/2024\/08\/Breazu-1-384x450.jpg\" alt=\"\" width=\"644\" height=\"754\" srcset=\"https:\/\/www.giurgiuveanul.ro\/stiri\/wp-content\/uploads\/2024\/08\/Breazu-1-384x450.jpg 384w, https:\/\/www.giurgiuveanul.ro\/stiri\/wp-content\/uploads\/2024\/08\/Breazu-1-250x293.jpg 250w, https:\/\/www.giurgiuveanul.ro\/stiri\/wp-content\/uploads\/2024\/08\/Breazu-1-400x469.jpg 400w, https:\/\/www.giurgiuveanul.ro\/stiri\/wp-content\/uploads\/2024\/08\/Breazu-1.jpg 1193w\" sizes=\"auto, (max-width: 644px) 100vw, 644px\" \/><\/a><\/p>\n","protected":false},"excerpt":{"rendered":"<p>Primarul localit\u0103\u0163ii Putineiu, Gheorghe Breazu, \u015fi primarul localit\u0103\u0163ii Silistra, Alexandru Nikolaev Sabanov,<\/p>\n","protected":false},"author":1,"featured_media":0,"comment_status":"open","ping_status":"open","sticky":false,"template":"","format":"standard","meta":{"footnotes":""},"categories":[6],"tags":[],"class_list":["post-107632","post","type-post","status-publish","format-standard","hentry","category-breaking-news"],"_links":{"self":[{"href":"https:\/\/www.giurgiuveanul.ro\/stiri\/wp-json\/wp\/v2\/posts\/107632","targetHints":{"allow":["GET"]}}],"collection":[{"href":"https:\/\/www.giurgiuveanul.ro\/stiri\/wp-json\/wp\/v2\/posts"}],"about":[{"href":"https:\/\/www.giurgiuveanul.ro\/stiri\/wp-json\/wp\/v2\/types\/post"}],"author":[{"embeddable":true,"href":"https:\/\/www.giurgiuveanul.ro\/stiri\/wp-json\/wp\/v2\/users\/1"}],"replies":[{"embeddable":true,"href":"https:\/\/www.giurgiuveanul.ro\/stiri\/wp-json\/wp\/v2\/comments?post=107632"}],"version-history":[{"count":0,"href":"https:\/\/www.giurgiuveanul.ro\/stiri\/wp-json\/wp\/v2\/posts\/107632\/revisions"}],"wp:attachment":[{"href":"https:\/\/www.giurgiuveanul.ro\/stiri\/wp-json\/wp\/v2\/media?parent=107632"}],"wp:term":[{"taxonomy":"category","embeddable":true,"href":"https:\/\/www.giurgiuveanul.ro\/stiri\/wp-json\/wp\/v2\/categories?post=107632"},{"taxonomy":"post_tag","embeddable":true,"href":"https:\/\/www.giurgiuveanul.ro\/stiri\/wp-json\/wp\/v2\/tags?post=107632"}],"curies":[{"name":"wp","href":"https:\/\/api.w.org\/{rel}","templated":true}]}}