{"id":107639,"date":"2024-08-02T15:52:25","date_gmt":"2024-08-02T12:52:25","guid":{"rendered":"https:\/\/www.giurgiuveanul.ro\/stiri\/?p=107639"},"modified":"2024-08-02T15:53:10","modified_gmt":"2024-08-02T12:53:10","slug":"primaria-municipiului-giurgiu-vandalii-continua-distrugerea-orasului","status":"publish","type":"post","link":"https:\/\/www.giurgiuveanul.ro\/stiri\/primaria-municipiului-giurgiu-vandalii-continua-distrugerea-orasului\/","title":{"rendered":"Prim\u0103ria Municipiului Giurgiu: Vandalii continu\u0103 distrugerea ora\u0219ului"},"content":{"rendered":"<p style=\"text-align: justify;\"><a href=\"https:\/\/www.giurgiuveanul.ro\/stiri\/wp-content\/uploads\/2024\/08\/1.jpg\"><img loading=\"lazy\" decoding=\"async\" class=\"aligncenter wp-image-107640\" src=\"https:\/\/www.giurgiuveanul.ro\/stiri\/wp-content\/uploads\/2024\/08\/1-452x450.jpg\" alt=\"\" width=\"626\" height=\"623\" srcset=\"https:\/\/www.giurgiuveanul.ro\/stiri\/wp-content\/uploads\/2024\/08\/1-452x450.jpg 452w, https:\/\/www.giurgiuveanul.ro\/stiri\/wp-content\/uploads\/2024\/08\/1-250x250.jpg 250w, https:\/\/www.giurgiuveanul.ro\/stiri\/wp-content\/uploads\/2024\/08\/1-768x765.jpg 768w, https:\/\/www.giurgiuveanul.ro\/stiri\/wp-content\/uploads\/2024\/08\/1-200x200.jpg 200w, https:\/\/www.giurgiuveanul.ro\/stiri\/wp-content\/uploads\/2024\/08\/1-400x398.jpg 400w, https:\/\/www.giurgiuveanul.ro\/stiri\/wp-content\/uploads\/2024\/08\/1.jpg 1536w\" sizes=\"auto, (max-width: 626px) 100vw, 626px\" \/><\/a>Cu to\u021bii ne dorim un mediu urban \u0219i sigur, iar astfel de acte de vandalism<!--more--> nu fac dec\u00e2t s\u0103 distrug\u0103 imaginea domeniului public. Zilnic, angaja\u021bii societ\u0103\u021bilor cu competen\u021be \u00een \u00eentre\u021binerea domeniului public constat\u0103 b\u0103nci \u0219i st\u00e2lpi de iluminat ornamental distruse, becuri sparte sau furate \u0219i gunoaie aruncate pe domeniul public.<\/p>\n<p><a href=\"https:\/\/www.giurgiuveanul.ro\/stiri\/wp-content\/uploads\/2024\/08\/2.jpg\"><img loading=\"lazy\" decoding=\"async\" class=\"aligncenter  wp-image-107642\" src=\"https:\/\/www.giurgiuveanul.ro\/stiri\/wp-content\/uploads\/2024\/08\/2-436x450.jpg\" alt=\"\" width=\"614\" height=\"633\" srcset=\"https:\/\/www.giurgiuveanul.ro\/stiri\/wp-content\/uploads\/2024\/08\/2-436x450.jpg 436w, https:\/\/www.giurgiuveanul.ro\/stiri\/wp-content\/uploads\/2024\/08\/2-250x258.jpg 250w, https:\/\/www.giurgiuveanul.ro\/stiri\/wp-content\/uploads\/2024\/08\/2-768x792.jpg 768w, https:\/\/www.giurgiuveanul.ro\/stiri\/wp-content\/uploads\/2024\/08\/2-400x413.jpg 400w, https:\/\/www.giurgiuveanul.ro\/stiri\/wp-content\/uploads\/2024\/08\/2.jpg 1197w\" sizes=\"auto, (max-width: 614px) 100vw, 614px\" \/><\/a> <a href=\"https:\/\/www.giurgiuveanul.ro\/stiri\/wp-content\/uploads\/2024\/08\/3.jpg\"><img loading=\"lazy\" decoding=\"async\" class=\"aligncenter  wp-image-107643\" src=\"https:\/\/www.giurgiuveanul.ro\/stiri\/wp-content\/uploads\/2024\/08\/3-560x425.jpg\" alt=\"\" width=\"613\" height=\"465\" srcset=\"https:\/\/www.giurgiuveanul.ro\/stiri\/wp-content\/uploads\/2024\/08\/3-560x425.jpg 560w, https:\/\/www.giurgiuveanul.ro\/stiri\/wp-content\/uploads\/2024\/08\/3-250x190.jpg 250w, https:\/\/www.giurgiuveanul.ro\/stiri\/wp-content\/uploads\/2024\/08\/3-768x583.jpg 768w, https:\/\/www.giurgiuveanul.ro\/stiri\/wp-content\/uploads\/2024\/08\/3-400x303.jpg 400w, https:\/\/www.giurgiuveanul.ro\/stiri\/wp-content\/uploads\/2024\/08\/3.jpg 1031w\" sizes=\"auto, (max-width: 613px) 100vw, 613px\" \/><\/a><\/p>\n<p style=\"text-align: justify;\">Ultimele fapte de acest gen au fost constatate \u00een parcul recent reabilitat, adiacent Casei Armatei, unde au fost distruse b\u0103ncile \u0219i l\u0103mpile led, dar \u0219i co\u0219urile de gunoi de pe strada Ramadan.<\/p>\n<p style=\"text-align: justify;\">Astfel de acte continu\u0103 s\u0103 produc\u0103 pagube \u00een bugetul local. Pe parcursul acestui an, au fost \u00eenlocuite sau reparate zeci de b\u0103nci, co\u0219uri de gunoi \u0219i st\u00e2lpi de iluminat ornamental.<\/p>\n<p style=\"text-align: justify;\">Rug\u0103m cet\u0103\u0163enii care observ\u0103 sau cunosc aspecte cu privire la s\u0103v\u00e2r\u015firea acestor fapte, s\u0103 sesizeze organele competente. Suntem r\u0103spunz\u0103tori pentru comunitatea \u00een care tr\u0103im, iar dac\u0103 faptele antisociale sunt semnalate la timp, ve\u0163i contribui la eradicarea acestor fenomene, care \u00een ultima perioad\u0103 au luat amploare \u00een municipiul Giurgiu.<\/p>\n","protected":false},"excerpt":{"rendered":"<p>Cu to\u021bii ne dorim un mediu urban \u0219i sigur, iar astfel de acte de vandalism<\/p>\n","protected":false},"author":1,"featured_media":0,"comment_status":"open","ping_status":"open","sticky":false,"template":"","format":"standard","meta":{"footnotes":""},"categories":[6],"tags":[],"class_list":["post-107639","post","type-post","status-publish","format-standard","hentry","category-breaking-news"],"_links":{"self":[{"href":"https:\/\/www.giurgiuveanul.ro\/stiri\/wp-json\/wp\/v2\/posts\/107639","targetHints":{"allow":["GET"]}}],"collection":[{"href":"https:\/\/www.giurgiuveanul.ro\/stiri\/wp-json\/wp\/v2\/posts"}],"about":[{"href":"https:\/\/www.giurgiuveanul.ro\/stiri\/wp-json\/wp\/v2\/types\/post"}],"author":[{"embeddable":true,"href":"https:\/\/www.giurgiuveanul.ro\/stiri\/wp-json\/wp\/v2\/users\/1"}],"replies":[{"embeddable":true,"href":"https:\/\/www.giurgiuveanul.ro\/stiri\/wp-json\/wp\/v2\/comments?post=107639"}],"version-history":[{"count":0,"href":"https:\/\/www.giurgiuveanul.ro\/stiri\/wp-json\/wp\/v2\/posts\/107639\/revisions"}],"wp:attachment":[{"href":"https:\/\/www.giurgiuveanul.ro\/stiri\/wp-json\/wp\/v2\/media?parent=107639"}],"wp:term":[{"taxonomy":"category","embeddable":true,"href":"https:\/\/www.giurgiuveanul.ro\/stiri\/wp-json\/wp\/v2\/categories?post=107639"},{"taxonomy":"post_tag","embeddable":true,"href":"https:\/\/www.giurgiuveanul.ro\/stiri\/wp-json\/wp\/v2\/tags?post=107639"}],"curies":[{"name":"wp","href":"https:\/\/api.w.org\/{rel}","templated":true}]}}