{"id":107646,"date":"2024-08-02T19:59:34","date_gmt":"2024-08-02T16:59:34","guid":{"rendered":"https:\/\/www.giurgiuveanul.ro\/stiri\/?p=107646"},"modified":"2024-08-02T20:11:46","modified_gmt":"2024-08-02T17:11:46","slug":"crima-urmata-de-sinucidere-la-slobozia","status":"publish","type":"post","link":"https:\/\/www.giurgiuveanul.ro\/stiri\/crima-urmata-de-sinucidere-la-slobozia\/","title":{"rendered":"Crim\u0103, urmat\u0103 de sinucidere la Slobozia"},"content":{"rendered":"<p style=\"text-align: justify;\"><a href=\"https:\/\/www.giurgiuveanul.ro\/stiri\/wp-content\/uploads\/2024\/08\/politia-nu-treceti.jpg\"><img loading=\"lazy\" decoding=\"async\" class=\"aligncenter wp-image-107647\" src=\"https:\/\/www.giurgiuveanul.ro\/stiri\/wp-content\/uploads\/2024\/08\/politia-nu-treceti-560x324.jpg\" alt=\"\" width=\"601\" height=\"348\" srcset=\"https:\/\/www.giurgiuveanul.ro\/stiri\/wp-content\/uploads\/2024\/08\/politia-nu-treceti-560x324.jpg 560w, https:\/\/www.giurgiuveanul.ro\/stiri\/wp-content\/uploads\/2024\/08\/politia-nu-treceti-250x145.jpg 250w, https:\/\/www.giurgiuveanul.ro\/stiri\/wp-content\/uploads\/2024\/08\/politia-nu-treceti-400x232.jpg 400w, https:\/\/www.giurgiuveanul.ro\/stiri\/wp-content\/uploads\/2024\/08\/politia-nu-treceti.jpg 660w\" sizes=\"auto, (max-width: 601px) 100vw, 601px\" \/><\/a>Un b\u0103rbat din Slobozia<!--more--> \u0219i-a omor\u00e2t mama, apoi \u0219i-a pus cap\u0103t zilelor, potrivit informa\u021biilor transmise de c\u0103tre cititorii no\u0219tri. Cazul a fost preluat de Parchet \u00eempreun\u0103 cu poli\u0163i\u015fti din cadrul IPJ, \u00een vederea stabilirii \u00eemprejur\u0103rilor \u00een care s-a produs evenimentul.<\/p>\n<p style=\"text-align: justify;\">Vom reveni cu am\u0103nunte de la Inspectoratul de Poli\u021bie Jude\u021bean Giurgiu.<\/p>\n<p><span style=\"color: #ff0000;\"><strong>UPDATE<\/strong><\/span><\/p>\n<p><span style=\"color: #ff0000;\"><strong>Ce spune IPJ Giurgiu<\/strong><\/span><\/p>\n<p style=\"text-align: justify;\">Ast\u0103zi, 2 august, ora 17.17, Poli\u021bia Municipiului Giurgiu a fost sesizat\u0103 prin apel 112, de c\u0103tre un t\u00e2n\u0103r, de 29 de ani, cu privire la faptul c\u0103 tat\u0103l s\u0103u ar fi ucis-o pe bunica sa, o femeie de 84 de ani, dup\u0103 care s-ar fi sp\u00e2nzurat.<\/p>\n<p style=\"text-align: justify;\">Din primele cercet\u0103ri a reie\u0219it c\u0103 \u00een timp ce se afla la domiciliul din localitatea Slobozia, jude\u021bul Giurgiu, un b\u0103rbat, de 61 de ani, ar fi agresat-o fizic pe mama sa, prin aplicarea de lovituri \u00een zona capului \u0219i a corpului, ulterior survenind decesul acesteia.<\/p>\n<p style=\"text-align: justify;\">De asemenea, \u00een holul locuin\u021bei, a fost identificat \u0219i cadavrul b\u0103rbatului, care s-ar fi sp\u00e2nzurat, dup\u0103 ce acesta ar fi omor\u00e2t-o pe femeie.<\/p>\n<p style=\"text-align: justify;\">Cercet\u0103rile sunt continuate sub aspectul s\u0103v\u00e2r\u0219irii infrac\u021biunii de omor, fiind preluate de c\u0103tre procurorul de caz din cadrul Parchetului de pe l\u00e2ng\u0103 Tribunalul Giurgiu.<\/p>\n","protected":false},"excerpt":{"rendered":"<p>Un b\u0103rbat din Slobozia<\/p>\n","protected":false},"author":1,"featured_media":0,"comment_status":"open","ping_status":"open","sticky":false,"template":"","format":"standard","meta":{"footnotes":""},"categories":[6],"tags":[],"class_list":["post-107646","post","type-post","status-publish","format-standard","hentry","category-breaking-news"],"_links":{"self":[{"href":"https:\/\/www.giurgiuveanul.ro\/stiri\/wp-json\/wp\/v2\/posts\/107646","targetHints":{"allow":["GET"]}}],"collection":[{"href":"https:\/\/www.giurgiuveanul.ro\/stiri\/wp-json\/wp\/v2\/posts"}],"about":[{"href":"https:\/\/www.giurgiuveanul.ro\/stiri\/wp-json\/wp\/v2\/types\/post"}],"author":[{"embeddable":true,"href":"https:\/\/www.giurgiuveanul.ro\/stiri\/wp-json\/wp\/v2\/users\/1"}],"replies":[{"embeddable":true,"href":"https:\/\/www.giurgiuveanul.ro\/stiri\/wp-json\/wp\/v2\/comments?post=107646"}],"version-history":[{"count":0,"href":"https:\/\/www.giurgiuveanul.ro\/stiri\/wp-json\/wp\/v2\/posts\/107646\/revisions"}],"wp:attachment":[{"href":"https:\/\/www.giurgiuveanul.ro\/stiri\/wp-json\/wp\/v2\/media?parent=107646"}],"wp:term":[{"taxonomy":"category","embeddable":true,"href":"https:\/\/www.giurgiuveanul.ro\/stiri\/wp-json\/wp\/v2\/categories?post=107646"},{"taxonomy":"post_tag","embeddable":true,"href":"https:\/\/www.giurgiuveanul.ro\/stiri\/wp-json\/wp\/v2\/tags?post=107646"}],"curies":[{"name":"wp","href":"https:\/\/api.w.org\/{rel}","templated":true}]}}