{"id":107676,"date":"2024-08-04T10:35:18","date_gmt":"2024-08-04T07:35:18","guid":{"rendered":"https:\/\/www.giurgiuveanul.ro\/stiri\/?p=107676"},"modified":"2024-08-04T10:35:18","modified_gmt":"2024-08-04T07:35:18","slug":"incendiu-in-padurea-balanoaia","status":"publish","type":"post","link":"https:\/\/www.giurgiuveanul.ro\/stiri\/incendiu-in-padurea-balanoaia\/","title":{"rendered":"INCENDIU \u00een p\u0103durea B\u0103l\u0103noaia"},"content":{"rendered":"<p style=\"text-align: justify;\"><strong><a href=\"https:\/\/www.giurgiuveanul.ro\/stiri\/wp-content\/uploads\/2024\/08\/00-incendiu-Balanoaia.jpg\"><img loading=\"lazy\" decoding=\"async\" class=\"aligncenter  wp-image-107677\" src=\"https:\/\/www.giurgiuveanul.ro\/stiri\/wp-content\/uploads\/2024\/08\/00-incendiu-Balanoaia-560x437.jpg\" alt=\"\" width=\"632\" height=\"493\" srcset=\"https:\/\/www.giurgiuveanul.ro\/stiri\/wp-content\/uploads\/2024\/08\/00-incendiu-Balanoaia-560x437.jpg 560w, https:\/\/www.giurgiuveanul.ro\/stiri\/wp-content\/uploads\/2024\/08\/00-incendiu-Balanoaia-250x195.jpg 250w, https:\/\/www.giurgiuveanul.ro\/stiri\/wp-content\/uploads\/2024\/08\/00-incendiu-Balanoaia-768x599.jpg 768w, https:\/\/www.giurgiuveanul.ro\/stiri\/wp-content\/uploads\/2024\/08\/00-incendiu-Balanoaia-1536x1197.jpg 1536w, https:\/\/www.giurgiuveanul.ro\/stiri\/wp-content\/uploads\/2024\/08\/00-incendiu-Balanoaia-400x312.jpg 400w, https:\/\/www.giurgiuveanul.ro\/stiri\/wp-content\/uploads\/2024\/08\/00-incendiu-Balanoaia.jpg 2000w\" sizes=\"auto, (max-width: 632px) 100vw, 632px\" \/><\/a>Potrivit ISU Giurgiu,<!--more--> aproximativ dou\u0103 ha de miri\u0219te de gr\u00e2u \u0219i circa 40 de ha de litier\u0103 au ars, \u00een aceast\u0103 ieri dup\u0103-amiaz\u0103, \u00een p\u0103durea B\u0103l\u0103noaia.<\/strong><\/p>\n<p>&nbsp;<\/p>\n<p>La caz s-au deplasat pompierii din cadrul Deta\u0219amentului Giurgiu \u0219i Punctului de Lucru C\u0103lug\u0103reni, cu patru autospeciale de stingere \u0219i o cistern\u0103. Ace\u0219tia au fost sprijini\u021bi de personalul Ocolului Silvic Giurgiu.<\/p>\n<p><a href=\"https:\/\/www.giurgiuveanul.ro\/stiri\/wp-content\/uploads\/2024\/08\/00-incendiu-Balanoaia-3.jpg\"><img loading=\"lazy\" decoding=\"async\" class=\"aligncenter  wp-image-107679\" src=\"https:\/\/www.giurgiuveanul.ro\/stiri\/wp-content\/uploads\/2024\/08\/00-incendiu-Balanoaia-3-560x345.jpg\" alt=\"\" width=\"622\" height=\"383\" srcset=\"https:\/\/www.giurgiuveanul.ro\/stiri\/wp-content\/uploads\/2024\/08\/00-incendiu-Balanoaia-3-560x345.jpg 560w, https:\/\/www.giurgiuveanul.ro\/stiri\/wp-content\/uploads\/2024\/08\/00-incendiu-Balanoaia-3-250x154.jpg 250w, https:\/\/www.giurgiuveanul.ro\/stiri\/wp-content\/uploads\/2024\/08\/00-incendiu-Balanoaia-3-768x473.jpg 768w, https:\/\/www.giurgiuveanul.ro\/stiri\/wp-content\/uploads\/2024\/08\/00-incendiu-Balanoaia-3-1536x945.jpg 1536w, https:\/\/www.giurgiuveanul.ro\/stiri\/wp-content\/uploads\/2024\/08\/00-incendiu-Balanoaia-3-400x246.jpg 400w, https:\/\/www.giurgiuveanul.ro\/stiri\/wp-content\/uploads\/2024\/08\/00-incendiu-Balanoaia-3.jpg 2000w\" sizes=\"auto, (max-width: 622px) 100vw, 622px\" \/><\/a><\/p>\n<p>Pompierii au constatat faptul c\u0103 incendiul se manifesta violent la miri\u0219te, vegeta\u021bie uscat\u0103, dar \u0219i \u00een interiorul p\u0103durii, \u00een mai multe focare, arderea fiind \u00eentre\u021binut\u0103 de v\u00e2nt.<\/p>\n<p><a href=\"https:\/\/www.giurgiuveanul.ro\/stiri\/wp-content\/uploads\/2024\/08\/00-incendiu-Balanoaia-22.jpg\"><img loading=\"lazy\" decoding=\"async\" class=\"aligncenter  wp-image-107678\" src=\"https:\/\/www.giurgiuveanul.ro\/stiri\/wp-content\/uploads\/2024\/08\/00-incendiu-Balanoaia-22-560x400.jpg\" alt=\"\" width=\"618\" height=\"442\" srcset=\"https:\/\/www.giurgiuveanul.ro\/stiri\/wp-content\/uploads\/2024\/08\/00-incendiu-Balanoaia-22-560x400.jpg 560w, https:\/\/www.giurgiuveanul.ro\/stiri\/wp-content\/uploads\/2024\/08\/00-incendiu-Balanoaia-22-250x179.jpg 250w, https:\/\/www.giurgiuveanul.ro\/stiri\/wp-content\/uploads\/2024\/08\/00-incendiu-Balanoaia-22-768x549.jpg 768w, https:\/\/www.giurgiuveanul.ro\/stiri\/wp-content\/uploads\/2024\/08\/00-incendiu-Balanoaia-22-1536x1097.jpg 1536w, https:\/\/www.giurgiuveanul.ro\/stiri\/wp-content\/uploads\/2024\/08\/00-incendiu-Balanoaia-22-400x286.jpg 400w, https:\/\/www.giurgiuveanul.ro\/stiri\/wp-content\/uploads\/2024\/08\/00-incendiu-Balanoaia-22.jpg 2000w\" sizes=\"auto, (max-width: 618px) 100vw, 618px\" \/><\/a><\/p>\n<p>\u00cen unele dintre locuri accesul cu autospeciale nu s-a putut realiza, fl\u0103c\u0103rile fiind stinse pompieri \u0219i de personalul silvic, cu ajutorul lope\u021bilor speciale \u0219i al sting\u0103toarelor.<\/p>\n<p>&nbsp;<\/p>\n<p>Fiind o suprafa\u021b\u0103 mare, \u00een zon\u0103 \u00eemp\u0103durit\u0103, personalul a fost suplimentat \u0219i a fost alertat\u0103 o tur\u0103 de serviciu aflat\u0103 \u00een timpul liber.<\/p>\n<p>&nbsp;<\/p>\n<p>Cel mai probabil, incendiul a fost provocat de un foc \u00een aer liber l\u0103sat nesupravegheat.<\/p>\n<p>&nbsp;<\/p>\n<p>Atragem aten\u021bia asupra faptului c\u0103 folosirea focului deschis pentru igienizarea terenurilor, arderea gunoaielor, a de\u0219eurilor \u0219i a altor materiale combustibile pot avea consecin\u021be grave, at\u00e2t asupra mediului \u00eenconjur\u0103tor, c\u00e2t \u0219i asupra propriet\u0103\u021bii sau chiar vie\u021bii oamenilor. \u00cen astfel de cazuri, fl\u0103c\u0103rile se pot \u00eentinde cu repeziciune pe o suprafa\u021b\u0103 mare, iar \u00een condi\u021bii de v\u00e2nt, incendiile de vegeta\u021bie uscat\u0103 sau de de\u0219euri menajere pot deveni \u0219i mai periculoase dac\u0103 se manifest\u0103 aproape de locuin\u021be, de re\u021bele de electricitate sau de locuri cu pericol de explozie.<\/p>\n","protected":false},"excerpt":{"rendered":"<p>Potrivit ISU Giurgiu,<\/p>\n","protected":false},"author":1,"featured_media":0,"comment_status":"open","ping_status":"open","sticky":false,"template":"","format":"standard","meta":{"footnotes":""},"categories":[6],"tags":[],"class_list":["post-107676","post","type-post","status-publish","format-standard","hentry","category-breaking-news"],"_links":{"self":[{"href":"https:\/\/www.giurgiuveanul.ro\/stiri\/wp-json\/wp\/v2\/posts\/107676","targetHints":{"allow":["GET"]}}],"collection":[{"href":"https:\/\/www.giurgiuveanul.ro\/stiri\/wp-json\/wp\/v2\/posts"}],"about":[{"href":"https:\/\/www.giurgiuveanul.ro\/stiri\/wp-json\/wp\/v2\/types\/post"}],"author":[{"embeddable":true,"href":"https:\/\/www.giurgiuveanul.ro\/stiri\/wp-json\/wp\/v2\/users\/1"}],"replies":[{"embeddable":true,"href":"https:\/\/www.giurgiuveanul.ro\/stiri\/wp-json\/wp\/v2\/comments?post=107676"}],"version-history":[{"count":0,"href":"https:\/\/www.giurgiuveanul.ro\/stiri\/wp-json\/wp\/v2\/posts\/107676\/revisions"}],"wp:attachment":[{"href":"https:\/\/www.giurgiuveanul.ro\/stiri\/wp-json\/wp\/v2\/media?parent=107676"}],"wp:term":[{"taxonomy":"category","embeddable":true,"href":"https:\/\/www.giurgiuveanul.ro\/stiri\/wp-json\/wp\/v2\/categories?post=107676"},{"taxonomy":"post_tag","embeddable":true,"href":"https:\/\/www.giurgiuveanul.ro\/stiri\/wp-json\/wp\/v2\/tags?post=107676"}],"curies":[{"name":"wp","href":"https:\/\/api.w.org\/{rel}","templated":true}]}}