{"id":108179,"date":"2024-08-28T08:53:58","date_gmt":"2024-08-28T05:53:58","guid":{"rendered":"https:\/\/www.giurgiuveanul.ro\/stiri\/?p=108179"},"modified":"2024-08-28T08:53:58","modified_gmt":"2024-08-28T05:53:58","slug":"isu-giurgiu-incendiu-violent-intr-o-gospodarie-din-localitatea-izvoru","status":"publish","type":"post","link":"https:\/\/www.giurgiuveanul.ro\/stiri\/isu-giurgiu-incendiu-violent-intr-o-gospodarie-din-localitatea-izvoru\/","title":{"rendered":"ISU Giurgiu: Incendiu violent \u00eentr-o gospod\u0103rie din localitatea Izvoru"},"content":{"rendered":"<p style=\"text-align: justify;\"><strong><a href=\"https:\/\/www.giurgiuveanul.ro\/stiri\/wp-content\/uploads\/2024\/08\/00000000000000-incendiu-izvoarele.jpeg\"><img loading=\"lazy\" decoding=\"async\" class=\"aligncenter  wp-image-108180\" src=\"https:\/\/www.giurgiuveanul.ro\/stiri\/wp-content\/uploads\/2024\/08\/00000000000000-incendiu-izvoarele-560x391.jpeg\" alt=\"\" width=\"643\" height=\"449\" srcset=\"https:\/\/www.giurgiuveanul.ro\/stiri\/wp-content\/uploads\/2024\/08\/00000000000000-incendiu-izvoarele-560x391.jpeg 560w, https:\/\/www.giurgiuveanul.ro\/stiri\/wp-content\/uploads\/2024\/08\/00000000000000-incendiu-izvoarele-250x174.jpeg 250w, https:\/\/www.giurgiuveanul.ro\/stiri\/wp-content\/uploads\/2024\/08\/00000000000000-incendiu-izvoarele-768x536.jpeg 768w, https:\/\/www.giurgiuveanul.ro\/stiri\/wp-content\/uploads\/2024\/08\/00000000000000-incendiu-izvoarele-400x279.jpeg 400w, https:\/\/www.giurgiuveanul.ro\/stiri\/wp-content\/uploads\/2024\/08\/00000000000000-incendiu-izvoarele.jpeg 1533w\" sizes=\"auto, (max-width: 643px) 100vw, 643px\" \/><\/a>Un incendiu violent s-a produs,<!--more--> ieri dup\u0103-amiaz\u0103, \u00eentr-o gospod\u0103rie din localitatea Izvoru, potrivit ISU Giurgiu.<\/strong><\/p>\n<p style=\"text-align: justify;\">\n<p style=\"text-align: justify;\">La fa\u021ba locului s-au deplasat\u00a0 pompierii din cadrul Deta\u0219amentului Giurgiu cu dou\u0103 autospeciale de stingere, o ambulan\u021b\u0103 SMURD \u0219i una SAJ.\u00a0 Ace\u0219tia au constatat faptul c\u0103 incendiul se manifesta violent, at\u00e2t la acoperisul casei \u0219i \u00een interior, c\u00e2t \u0219i la dou\u0103 anexe, exist\u00e2nd riscul de propagare la vecini.<\/p>\n<p style=\"text-align: justify;\">\n<p style=\"text-align: justify;\">Pentru a \u00eenl\u0103tura pericolul de explozie, din locuin\u021b\u0103 au fost evacuate trei butelii.<\/p>\n<p style=\"text-align: justify;\">\n<p style=\"text-align: justify;\">\u00cen urma incendiului au ars locuin\u021ba pe o suprafa\u021b\u0103 de aproximativ 90 de mp, anexele gospod\u0103re\u0219ti pe o suprafa\u021b\u0103 de circa 40 de mp, electronice \u0219i electrocasnice.<\/p>\n<p style=\"text-align: justify;\">\n<p style=\"text-align: justify;\">Cauza probabil\u0103 de producere a incendiului a fost aragazul aflat \u00een func\u021biune, l\u0103sat nesupravegheat.<\/p>\n<p style=\"text-align: justify;\">\n<p style=\"text-align: justify;\">Pentru a preveni astfel de incendii v\u0103 recomand\u0103m:<\/p>\n<p style=\"text-align: justify;\">\n<p style=\"text-align: justify;\">\u2714\ufe0f s\u0103 nu l\u0103sa\u0163i m\u00e2ncarea pe foc, nesupravegheat\u0103;<\/p>\n<p style=\"text-align: justify;\">\u2714\ufe0f dup\u0103 ce a\u0163i terminat de g\u0103tit asigura\u0163i-v\u0103 c\u0103 a\u0163i oprit cuptorul, aragazul \u0219i butelia;<\/p>\n<p style=\"text-align: justify;\">\u2714\ufe0f cur\u0103\u0163a\u0163i \u015fi \u00eendep\u0103rta\u0163i depunerile de gr\u0103sime \u015fi resturile de m\u00e2ncare de pe aragazurile, plitele \u015fi gr\u0103tarele din buc\u0103t\u0103rie, deoarece acestea pot lua foc u\u015for;<\/p>\n<p style=\"text-align: justify;\">\u2714\ufe0f nu l\u0103sa\u0163i copiii singuri \u00een buc\u0103t\u0103rie. P\u0103stra\u0163i chibriturile \u015fi brichetele acolo unde ace\u0219tia nu pot ajunge \u015fi amplasa\u0163i un dispozitiv de siguran\u0163\u0103 la u\u015fa de la cuptor.<\/p>\n<p style=\"text-align: justify;\">\n<p style=\"text-align: justify;\">Dac\u0103 ia foc uleiul sau con\u021binutul dintr-o tigaie:<\/p>\n<p style=\"text-align: justify;\">\n<p style=\"text-align: justify;\">\u2714\ufe0f opri\u0163i alimentarea cu gaz\/energie electric\u0103 a aragazului\/ma\u015finii de g\u0103tit pe care este tigaia (dac\u0103 pute\u0163i s\u0103 o face\u0163i \u00een siguran\u0163\u0103) \u015fi l\u0103sa\u0163i-o s\u0103 se r\u0103ceasc\u0103;<\/p>\n<p style=\"text-align: justify;\">\u2714\ufe0f nu arunca\u0163i tigaia pe jos sau pe mobilierul de buc\u0103t\u0103rie \u015fi nu turna\u0163i ap\u0103 peste aceasta;<\/p>\n<p style=\"text-align: justify;\">\u2714\ufe0f stinge\u0163i tig\u0103ile care sunt \u00een fl\u0103c\u0103ri acoperindu-le cu un capac sau pun\u00e2nd un prosop ud peste acestea.<\/p>\n","protected":false},"excerpt":{"rendered":"<p>Un incendiu violent s-a produs,<\/p>\n","protected":false},"author":1,"featured_media":0,"comment_status":"open","ping_status":"open","sticky":false,"template":"","format":"standard","meta":{"footnotes":""},"categories":[6],"tags":[],"class_list":["post-108179","post","type-post","status-publish","format-standard","hentry","category-breaking-news"],"_links":{"self":[{"href":"https:\/\/www.giurgiuveanul.ro\/stiri\/wp-json\/wp\/v2\/posts\/108179","targetHints":{"allow":["GET"]}}],"collection":[{"href":"https:\/\/www.giurgiuveanul.ro\/stiri\/wp-json\/wp\/v2\/posts"}],"about":[{"href":"https:\/\/www.giurgiuveanul.ro\/stiri\/wp-json\/wp\/v2\/types\/post"}],"author":[{"embeddable":true,"href":"https:\/\/www.giurgiuveanul.ro\/stiri\/wp-json\/wp\/v2\/users\/1"}],"replies":[{"embeddable":true,"href":"https:\/\/www.giurgiuveanul.ro\/stiri\/wp-json\/wp\/v2\/comments?post=108179"}],"version-history":[{"count":0,"href":"https:\/\/www.giurgiuveanul.ro\/stiri\/wp-json\/wp\/v2\/posts\/108179\/revisions"}],"wp:attachment":[{"href":"https:\/\/www.giurgiuveanul.ro\/stiri\/wp-json\/wp\/v2\/media?parent=108179"}],"wp:term":[{"taxonomy":"category","embeddable":true,"href":"https:\/\/www.giurgiuveanul.ro\/stiri\/wp-json\/wp\/v2\/categories?post=108179"},{"taxonomy":"post_tag","embeddable":true,"href":"https:\/\/www.giurgiuveanul.ro\/stiri\/wp-json\/wp\/v2\/tags?post=108179"}],"curies":[{"name":"wp","href":"https:\/\/api.w.org\/{rel}","templated":true}]}}