{"id":10837,"date":"2014-01-27T16:52:55","date_gmt":"2014-01-27T14:52:55","guid":{"rendered":"https:\/\/www.giurgiuveanul.ro\/stiri\/?p=10837"},"modified":"2014-01-27T17:28:26","modified_gmt":"2014-01-27T15:28:26","slug":"ultima-ora-s-a-modificat-schimbarea-gradinitele-vor-functiona-marti-28-ianuarie-2014","status":"publish","type":"post","link":"https:\/\/www.giurgiuveanul.ro\/stiri\/ultima-ora-s-a-modificat-schimbarea-gradinitele-vor-functiona-marti-28-ianuarie-2014\/","title":{"rendered":"ULTIMA OR\u0102! S-a modificat\u2026 schimbarea: gr\u0103dini\u0163ele vor func\u0163iona mar\u0163i, 28 ianuarie 2014!"},"content":{"rendered":"<p><a href=\"https:\/\/www.giurgiuveanul.ro\/stiri\/wp-content\/uploads\/2014\/01\/gradinita.jpg\"><img loading=\"lazy\" decoding=\"async\" class=\"aligncenter size-large wp-image-10838\" alt=\"gradinita\" src=\"https:\/\/www.giurgiuveanul.ro\/stiri\/wp-content\/uploads\/2014\/01\/gradinita-560x301.jpg\" width=\"560\" height=\"301\" srcset=\"https:\/\/www.giurgiuveanul.ro\/stiri\/wp-content\/uploads\/2014\/01\/gradinita-560x301.jpg 560w, https:\/\/www.giurgiuveanul.ro\/stiri\/wp-content\/uploads\/2014\/01\/gradinita-250x134.jpg 250w, https:\/\/www.giurgiuveanul.ro\/stiri\/wp-content\/uploads\/2014\/01\/gradinita-400x215.jpg 400w, https:\/\/www.giurgiuveanul.ro\/stiri\/wp-content\/uploads\/2014\/01\/gradinita.jpg 578w\" sizes=\"auto, (max-width: 560px) 100vw, 560px\" \/><\/a>Ini\u0163ial s-a stabilit c\u0103 gr\u0103dini\u0163ele, \u015fcolile gimnaziale \u0219i liceele din Giurgiu vor fi \u00eenchise mar\u021bi, 28 ianuarie 2014, din cauza condi\u021biilor meteorologice nefavorabile.<\/p>\n<p>M\u0103suri similare au fost luate de <!--more-->mai multe inspectorate jude\u021bene. Ministrul Educa\u021biei, Remus Pricopie, a anun\u021bat c\u0103, practic, toate cele 26 de jude\u021be vizate de codul portocaliu \u0219i galben, cursurile au fost suspendate.<\/p>\n<p>Informa\u0163ii de ultim\u0103 or\u0103 ne aduc la cuno\u015ftin\u0163\u0103 faptul c\u0103 \u00een jude\u0163ele Buz\u0103u \u015fi Giurgiu, pentru a veni \u00een ajutorul p\u0103rin\u0163ilor, autorit\u0103\u0163ile au hot\u0103r\u00e2t ca gr\u0103dini\u0163ele cu program prelungit din municipiile Buz\u0103u \u015fi Giurgiu s\u0103 fie deschise, \u00een timp ce \u015fcolile \u015fi liceele din cele dou\u0103 jude\u0163e s\u0103 r\u0103m\u00e2n\u0103 \u00eenchise.<\/p>\n","protected":false},"excerpt":{"rendered":"<p>Ini\u0163ial s-a stabilit c\u0103 gr\u0103dini\u0163ele, \u015fcolile gimnaziale \u0219i liceele din Giurgiu vor fi \u00eenchise mar\u021bi, 28 ianuarie 2014, din cauza condi\u021biilor meteorologice nefavorabile. M\u0103suri similare au fost luate de<\/p>\n","protected":false},"author":2,"featured_media":0,"comment_status":"open","ping_status":"open","sticky":false,"template":"","format":"standard","meta":{"footnotes":""},"categories":[13],"tags":[],"class_list":["post-10837","post","type-post","status-publish","format-standard","hentry","category-ultima-ora"],"_links":{"self":[{"href":"https:\/\/www.giurgiuveanul.ro\/stiri\/wp-json\/wp\/v2\/posts\/10837","targetHints":{"allow":["GET"]}}],"collection":[{"href":"https:\/\/www.giurgiuveanul.ro\/stiri\/wp-json\/wp\/v2\/posts"}],"about":[{"href":"https:\/\/www.giurgiuveanul.ro\/stiri\/wp-json\/wp\/v2\/types\/post"}],"author":[{"embeddable":true,"href":"https:\/\/www.giurgiuveanul.ro\/stiri\/wp-json\/wp\/v2\/users\/2"}],"replies":[{"embeddable":true,"href":"https:\/\/www.giurgiuveanul.ro\/stiri\/wp-json\/wp\/v2\/comments?post=10837"}],"version-history":[{"count":0,"href":"https:\/\/www.giurgiuveanul.ro\/stiri\/wp-json\/wp\/v2\/posts\/10837\/revisions"}],"wp:attachment":[{"href":"https:\/\/www.giurgiuveanul.ro\/stiri\/wp-json\/wp\/v2\/media?parent=10837"}],"wp:term":[{"taxonomy":"category","embeddable":true,"href":"https:\/\/www.giurgiuveanul.ro\/stiri\/wp-json\/wp\/v2\/categories?post=10837"},{"taxonomy":"post_tag","embeddable":true,"href":"https:\/\/www.giurgiuveanul.ro\/stiri\/wp-json\/wp\/v2\/tags?post=10837"}],"curies":[{"name":"wp","href":"https:\/\/api.w.org\/{rel}","templated":true}]}}