{"id":10867,"date":"2014-01-28T14:33:43","date_gmt":"2014-01-28T12:33:43","guid":{"rendered":"https:\/\/www.giurgiuveanul.ro\/stiri\/?p=10867"},"modified":"2014-01-28T14:42:23","modified_gmt":"2014-01-28T12:42:23","slug":"ultima-ora-in-judetul-giurgiu-se-suspenda-cursurile-scolare-si-miercuri-29-ianuarie","status":"publish","type":"post","link":"https:\/\/www.giurgiuveanul.ro\/stiri\/ultima-ora-in-judetul-giurgiu-se-suspenda-cursurile-scolare-si-miercuri-29-ianuarie\/","title":{"rendered":"ULTIMA OR\u0102! \u00cen jude\u0163ul Giurgiu se suspend\u0103 cursurile \u015fcolare \u015fi miercuri, 29 ianuarie!"},"content":{"rendered":"<p style=\"text-align: justify;\"><a href=\"https:\/\/www.giurgiuveanul.ro\/stiri\/wp-content\/uploads\/2014\/01\/iarna_grea_CP_1d8a12dc2e.jpg\"><img loading=\"lazy\" decoding=\"async\" class=\"aligncenter size-large wp-image-10868\" alt=\"iarna_grea_CP_1d8a12dc2e\" src=\"https:\/\/www.giurgiuveanul.ro\/stiri\/wp-content\/uploads\/2014\/01\/iarna_grea_CP_1d8a12dc2e-560x321.jpg\" width=\"560\" height=\"321\" srcset=\"https:\/\/www.giurgiuveanul.ro\/stiri\/wp-content\/uploads\/2014\/01\/iarna_grea_CP_1d8a12dc2e-560x321.jpg 560w, https:\/\/www.giurgiuveanul.ro\/stiri\/wp-content\/uploads\/2014\/01\/iarna_grea_CP_1d8a12dc2e-250x143.jpg 250w, https:\/\/www.giurgiuveanul.ro\/stiri\/wp-content\/uploads\/2014\/01\/iarna_grea_CP_1d8a12dc2e-400x229.jpg 400w, https:\/\/www.giurgiuveanul.ro\/stiri\/wp-content\/uploads\/2014\/01\/iarna_grea_CP_1d8a12dc2e.jpg 614w\" sizes=\"auto, (max-width: 560px) 100vw, 560px\" \/><\/a>Cursurile r\u0103m\u00e2n\u00a0 suspendate \u015fi miercuri, 29\u00a0 ianuarie 2014, \u00een TOATE unit\u0103\u021bile de \u00eenv\u0103\u021b\u0103m\u00e2nt\u00a0 din jude\u0163ul Giurgiu, cu excep\u021bia <!--more-->gr\u0103dini\u021belor cu program de prelungit.<\/p>\n<p style=\"text-align: justify;\">Aceast\u0103 hot\u0103r\u00eere\u00a0 a fost luat\u0103 \u00een urma recomand\u0103rii Ministerului EDUCA\u021aIEI Nationale, av\u00e2nd \u00een vedere c\u0103 jude\u021bul Giurgiu se afl\u0103 sub inciden\u021ba codului portocaliu de viscol.<\/p>\n","protected":false},"excerpt":{"rendered":"<p>Cursurile r\u0103m\u00e2n\u00a0 suspendate \u015fi miercuri, 29\u00a0 ianuarie 2014, \u00een TOATE unit\u0103\u021bile de \u00eenv\u0103\u021b\u0103m\u00e2nt\u00a0 din jude\u0163ul Giurgiu, cu excep\u021bia<\/p>\n","protected":false},"author":2,"featured_media":0,"comment_status":"open","ping_status":"open","sticky":false,"template":"","format":"standard","meta":{"footnotes":""},"categories":[13],"tags":[],"class_list":["post-10867","post","type-post","status-publish","format-standard","hentry","category-ultima-ora"],"_links":{"self":[{"href":"https:\/\/www.giurgiuveanul.ro\/stiri\/wp-json\/wp\/v2\/posts\/10867","targetHints":{"allow":["GET"]}}],"collection":[{"href":"https:\/\/www.giurgiuveanul.ro\/stiri\/wp-json\/wp\/v2\/posts"}],"about":[{"href":"https:\/\/www.giurgiuveanul.ro\/stiri\/wp-json\/wp\/v2\/types\/post"}],"author":[{"embeddable":true,"href":"https:\/\/www.giurgiuveanul.ro\/stiri\/wp-json\/wp\/v2\/users\/2"}],"replies":[{"embeddable":true,"href":"https:\/\/www.giurgiuveanul.ro\/stiri\/wp-json\/wp\/v2\/comments?post=10867"}],"version-history":[{"count":0,"href":"https:\/\/www.giurgiuveanul.ro\/stiri\/wp-json\/wp\/v2\/posts\/10867\/revisions"}],"wp:attachment":[{"href":"https:\/\/www.giurgiuveanul.ro\/stiri\/wp-json\/wp\/v2\/media?parent=10867"}],"wp:term":[{"taxonomy":"category","embeddable":true,"href":"https:\/\/www.giurgiuveanul.ro\/stiri\/wp-json\/wp\/v2\/categories?post=10867"},{"taxonomy":"post_tag","embeddable":true,"href":"https:\/\/www.giurgiuveanul.ro\/stiri\/wp-json\/wp\/v2\/tags?post=10867"}],"curies":[{"name":"wp","href":"https:\/\/api.w.org\/{rel}","templated":true}]}}