{"id":108707,"date":"2024-09-16T18:02:04","date_gmt":"2024-09-16T15:02:04","guid":{"rendered":"https:\/\/www.giurgiuveanul.ro\/stiri\/?p=108707"},"modified":"2024-09-16T18:08:04","modified_gmt":"2024-09-16T15:08:04","slug":"ati-simtit-cutremurul-2","status":"publish","type":"post","link":"https:\/\/www.giurgiuveanul.ro\/stiri\/ati-simtit-cutremurul-2\/","title":{"rendered":"A\u021bi sim\u021bit cutremurul?"},"content":{"rendered":"<div class=\"intro intro--bold\">\n<p style=\"text-align: justify;\"><strong><a href=\"https:\/\/www.giurgiuveanul.ro\/stiri\/wp-content\/uploads\/2024\/09\/cutremur-acum-setare-alerta-ios-android-1.jpg\"><img loading=\"lazy\" decoding=\"async\" class=\"aligncenter wp-image-108708\" src=\"https:\/\/www.giurgiuveanul.ro\/stiri\/wp-content\/uploads\/2024\/09\/cutremur-acum-setare-alerta-ios-android-1-560x345.jpg\" alt=\"\" width=\"622\" height=\"383\" srcset=\"https:\/\/www.giurgiuveanul.ro\/stiri\/wp-content\/uploads\/2024\/09\/cutremur-acum-setare-alerta-ios-android-1-560x345.jpg 560w, https:\/\/www.giurgiuveanul.ro\/stiri\/wp-content\/uploads\/2024\/09\/cutremur-acum-setare-alerta-ios-android-1-250x154.jpg 250w, https:\/\/www.giurgiuveanul.ro\/stiri\/wp-content\/uploads\/2024\/09\/cutremur-acum-setare-alerta-ios-android-1-768x474.jpg 768w, https:\/\/www.giurgiuveanul.ro\/stiri\/wp-content\/uploads\/2024\/09\/cutremur-acum-setare-alerta-ios-android-1-400x247.jpg 400w, https:\/\/www.giurgiuveanul.ro\/stiri\/wp-content\/uploads\/2024\/09\/cutremur-acum-setare-alerta-ios-android-1.jpg 788w\" sizes=\"auto, (max-width: 622px) 100vw, 622px\" \/><\/a>Un cutremur cu magnitudinea de moment 5,5 a avut loc \u00een aceast\u0103 dup\u0103-amiaz\u0103, la ora 17.40, \u00een Rom\u00e2nia.<\/strong><\/p>\n<\/div>\n<p style=\"text-align: justify;\"><strong><!--more--><\/strong><\/p>\n<div id=\"article-content\" class=\"content-floated-wrap fb-quotable\">\n<div class=\"wsw\">\n<p style=\"text-align: justify;\"><strong>Cutremurul a avut loc la ora 17:41 \u0219i a avut o magnitudine de moment de 5,5, conform\u00a0<a class=\"wsw__a\" href=\"http:\/\/www.infp.ro\/\" target=\"_blank\" rel=\"noopener\">infp.ro<\/a>.<\/strong><\/p>\n<p style=\"text-align: justify;\">Seismul s-a produs \u00een zona seismic\u0103 Vrancea-Buz\u0103u la o ad\u00e2ncime de aproximativ 150 de kilometri.<\/p>\n<p style=\"text-align: justify;\">Potrivit Centrului German pentru Geo\u0219tiin\u021be, cutremurul a avut magnitudinea de 5,47.<\/p>\n<p style=\"text-align: justify;\">Cutremurul s-a produs la 57 kilometri nord-vest de ora\u0219ul Buz\u0103u, la 58 km sud-est de Sf\u00e2ntu-Gheorghe, la 61 km est de Bra\u0219ov, 64 km vest de Foc\u0219ani \u0219i 73 km nord-est de Ploie\u0219ti.<\/p>\n<p style=\"text-align: justify;\"><strong>Seismul a fost resim\u021bit \u00een Bucure\u0219ti dar \u0219i \u00een Giurgiu.<\/strong><\/p>\n<p style=\"text-align: justify;\">Deocamdat\u0103 nu sunt informa\u021bii cu privire la eventuale pagube provocate de seism.<\/p>\n<\/div>\n<\/div>\n","protected":false},"excerpt":{"rendered":"<p>Un cutremur cu magnitudinea de moment 5,5 a avut loc \u00een aceast\u0103 dup\u0103-amiaz\u0103, la ora 17.40, \u00een Rom\u00e2nia.<\/p>\n","protected":false},"author":1,"featured_media":0,"comment_status":"open","ping_status":"open","sticky":false,"template":"","format":"standard","meta":{"footnotes":""},"categories":[6],"tags":[],"class_list":["post-108707","post","type-post","status-publish","format-standard","hentry","category-breaking-news"],"_links":{"self":[{"href":"https:\/\/www.giurgiuveanul.ro\/stiri\/wp-json\/wp\/v2\/posts\/108707","targetHints":{"allow":["GET"]}}],"collection":[{"href":"https:\/\/www.giurgiuveanul.ro\/stiri\/wp-json\/wp\/v2\/posts"}],"about":[{"href":"https:\/\/www.giurgiuveanul.ro\/stiri\/wp-json\/wp\/v2\/types\/post"}],"author":[{"embeddable":true,"href":"https:\/\/www.giurgiuveanul.ro\/stiri\/wp-json\/wp\/v2\/users\/1"}],"replies":[{"embeddable":true,"href":"https:\/\/www.giurgiuveanul.ro\/stiri\/wp-json\/wp\/v2\/comments?post=108707"}],"version-history":[{"count":0,"href":"https:\/\/www.giurgiuveanul.ro\/stiri\/wp-json\/wp\/v2\/posts\/108707\/revisions"}],"wp:attachment":[{"href":"https:\/\/www.giurgiuveanul.ro\/stiri\/wp-json\/wp\/v2\/media?parent=108707"}],"wp:term":[{"taxonomy":"category","embeddable":true,"href":"https:\/\/www.giurgiuveanul.ro\/stiri\/wp-json\/wp\/v2\/categories?post=108707"},{"taxonomy":"post_tag","embeddable":true,"href":"https:\/\/www.giurgiuveanul.ro\/stiri\/wp-json\/wp\/v2\/tags?post=108707"}],"curies":[{"name":"wp","href":"https:\/\/api.w.org\/{rel}","templated":true}]}}