{"id":108753,"date":"2024-09-18T09:36:26","date_gmt":"2024-09-18T06:36:26","guid":{"rendered":"https:\/\/www.giurgiuveanul.ro\/stiri\/?p=108753"},"modified":"2024-09-18T09:36:26","modified_gmt":"2024-09-18T06:36:26","slug":"patriarhia-romana-ajutor-material-pentru-persoanele-afectate-de-inundatii","status":"publish","type":"post","link":"https:\/\/www.giurgiuveanul.ro\/stiri\/patriarhia-romana-ajutor-material-pentru-persoanele-afectate-de-inundatii\/","title":{"rendered":"Patriarhia Rom\u00e2n\u0103: Ajutor material pentru persoanele afectate de inunda\u021bii"},"content":{"rendered":"<p style=\"text-align: justify;\"><strong><a href=\"https:\/\/www.giurgiuveanul.ro\/stiri\/wp-content\/uploads\/2024\/09\/patriarhul-Daniel-.jpg\"><img loading=\"lazy\" decoding=\"async\" class=\"aligncenter  wp-image-108754\" src=\"https:\/\/www.giurgiuveanul.ro\/stiri\/wp-content\/uploads\/2024\/09\/patriarhul-Daniel--560x450.jpg\" alt=\"\" width=\"645\" height=\"518\" srcset=\"https:\/\/www.giurgiuveanul.ro\/stiri\/wp-content\/uploads\/2024\/09\/patriarhul-Daniel--560x450.jpg 560w, https:\/\/www.giurgiuveanul.ro\/stiri\/wp-content\/uploads\/2024\/09\/patriarhul-Daniel--250x201.jpg 250w, https:\/\/www.giurgiuveanul.ro\/stiri\/wp-content\/uploads\/2024\/09\/patriarhul-Daniel--768x616.jpg 768w, https:\/\/www.giurgiuveanul.ro\/stiri\/wp-content\/uploads\/2024\/09\/patriarhul-Daniel--400x321.jpg 400w, https:\/\/www.giurgiuveanul.ro\/stiri\/wp-content\/uploads\/2024\/09\/patriarhul-Daniel-.jpg 1107w\" sizes=\"auto, (max-width: 645px) 100vw, 645px\" \/><\/a>Persoanele afectate de inunda\u021bii \u00een jude\u021bul Gala\u021bi au primit un sprijin financiar \u00een valoare de<!--more--> 100.000 de lei, din Fondul Filantropia al Patriarhiei Rom\u00e2ne.<\/strong><\/p>\n<p style=\"text-align: justify;\">\n<p style=\"text-align: justify;\">\u00centreaga sum\u0103 a fost virat\u0103 \u00eenc\u0103 din data de 14 septembrie \u00een contul Arhiepiscopiei Dun\u0103rii de Jos, eparhie \u00een care se afl\u0103 localit\u0103\u021bile care au suferit cel mai mult din cauza inunda\u021biilor.<\/p>\n<p style=\"text-align: justify;\">\n<p style=\"text-align: justify;\">De asemenea, \u00een urm\u0103toarele dou\u0103 s\u0103pt\u0103m\u00e2ni, se va desf\u0103\u0219ura o colect\u0103 la nivelul tuturor unit\u0103\u021bilor de cult (parohii \u0219i m\u0103n\u0103stiri) din Arhiepiscopia Bucure\u0219tilor, toate fondurile urm\u00e2nd a fi virate eparhiilor afectate, \u00een vederea ajutor\u0103rii sinistra\u021bilor.<\/p>\n<p style=\"text-align: justify;\">\n<p style=\"text-align: justify;\">P\u0103rintele Patriarh Daniel a lansat, \u00een orele care au urmat dezastrului, un apel la solidaritate.<\/p>\n<p style=\"text-align: justify;\">\n<p style=\"text-align: justify;\"><em>\u201e\u00cen urma inunda\u021biilor masive din jude\u021bele Gala\u021bi, Arge\u0219 \u0219i Vaslui, dar \u0219i din alte zone ale \u021b\u0103rii, facem un apel la solidaritate cre\u0219tin\u0103 cu sinistra\u021bii, victimele vulnerabile social \u0219i familiile \u00eendoliate. Patriarhia Rom\u00e2n\u0103 se al\u0103tur\u0103 institu\u021biilor \u0219i autorit\u0103\u021bilor centrale \u0219i jude\u021bene \u00een efortul de sprijinire a semenilor no\u0219tri care trec prin momente de grea suferin\u021b\u0103. Clericii \u0219i credincio\u0219ii din toate eparhiile sunt \u00eendemna\u021bi s\u0103 contribuie activ la ajutorarea acestora, at\u00e2t prin rug\u0103ciune, c\u00e2t \u0219i prin colectarea de ajutoare financiare \u0219i alimente neperisabile\u201d,<\/em> a transmis patriarhul Bisericii Ortodoxe Rom\u00e2ne.<\/p>\n","protected":false},"excerpt":{"rendered":"<p>Persoanele afectate de inunda\u021bii \u00een jude\u021bul Gala\u021bi au primit un sprijin financiar \u00een valoare de<\/p>\n","protected":false},"author":1,"featured_media":0,"comment_status":"open","ping_status":"open","sticky":false,"template":"","format":"standard","meta":{"footnotes":""},"categories":[6],"tags":[],"class_list":["post-108753","post","type-post","status-publish","format-standard","hentry","category-breaking-news"],"_links":{"self":[{"href":"https:\/\/www.giurgiuveanul.ro\/stiri\/wp-json\/wp\/v2\/posts\/108753","targetHints":{"allow":["GET"]}}],"collection":[{"href":"https:\/\/www.giurgiuveanul.ro\/stiri\/wp-json\/wp\/v2\/posts"}],"about":[{"href":"https:\/\/www.giurgiuveanul.ro\/stiri\/wp-json\/wp\/v2\/types\/post"}],"author":[{"embeddable":true,"href":"https:\/\/www.giurgiuveanul.ro\/stiri\/wp-json\/wp\/v2\/users\/1"}],"replies":[{"embeddable":true,"href":"https:\/\/www.giurgiuveanul.ro\/stiri\/wp-json\/wp\/v2\/comments?post=108753"}],"version-history":[{"count":0,"href":"https:\/\/www.giurgiuveanul.ro\/stiri\/wp-json\/wp\/v2\/posts\/108753\/revisions"}],"wp:attachment":[{"href":"https:\/\/www.giurgiuveanul.ro\/stiri\/wp-json\/wp\/v2\/media?parent=108753"}],"wp:term":[{"taxonomy":"category","embeddable":true,"href":"https:\/\/www.giurgiuveanul.ro\/stiri\/wp-json\/wp\/v2\/categories?post=108753"},{"taxonomy":"post_tag","embeddable":true,"href":"https:\/\/www.giurgiuveanul.ro\/stiri\/wp-json\/wp\/v2\/tags?post=108753"}],"curies":[{"name":"wp","href":"https:\/\/api.w.org\/{rel}","templated":true}]}}