{"id":108921,"date":"2024-09-26T14:44:45","date_gmt":"2024-09-26T11:44:45","guid":{"rendered":"https:\/\/www.giurgiuveanul.ro\/stiri\/?p=108921"},"modified":"2024-09-26T14:44:45","modified_gmt":"2024-09-26T11:44:45","slug":"lovitura-majora-pentru-stiinta-si-biodiversitate-europa-slabeste-protectia-lupilor","status":"publish","type":"post","link":"https:\/\/www.giurgiuveanul.ro\/stiri\/lovitura-majora-pentru-stiinta-si-biodiversitate-europa-slabeste-protectia-lupilor\/","title":{"rendered":"Lovitur\u0103 major\u0103 pentru \u0219tiin\u021b\u0103 \u0219i biodiversitate: Europa sl\u0103be\u0219te protec\u021bia lupilor"},"content":{"rendered":"<p style=\"font-style: inherit; font-weight: inherit; text-align: justify;\"><strong><a href=\"https:\/\/www.giurgiuveanul.ro\/stiri\/wp-content\/uploads\/2024\/09\/Copy-of-Template-poze-pentru-site-2.jpg\"><img loading=\"lazy\" decoding=\"async\" class=\"aligncenter  wp-image-108922\" src=\"https:\/\/www.giurgiuveanul.ro\/stiri\/wp-content\/uploads\/2024\/09\/Copy-of-Template-poze-pentru-site-2-560x373.jpg\" alt=\"\" width=\"650\" height=\"433\" srcset=\"https:\/\/www.giurgiuveanul.ro\/stiri\/wp-content\/uploads\/2024\/09\/Copy-of-Template-poze-pentru-site-2-560x373.jpg 560w, https:\/\/www.giurgiuveanul.ro\/stiri\/wp-content\/uploads\/2024\/09\/Copy-of-Template-poze-pentru-site-2-250x167.jpg 250w, https:\/\/www.giurgiuveanul.ro\/stiri\/wp-content\/uploads\/2024\/09\/Copy-of-Template-poze-pentru-site-2-400x267.jpg 400w, https:\/\/www.giurgiuveanul.ro\/stiri\/wp-content\/uploads\/2024\/09\/Copy-of-Template-poze-pentru-site-2.jpg 768w\" sizes=\"auto, (max-width: 650px) 100vw, 650px\" \/><\/a>Lovitur\u0103 major\u0103 pentru \u0219tiin\u021b\u0103 \u0219i biodiversitate: majoritatea<!--more--> statelor membre ale UE au convenit s\u0103 adopte propunerea Comisiei Europene [1] de a reduce statutul de protec\u021bie al lupului \u00een temeiul Conven\u021biei de la Berna. <\/strong><\/p>\n<p style=\"font-style: inherit; font-weight: inherit; text-align: justify;\">Aceast\u0103 schimbare deschide u\u0219a sacrific\u0103rii lupilor ca fals\u0103 solu\u021bie la problema pr\u0103d\u0103rii animalelor domestice, ceea ce contravine angajamentului Europei de a proteja \u0219i reface biodiversitatea. Decizia a fost adoptat\u0103 dup\u0103 ce Germania \u0219i-a schimbat \u00een mod nea\u0219teptat, \u00een ultimul moment, pozi\u021bia, de la ab\u021binere la sprijin pentru propunere.<\/p>\n<p style=\"font-style: inherit; font-weight: inherit; text-align: justify;\"><span style=\"font-weight: 400;\">Prin aceast\u0103 decizie, statele membre au ales s\u0103 ignore apelurile a<\/span><a href=\"https:\/\/eeb.org\/wp-content\/uploads\/2024\/09\/Joint-statement-19.09-FINAL-version.pdf\">\u00a0<span style=\"font-weight: 400;\">peste 300 de organiza\u021bii<\/span><\/a><span style=\"font-weight: 400;\">\u00a0ale societ\u0103\u021bii civile \u0219i a<\/span><a href=\"https:\/\/secure.avaaz.org\/campaign\/en\/stop_wolf_hunting_loc\/\">\u00a0<span style=\"font-weight: 400;\">sute de mii de persoane<\/span><\/a><span style=\"font-weight: 400;\">\u00a0ce le \u00eendemnau s\u0103 urmeze recomand\u0103rile \u0219tiin\u021bifice \u0219i s\u0103 \u00ee\u0219i intensifice eforturile de promovare a coexisten\u021bei cu carnivorele mari prin m\u0103suri preventive.<\/span><\/p>\n<p style=\"font-style: inherit; font-weight: inherit; text-align: justify;\"><span style=\"font-weight: 400;\">Prin adoptarea propunerii Comisiei Europene, statele membre aprob\u0103, de asemenea, decizii despre care s-a sugerat c\u0103 sunt motivate personal. Decizia de ieri nu numai c\u0103 submineaz\u0103 decenii de eforturi de conservare, dar reprezint\u0103 \u0219i un regres semnificativ pentru ceea ce a fost salutat ca unul dintre cele mai notabile succese ale Uniunii Europene \u00een conservarea faunei s\u0103lbatice: revenirea lupului dup\u0103 ce specia a fost \u00een pragul dispari\u021biei \u00een Europa.\u00a0<\/span><\/p>\n<p style=\"font-style: inherit; font-weight: inherit; text-align: justify;\"><span style=\"font-weight: 400;\">Lupii sunt strict proteja\u021bi at\u00e2t \u00een temeiul Conven\u021biei de la Berna, c\u00e2t \u0219i al Directivei UE privind habitatele, fiind o specie esen\u021bial\u0103 pentru ecosisteme s\u0103n\u0103toase \u0219i biodiversitate \u00een \u00eentreaga Europ\u0103. Sl\u0103birea protec\u021biei lor va \u00eempiedica recuperarea, aflat\u0103 \u00eenc\u0103 \u00een curs, a popula\u021biilor de lupi \u0219i va pune \u00een pericol eforturile de promovare a coexisten\u021bei dintre oameni \u0219i carnivorele mari, opt\u00e2ndu-se, \u00een schimb, pentru o abordare pe termen scurt, prin control letal.<\/span><\/p>\n<p style=\"font-style: inherit; font-weight: inherit; text-align: justify;\"><span style=\"font-weight: 400;\">\u0218tiin\u021ba demonstreaz\u0103 c\u0103 recuperarea lupilor este<\/span><a href=\"https:\/\/wwfeu.awsassets.panda.org\/downloads\/wolf-protection---joint-statement-september-2024.pdf\">\u00a0<span style=\"font-weight: 400;\">un proces \u00eenc\u0103 \u00een curs<\/span><\/a><span style=\"font-weight: 400;\">, [2], iar obiectivele cheie ale Conven\u021biei de la Berna \u0219i ale Directivei privind habitatele \u2013 refacerea speciilor pe cale de dispari\u021bie \u2013 r\u0103m\u00e2n nerealizate. \u00cen plus, propria<\/span><a href=\"https:\/\/op.europa.eu\/en\/publication-detail\/-\/publication\/5d017e4e-9efc-11ee-b164-01aa75ed71a1\/language-en\">\u00a0<span style=\"font-weight: 400;\">analiz\u0103 aprofundat\u0103 a Comisiei<\/span><\/a><span style=\"font-weight: 400;\">[3] nu confirm\u0103 prin nicio dovad\u0103 c\u0103 sacrificarea lupilor va reduce pr\u0103darea animalelor de ferm\u0103.<\/span><\/p>\n<p style=\"font-style: inherit; font-weight: inherit; text-align: justify;\"><span style=\"font-weight: 400;\">Propunerea va fi adoptat\u0103 \u00een mod oficial la urm\u0103toarea reuniune a Consiliului UE din 26 septembrie, la timp pentru a fi prezentat\u0103 de c\u0103tre Comisia European\u0103 Comitetului permanent al Conven\u021biei de la Berna. UE va sus\u021bine propunerea ca bloc unificat pentru ultimul vot programat s\u0103 aib\u0103 loc \u00een decembrie.\u00a0<\/span><\/p>\n<p style=\"font-style: inherit; font-weight: inherit; text-align: justify;\"><span style=\"font-style: inherit; font-weight: inherit;\">\u201eDecizia de a retrograda statutul de protec\u021bie al lupului trimite un semnal dezastruos \u0219i ru\u0219inos din Europa, cu doar c\u00e2teva s\u0103pt\u0103m\u00e2ni \u00eenainte de reuniunea crucial\u0103 COP16 a Conven\u021biei privind diversitatea biologic\u0103 (CBD). Cum putem cere altor regiuni s\u0103-\u0219i protejeze biodiversitatea \u0219i s\u0103 tr\u0103iasc\u0103 cu specii precum tigrii, leii sau elefan\u021bii, c\u00e2nd noi nu putem tr\u0103i \u00eempreun\u0103 cu lupul? Mesajul pe care UE ni l-a transmis astfel este cu adev\u0103rat st\u00e2njenitor: predic\u0103m lumii despre conservare, distrug\u00e2nd, \u00een acela\u0219i timp, unul dintre cele mai mari succese ale noastre \u00een materie de conservare din ultimele decenii.\u201d A afirmat\u00a0<\/span><b><strong style=\"font-style: inherit;\"><i><em>Sabien Leemans,<\/em><\/i><\/strong><\/b>\u00a0<b><strong style=\"font-style: inherit;\"><i><em>Ofi\u021ber principal de politici \u00een domeniul biodiversit\u0103\u021bii la Biroul de politici europene al WWF.<\/em><\/i><\/strong><\/b><\/p>\n<p style=\"font-style: inherit; font-weight: inherit; text-align: justify;\"><span style=\"font-weight: 400;\">\u201dEste \u00eengrijor\u0103toare u\u0219urin\u021ba cu care succesul unor ani buni de munc\u0103 de conservare este sacrificat \u00een numele unor interese politice. Lupul este o specie cheie pentru echilibrul ecosistemelor, un arhitect al acestora prin men\u021binerea sub control a popula\u021biilor de erbivore, iar sl\u0103birea nivelului de protec\u021bie al speciei va atrage dup\u0103 sine consecin\u021be semnificative pentru viitorul biodiversit\u0103\u021bii continentului nostru. Este un mare regres pentru o comunitate care p\u00e2n\u0103 \u00een prezent era dat\u0103 ca exemplu pozitiv de conservare a biodiversit\u0103\u021bii.\u201d a declarat\u00a0<\/span><b><strong>Dr.\u00a0<\/strong><\/b><b><strong>Cristian-Remus Papp, Coordonator Departament Specii S\u0103lbatice, WWF-Rom\u00e2nia (Fondul Mondial pentru Natur\u0103)<\/strong><\/b><\/p>\n<p style=\"font-style: inherit; font-weight: inherit; text-align: justify;\"><b><strong>Note:<\/strong><\/b><\/p>\n<p style=\"font-style: inherit; font-weight: inherit; text-align: justify;\"><b><strong>[1] Comisia propune schimbarea statutului interna\u021bional al lupilor de la \u201estrict protejat\u201d la \u201eprotejat\u201d pe baza noilor date privind cre\u0219terea popula\u021biei \u0219i a gradului de impact.<\/strong><\/b><a href=\"https:\/\/ec.europa.eu\/commission\/presscorner\/detail\/en\/ip_23_6752\">\u00a0<b><strong>https:\/\/ec.europa.eu\/commission\/presscorner\/detail\/en\/ip_23_6752<\/strong><\/b><\/a><span style=\"font-weight: 400;\">\u00a0<\/span><\/p>\n<p style=\"font-style: inherit; font-weight: inherit; text-align: justify;\"><b><strong>[2] Popula\u021biile de lupi din UE se afl\u0103 \u00eentr-o stare de conservare nefavorabil\u0103 sau inadecvat\u0103 \u00een \u0219ase din \u0219apte regiuni biogeografice, conform celor mai recente evalu\u0103ri efectuate \u00een temeiul articolului 17 din Directiva Habitate.<\/strong><\/b><\/p>\n<p style=\"font-style: inherit; font-weight: inherit; text-align: justify;\"><b><strong>[3] Situa\u021bia lupului (canis lupus) \u00een the Uniunea European\u0103<\/strong><\/b><a href=\"https:\/\/op.europa.eu\/en\/publication-detail\/-\/publication\/5d017e4e-9efc-11ee-b164-01aa75ed71a1\/language-en\">\u00a0<b><strong>https:\/\/op.europa.eu\/en\/publication-detail\/-\/publication\/5d017e4e-9efc-11ee-b164-01aa75ed71a1\/language-en<\/strong><\/b><\/a><\/p>\n<p style=\"font-style: inherit; font-weight: inherit; text-align: justify;\"><b><strong>Informa\u021bii suplimentare despre lupi:\u00a0<\/strong><\/b><a href=\"https:\/\/www.wwf.eu\/?11724891\/Facts-about-wolves-in-Europe\"><i><em><span style=\"font-weight: 400;\">https:\/\/www.wwf.eu\/?11724891\/Facts-about-wolves-in-Europe<\/span><\/em><\/i><\/a><\/p>\n","protected":false},"excerpt":{"rendered":"<p>Lovitur\u0103 major\u0103 pentru \u0219tiin\u021b\u0103 \u0219i biodiversitate: majoritatea<\/p>\n","protected":false},"author":1,"featured_media":0,"comment_status":"open","ping_status":"open","sticky":false,"template":"","format":"standard","meta":{"footnotes":""},"categories":[6],"tags":[],"class_list":["post-108921","post","type-post","status-publish","format-standard","hentry","category-breaking-news"],"_links":{"self":[{"href":"https:\/\/www.giurgiuveanul.ro\/stiri\/wp-json\/wp\/v2\/posts\/108921","targetHints":{"allow":["GET"]}}],"collection":[{"href":"https:\/\/www.giurgiuveanul.ro\/stiri\/wp-json\/wp\/v2\/posts"}],"about":[{"href":"https:\/\/www.giurgiuveanul.ro\/stiri\/wp-json\/wp\/v2\/types\/post"}],"author":[{"embeddable":true,"href":"https:\/\/www.giurgiuveanul.ro\/stiri\/wp-json\/wp\/v2\/users\/1"}],"replies":[{"embeddable":true,"href":"https:\/\/www.giurgiuveanul.ro\/stiri\/wp-json\/wp\/v2\/comments?post=108921"}],"version-history":[{"count":0,"href":"https:\/\/www.giurgiuveanul.ro\/stiri\/wp-json\/wp\/v2\/posts\/108921\/revisions"}],"wp:attachment":[{"href":"https:\/\/www.giurgiuveanul.ro\/stiri\/wp-json\/wp\/v2\/media?parent=108921"}],"wp:term":[{"taxonomy":"category","embeddable":true,"href":"https:\/\/www.giurgiuveanul.ro\/stiri\/wp-json\/wp\/v2\/categories?post=108921"},{"taxonomy":"post_tag","embeddable":true,"href":"https:\/\/www.giurgiuveanul.ro\/stiri\/wp-json\/wp\/v2\/tags?post=108921"}],"curies":[{"name":"wp","href":"https:\/\/api.w.org\/{rel}","templated":true}]}}