{"id":109320,"date":"2024-10-14T19:04:30","date_gmt":"2024-10-14T16:04:30","guid":{"rendered":"https:\/\/www.giurgiuveanul.ro\/stiri\/?p=109320"},"modified":"2024-10-14T19:04:30","modified_gmt":"2024-10-14T16:04:30","slug":"accident-rutier-soldat-cu-trei-victime-pe-dn5a-in-aceasta-dupa-amiaza","status":"publish","type":"post","link":"https:\/\/www.giurgiuveanul.ro\/stiri\/accident-rutier-soldat-cu-trei-victime-pe-dn5a-in-aceasta-dupa-amiaza\/","title":{"rendered":"ACCIDENT RUTIER soldat cu trei victime, pe DN5A, \u00een aceast\u0103 dup\u0103-amiaz\u0103"},"content":{"rendered":"<p style=\"text-align: justify;\"><strong><a href=\"https:\/\/www.giurgiuveanul.ro\/stiri\/wp-content\/uploads\/2024\/10\/0000-accident-rutier.jpeg\"><img loading=\"lazy\" decoding=\"async\" class=\"aligncenter  wp-image-109321\" src=\"https:\/\/www.giurgiuveanul.ro\/stiri\/wp-content\/uploads\/2024\/10\/0000-accident-rutier-552x450.jpeg\" alt=\"\" width=\"626\" height=\"510\" srcset=\"https:\/\/www.giurgiuveanul.ro\/stiri\/wp-content\/uploads\/2024\/10\/0000-accident-rutier-552x450.jpeg 552w, https:\/\/www.giurgiuveanul.ro\/stiri\/wp-content\/uploads\/2024\/10\/0000-accident-rutier-250x204.jpeg 250w, https:\/\/www.giurgiuveanul.ro\/stiri\/wp-content\/uploads\/2024\/10\/0000-accident-rutier-768x626.jpeg 768w, https:\/\/www.giurgiuveanul.ro\/stiri\/wp-content\/uploads\/2024\/10\/0000-accident-rutier-400x326.jpeg 400w, https:\/\/www.giurgiuveanul.ro\/stiri\/wp-content\/uploads\/2024\/10\/0000-accident-rutier.jpeg 1500w\" sizes=\"auto, (max-width: 626px) 100vw, 626px\" \/><\/a>Trei persoane au<!--more--> avut nevoie de \u00eengrijiri medicale \u00een urma unui accident rutier ce s-a produs, \u00een aceast\u0103 dup\u0103-amiaz\u0103, pe DN5A, \u00een localitatea Aduna\u021bii Cop\u0103ceni. \u00cen eveniment au fost implicate dou\u0103 autoturisme &#8211; potrivit ISU Giurgiu.<\/strong><\/p>\n<p style=\"text-align: justify;\"><a href=\"https:\/\/www.giurgiuveanul.ro\/stiri\/wp-content\/uploads\/2024\/10\/0000-accident-rutier-2.jpeg\"><img loading=\"lazy\" decoding=\"async\" class=\"aligncenter  wp-image-109322\" src=\"https:\/\/www.giurgiuveanul.ro\/stiri\/wp-content\/uploads\/2024\/10\/0000-accident-rutier-2-489x450.jpeg\" alt=\"\" width=\"612\" height=\"563\" srcset=\"https:\/\/www.giurgiuveanul.ro\/stiri\/wp-content\/uploads\/2024\/10\/0000-accident-rutier-2-489x450.jpeg 489w, https:\/\/www.giurgiuveanul.ro\/stiri\/wp-content\/uploads\/2024\/10\/0000-accident-rutier-2-250x230.jpeg 250w, https:\/\/www.giurgiuveanul.ro\/stiri\/wp-content\/uploads\/2024\/10\/0000-accident-rutier-2-768x706.jpeg 768w, https:\/\/www.giurgiuveanul.ro\/stiri\/wp-content\/uploads\/2024\/10\/0000-accident-rutier-2-400x368.jpeg 400w, https:\/\/www.giurgiuveanul.ro\/stiri\/wp-content\/uploads\/2024\/10\/0000-accident-rutier-2.jpeg 1500w\" sizes=\"auto, (max-width: 612px) 100vw, 612px\" \/><\/a><\/p>\n<p style=\"text-align: justify;\">La fa\u021ba locului s-au deplasat pompierii din cadrul Punctului de Lucru C\u0103lug\u0103reni, cu o autospecial\u0103 de stingere dotat\u0103 cu modul de descarcerare, o ambulan\u021b\u0103 SMURD \u0219i trei SAJ.<\/p>\n<p style=\"text-align: justify;\">\n<p style=\"text-align: justify;\">Persoanele r\u0103nite, dou\u0103 tinere, \u00een v\u00e2rst\u0103 de 18 \u0219i 19 ani, \u0219i un b\u0103rbat \u00een v\u00e2rst\u0103 de 48 de ani, au fost preluate de echipajele medicale \u0219i transportate la un spital din capital\u0103.<\/p>\n<p style=\"text-align: justify;\">\n<p style=\"text-align: justify;\">Pompierii au asigurat m\u0103surile de prevenire a incendiilor, iar cazul a r\u0103mas \u00een aten\u021bia Poli\u021biei pentru cercet\u0103ri.<\/p>\n","protected":false},"excerpt":{"rendered":"<p>Trei persoane au<\/p>\n","protected":false},"author":1,"featured_media":0,"comment_status":"open","ping_status":"open","sticky":false,"template":"","format":"standard","meta":{"footnotes":""},"categories":[6],"tags":[],"class_list":["post-109320","post","type-post","status-publish","format-standard","hentry","category-breaking-news"],"_links":{"self":[{"href":"https:\/\/www.giurgiuveanul.ro\/stiri\/wp-json\/wp\/v2\/posts\/109320","targetHints":{"allow":["GET"]}}],"collection":[{"href":"https:\/\/www.giurgiuveanul.ro\/stiri\/wp-json\/wp\/v2\/posts"}],"about":[{"href":"https:\/\/www.giurgiuveanul.ro\/stiri\/wp-json\/wp\/v2\/types\/post"}],"author":[{"embeddable":true,"href":"https:\/\/www.giurgiuveanul.ro\/stiri\/wp-json\/wp\/v2\/users\/1"}],"replies":[{"embeddable":true,"href":"https:\/\/www.giurgiuveanul.ro\/stiri\/wp-json\/wp\/v2\/comments?post=109320"}],"version-history":[{"count":0,"href":"https:\/\/www.giurgiuveanul.ro\/stiri\/wp-json\/wp\/v2\/posts\/109320\/revisions"}],"wp:attachment":[{"href":"https:\/\/www.giurgiuveanul.ro\/stiri\/wp-json\/wp\/v2\/media?parent=109320"}],"wp:term":[{"taxonomy":"category","embeddable":true,"href":"https:\/\/www.giurgiuveanul.ro\/stiri\/wp-json\/wp\/v2\/categories?post=109320"},{"taxonomy":"post_tag","embeddable":true,"href":"https:\/\/www.giurgiuveanul.ro\/stiri\/wp-json\/wp\/v2\/tags?post=109320"}],"curies":[{"name":"wp","href":"https:\/\/api.w.org\/{rel}","templated":true}]}}