{"id":109324,"date":"2024-10-14T19:35:18","date_gmt":"2024-10-14T16:35:18","guid":{"rendered":"https:\/\/www.giurgiuveanul.ro\/stiri\/?p=109324"},"modified":"2024-10-14T19:46:58","modified_gmt":"2024-10-14T16:46:58","slug":"predare-de-stafeta-la-bulbucata-iulian-andrei-a-depus-juramantul-pentru-primul-mandat-de-primar","status":"publish","type":"post","link":"https:\/\/www.giurgiuveanul.ro\/stiri\/predare-de-stafeta-la-bulbucata-iulian-andrei-a-depus-juramantul-pentru-primul-mandat-de-primar\/","title":{"rendered":"Predare de \u0219tafet\u0103 la Bulbucata: Iulian Andrei a depus jur\u0103m\u00e2ntul pentru primul mandat de primar"},"content":{"rendered":"<p style=\"text-align: justify;\"><a href=\"https:\/\/www.giurgiuveanul.ro\/stiri\/wp-content\/uploads\/2024\/10\/000-primar-Bulbucata.jpeg\"><img loading=\"lazy\" decoding=\"async\" class=\"aligncenter wp-image-109325\" src=\"https:\/\/www.giurgiuveanul.ro\/stiri\/wp-content\/uploads\/2024\/10\/000-primar-Bulbucata-461x450.jpeg\" alt=\"\" width=\"625\" height=\"610\" srcset=\"https:\/\/www.giurgiuveanul.ro\/stiri\/wp-content\/uploads\/2024\/10\/000-primar-Bulbucata-461x450.jpeg 461w, https:\/\/www.giurgiuveanul.ro\/stiri\/wp-content\/uploads\/2024\/10\/000-primar-Bulbucata-250x244.jpeg 250w, https:\/\/www.giurgiuveanul.ro\/stiri\/wp-content\/uploads\/2024\/10\/000-primar-Bulbucata-768x749.jpeg 768w, https:\/\/www.giurgiuveanul.ro\/stiri\/wp-content\/uploads\/2024\/10\/000-primar-Bulbucata-400x390.jpeg 400w, https:\/\/www.giurgiuveanul.ro\/stiri\/wp-content\/uploads\/2024\/10\/000-primar-Bulbucata.jpeg 1500w\" sizes=\"auto, (max-width: 625px) 100vw, 625px\" \/><\/a><strong>Ast\u0103zi<!--more--> a avut loc ceremonia de \u00eenvestire a noului primar al comunei Bulbucata, Iulian Andrei, un moment istoric pentru comunitatea local\u0103. Ales cu o sus\u021binere cov\u00e2r\u0219itoare din partea cet\u0103\u021benilor, Iulian Andrei, unul dintre cei mai tineri primari din jude\u021bul Giurgiu, preia aceast\u0103 func\u021bie a mamei sale, Lucia Andrei, care a condus comuna cu devotament \u0219i respect timp de mai multe mandate.<\/strong><\/p>\n<p>&nbsp;<\/p>\n<p style=\"text-align: justify;\">Iulian Andrei a depus jur\u0103m\u00e2ntul, asum\u00e2ndu-\u0219i cu seriozitate \u0219i responsabilitatea misiunii de a continua munca \u00eenceput\u0103 de mama sa \u0219i de a aduce noi ini\u021biative pentru dezvoltarea comunei. \u00cen cadrul ceremoniei, s-a remarcat emo\u021bia momentului, care nu doar marcheaz\u0103 o schimbare de genera\u021bie la nivelul conducerii comunei, ci \u0219i o continuitate a angajamentului fa\u021b\u0103 de cet\u0103\u021beni \u0219i bun\u0103starea lor.<\/p>\n<p style=\"text-align: justify;\"><a href=\"https:\/\/www.giurgiuveanul.ro\/stiri\/wp-content\/uploads\/2024\/10\/primar-bulbucata-2.jpg\"><img loading=\"lazy\" decoding=\"async\" class=\"aligncenter wp-image-109326\" src=\"https:\/\/www.giurgiuveanul.ro\/stiri\/wp-content\/uploads\/2024\/10\/primar-bulbucata-2-560x323.jpg\" alt=\"\" width=\"617\" height=\"356\" srcset=\"https:\/\/www.giurgiuveanul.ro\/stiri\/wp-content\/uploads\/2024\/10\/primar-bulbucata-2-560x323.jpg 560w, https:\/\/www.giurgiuveanul.ro\/stiri\/wp-content\/uploads\/2024\/10\/primar-bulbucata-2-250x144.jpg 250w, https:\/\/www.giurgiuveanul.ro\/stiri\/wp-content\/uploads\/2024\/10\/primar-bulbucata-2-768x443.jpg 768w, https:\/\/www.giurgiuveanul.ro\/stiri\/wp-content\/uploads\/2024\/10\/primar-bulbucata-2-1536x886.jpg 1536w, https:\/\/www.giurgiuveanul.ro\/stiri\/wp-content\/uploads\/2024\/10\/primar-bulbucata-2-400x231.jpg 400w, https:\/\/www.giurgiuveanul.ro\/stiri\/wp-content\/uploads\/2024\/10\/primar-bulbucata-2.jpg 1600w\" sizes=\"auto, (max-width: 617px) 100vw, 617px\" \/><\/a><\/p>\n<p style=\"text-align: justify;\"><strong>Lucia Andrei<\/strong>, o prim\u0103ri\u021b\u0103 respectat\u0103 \u0219i iubit\u0103 de locuitorii comunei Bulbucata, a l\u0103sat o mo\u0219tenire de succes prin proiectele realizate, fiind un exemplu de dedicare. <strong>Senatorul Toma Petcu<\/strong>, viitorul pre\u0219edinte al Consiliului Jude\u021bean Giurgiu, a fost prezent la ceremonie \u0219i a omagiat activitatea fostei prim\u0103ri\u021be: \u201e<em>\u00cei urez mult succes lui Iulian \u00een noua sa misiune \u0219i-i adresez sincere mul\u021bumiri \u0219i felicit\u0103ri doamnei Lucia Andrei pentru tot ce a f\u0103cut pentru bun\u0103starea \u0219i dezvoltarea comunei Bulbucata\u201d.<\/em><\/p>\n<p>&nbsp;<\/p>\n<p style=\"text-align: justify;\">\u00cen discursul s\u0103u, Iulian Andrei a mul\u021bumit cet\u0103\u021benilor pentru \u00eencrederea acordat\u0103 \u0219i a subliniat faptul c\u0103 este hot\u0103r\u00e2t s\u0103 continue proiectele de dezvoltare ale comunei \u0219i s\u0103 aduc\u0103 noi solu\u021bii pentru cre\u0219terea calit\u0103\u021bii vie\u021bii locuitorilor. De asemenea, el a mul\u021bumit mamei sale pentru modelul pe care l-a oferit \u0219i pentru tot sprijinul pe care l-a primit de-a lungul timpului.<\/p>\n<p style=\"text-align: justify;\">Aceast\u0103 predare de \u0219tafet\u0103 simbolizeaz\u0103 nu doar o nou\u0103 etap\u0103 \u00een istoria comunei Bulbucata, ci \u0219i un semn al continuit\u0103\u021bii \u00een administrarea responsabil\u0103 a comunit\u0103\u021bii. Iulian Andrei este preg\u0103tit s\u0103-\u0219i asume noua misiune cu entuziasm \u0219i seriozitate al\u0103turi de sprijinul comunit\u0103\u021bii, c\u00e2t \u0219i al Consiliului Jude\u021bean.<\/p>\n","protected":false},"excerpt":{"rendered":"<p>Ast\u0103zi<\/p>\n","protected":false},"author":1,"featured_media":0,"comment_status":"open","ping_status":"open","sticky":false,"template":"","format":"standard","meta":{"footnotes":""},"categories":[6],"tags":[],"class_list":["post-109324","post","type-post","status-publish","format-standard","hentry","category-breaking-news"],"_links":{"self":[{"href":"https:\/\/www.giurgiuveanul.ro\/stiri\/wp-json\/wp\/v2\/posts\/109324","targetHints":{"allow":["GET"]}}],"collection":[{"href":"https:\/\/www.giurgiuveanul.ro\/stiri\/wp-json\/wp\/v2\/posts"}],"about":[{"href":"https:\/\/www.giurgiuveanul.ro\/stiri\/wp-json\/wp\/v2\/types\/post"}],"author":[{"embeddable":true,"href":"https:\/\/www.giurgiuveanul.ro\/stiri\/wp-json\/wp\/v2\/users\/1"}],"replies":[{"embeddable":true,"href":"https:\/\/www.giurgiuveanul.ro\/stiri\/wp-json\/wp\/v2\/comments?post=109324"}],"version-history":[{"count":0,"href":"https:\/\/www.giurgiuveanul.ro\/stiri\/wp-json\/wp\/v2\/posts\/109324\/revisions"}],"wp:attachment":[{"href":"https:\/\/www.giurgiuveanul.ro\/stiri\/wp-json\/wp\/v2\/media?parent=109324"}],"wp:term":[{"taxonomy":"category","embeddable":true,"href":"https:\/\/www.giurgiuveanul.ro\/stiri\/wp-json\/wp\/v2\/categories?post=109324"},{"taxonomy":"post_tag","embeddable":true,"href":"https:\/\/www.giurgiuveanul.ro\/stiri\/wp-json\/wp\/v2\/tags?post=109324"}],"curies":[{"name":"wp","href":"https:\/\/api.w.org\/{rel}","templated":true}]}}