{"id":109332,"date":"2024-10-15T10:43:21","date_gmt":"2024-10-15T07:43:21","guid":{"rendered":"https:\/\/www.giurgiuveanul.ro\/stiri\/?p=109332"},"modified":"2024-10-15T10:44:08","modified_gmt":"2024-10-15T07:44:08","slug":"preasfintitul-parinte-dr-ambrozie-episcopul-giurgiului-aniverseaza-24-de-ani-de-slujire-arhiereasca","status":"publish","type":"post","link":"https:\/\/www.giurgiuveanul.ro\/stiri\/preasfintitul-parinte-dr-ambrozie-episcopul-giurgiului-aniverseaza-24-de-ani-de-slujire-arhiereasca\/","title":{"rendered":"Preasfin\u021bitul P\u0103rinte Dr. Ambrozie, Episcopul Giurgiului, aniverseaz\u0103 24 de ani de slujire arhiereasc\u0103"},"content":{"rendered":"<p style=\"text-align: justify;\"><strong><a href=\"https:\/\/www.giurgiuveanul.ro\/stiri\/wp-content\/uploads\/2024\/10\/0.jpg\"><img loading=\"lazy\" decoding=\"async\" class=\"aligncenter wp-image-109333\" src=\"https:\/\/www.giurgiuveanul.ro\/stiri\/wp-content\/uploads\/2024\/10\/0-560x393.jpg\" alt=\"\" width=\"694\" height=\"487\" srcset=\"https:\/\/www.giurgiuveanul.ro\/stiri\/wp-content\/uploads\/2024\/10\/0-560x393.jpg 560w, https:\/\/www.giurgiuveanul.ro\/stiri\/wp-content\/uploads\/2024\/10\/0-250x175.jpg 250w, https:\/\/www.giurgiuveanul.ro\/stiri\/wp-content\/uploads\/2024\/10\/0-768x538.jpg 768w, https:\/\/www.giurgiuveanul.ro\/stiri\/wp-content\/uploads\/2024\/10\/0-400x280.jpg 400w, https:\/\/www.giurgiuveanul.ro\/stiri\/wp-content\/uploads\/2024\/10\/0.jpg 1000w\" sizes=\"auto, (max-width: 694px) 100vw, 694px\" \/><\/a>Preasfin\u021bitul P\u0103rinte Dr. Ambrozie, Episcopul Giurgiului,<!--more--> a fost hirotonit \u00eentru treapta arhieriei \u00een urm\u0103 cu 24 de ani, prin voia lui Dumnezeu \u0219i la recomandarea vrednicului de pomenire Patriarh Teoctist Ar\u0103pa\u0219u. Ca Episcop Vicar Patriarhal, cu titulatura Sinaitul, Preasfin\u021bia Sa a \u00eenceput o misiune complex\u0103 \u0219i profund\u0103, \u00eentr-o perioad\u0103 plin\u0103 de provoc\u0103ri, dar \u0219i de oportunit\u0103\u021bi pentru Biserica Ortodox\u0103 Rom\u00e2n\u0103.<\/strong><\/p>\n<p><a href=\"https:\/\/www.giurgiuveanul.ro\/stiri\/wp-content\/uploads\/2024\/10\/1-5.jpg\"><img loading=\"lazy\" decoding=\"async\" class=\"aligncenter  wp-image-109335\" src=\"https:\/\/www.giurgiuveanul.ro\/stiri\/wp-content\/uploads\/2024\/10\/1-5-525x450.jpg\" alt=\"\" width=\"691\" height=\"592\" srcset=\"https:\/\/www.giurgiuveanul.ro\/stiri\/wp-content\/uploads\/2024\/10\/1-5-525x450.jpg 525w, https:\/\/www.giurgiuveanul.ro\/stiri\/wp-content\/uploads\/2024\/10\/1-5-250x214.jpg 250w, https:\/\/www.giurgiuveanul.ro\/stiri\/wp-content\/uploads\/2024\/10\/1-5-768x658.jpg 768w, https:\/\/www.giurgiuveanul.ro\/stiri\/wp-content\/uploads\/2024\/10\/1-5-400x343.jpg 400w, https:\/\/www.giurgiuveanul.ro\/stiri\/wp-content\/uploads\/2024\/10\/1-5.jpg 1000w\" sizes=\"auto, (max-width: 691px) 100vw, 691px\" \/><\/a> <a href=\"https:\/\/www.giurgiuveanul.ro\/stiri\/wp-content\/uploads\/2024\/10\/2-5.jpg\"><img loading=\"lazy\" decoding=\"async\" class=\"aligncenter  wp-image-109336\" src=\"https:\/\/www.giurgiuveanul.ro\/stiri\/wp-content\/uploads\/2024\/10\/2-5-470x450.jpg\" alt=\"\" width=\"687\" height=\"658\" srcset=\"https:\/\/www.giurgiuveanul.ro\/stiri\/wp-content\/uploads\/2024\/10\/2-5-470x450.jpg 470w, https:\/\/www.giurgiuveanul.ro\/stiri\/wp-content\/uploads\/2024\/10\/2-5-250x240.jpg 250w, https:\/\/www.giurgiuveanul.ro\/stiri\/wp-content\/uploads\/2024\/10\/2-5-768x736.jpg 768w, https:\/\/www.giurgiuveanul.ro\/stiri\/wp-content\/uploads\/2024\/10\/2-5-400x383.jpg 400w, https:\/\/www.giurgiuveanul.ro\/stiri\/wp-content\/uploads\/2024\/10\/2-5.jpg 1000w\" sizes=\"auto, (max-width: 687px) 100vw, 687px\" \/><\/a><\/p>\n<p style=\"text-align: justify;\">\u00cen tot acest timp, Preasfin\u021bitul Ambrozie s-a remarcat printr-o slujire jertfelnic\u0103 \u0219i o implicare activ\u0103 \u00een via\u021ba spiritual\u0103 \u0219i social\u0103 a comunit\u0103\u021bii pe care o p\u0103store\u0219te. Devotamentul s\u0103u fa\u021b\u0103 de Biseric\u0103 \u0219i de credincio\u0219i a fost constant, aduc\u00e2nd roade \u00een diverse domenii. \u00cen cei 24 de ani de arhierie, Preasfin\u021bia Sa a reu\u0219it s\u0103 \u00eendrume \u0219i s\u0103 inspire preo\u021bi, monahi, monahii \u0219i credincio\u0219i, oferind tuturor sprijin spiritual \u0219i un model de conduit\u0103 cre\u0219tin\u0103.<\/p>\n<p style=\"text-align: justify;\">Printre realiz\u0103rile remarcabile ale Preasfin\u021bitului Ambrozie se num\u0103r\u0103 \u00eenfiin\u021barea \u0219i consolidarea mai multor centre sociale, filantropice \u0219i educa\u021bionale \u00een cuprinsul Episcopiei Giurgiului. De asemenea, a pus accent pe p\u0103strarea tradi\u021biilor ortodoxe \u0219i pe dezvoltarea vie\u021bii religioase \u00een aceast\u0103 parte a \u021b\u0103rii, dedic\u00e2ndu-se activit\u0103\u021bilor misionare, culturale \u0219i educa\u021bionale.<\/p>\n<p style=\"text-align: justify;\">Cu prilejul acestei anivers\u0103ri, membrii Permanen\u021bei Consiliului Eparhial, clerul, monahii \u0219i to\u021bi credincio\u0219ii din Episcopia Giurgiului \u00ee\u0219i exprim\u0103 recuno\u0219tin\u021ba \u0219i admira\u021bia pentru slujirea neobosit\u0103 a Preasfin\u021biei Sale. Ei se roag\u0103 ca Dumnezeu s\u0103-i d\u0103ruiasc\u0103 Preasfin\u021bitului Ambrozie mul\u021bi ani de arhip\u0103storire cu pace, s\u0103n\u0103tate \u0219i realiz\u0103ri, \u00een folosul comunit\u0103\u021bii \u0219i spre bucuria tuturor celor pe care \u00eei p\u0103store\u0219te.<\/p>\n<p style=\"text-align: justify;\">Credincio\u0219ii din \u00eentreaga eparhie, preo\u021bi \u0219i laici deopotriv\u0103, \u00eel consider\u0103 pe Preasfin\u021bitul Ambrozie un p\u0103stor devotat, un om al rug\u0103ciunii \u0219i al faptelor bune, mereu apropiat de nevoile celor pe care \u00eei sluje\u0219te. Cu o credin\u021b\u0103 statornic\u0103 \u0219i o mare putere de sacrificiu, Preasfin\u021bia Sa a reu\u0219it s\u0103 fie un sprijin constant pentru to\u021bi cei din jur, av\u00e2nd la baz\u0103 dragostea pentru Biseric\u0103 \u0219i pentru oameni.<\/p>\n<p style=\"text-align: justify;\">Ace\u0219ti 24 de ani de slujire arhiereasc\u0103 au fost marca\u021bi de bucurii \u0219i realiz\u0103ri, dar \u0219i de greut\u0103\u021bi, pe care Preasfin\u021bia Sa le-a \u00eenfruntat cu demnitate \u0219i credin\u021b\u0103.<\/p>\n<p style=\"text-align: justify;\">La acest moment aniversar, cuvintele de mul\u021bumire \u0219i rug\u0103ciunile pentru s\u0103n\u0103tate \u0219i binecuv\u00e2ntare sunt cele mai potrivite semne de respect \u0219i recuno\u0219tin\u021b\u0103 din partea comunit\u0103\u021bii.<\/p>\n","protected":false},"excerpt":{"rendered":"<p>Preasfin\u021bitul P\u0103rinte Dr. Ambrozie, Episcopul Giurgiului,<\/p>\n","protected":false},"author":1,"featured_media":0,"comment_status":"open","ping_status":"open","sticky":false,"template":"","format":"standard","meta":{"footnotes":""},"categories":[6],"tags":[],"class_list":["post-109332","post","type-post","status-publish","format-standard","hentry","category-breaking-news"],"_links":{"self":[{"href":"https:\/\/www.giurgiuveanul.ro\/stiri\/wp-json\/wp\/v2\/posts\/109332","targetHints":{"allow":["GET"]}}],"collection":[{"href":"https:\/\/www.giurgiuveanul.ro\/stiri\/wp-json\/wp\/v2\/posts"}],"about":[{"href":"https:\/\/www.giurgiuveanul.ro\/stiri\/wp-json\/wp\/v2\/types\/post"}],"author":[{"embeddable":true,"href":"https:\/\/www.giurgiuveanul.ro\/stiri\/wp-json\/wp\/v2\/users\/1"}],"replies":[{"embeddable":true,"href":"https:\/\/www.giurgiuveanul.ro\/stiri\/wp-json\/wp\/v2\/comments?post=109332"}],"version-history":[{"count":0,"href":"https:\/\/www.giurgiuveanul.ro\/stiri\/wp-json\/wp\/v2\/posts\/109332\/revisions"}],"wp:attachment":[{"href":"https:\/\/www.giurgiuveanul.ro\/stiri\/wp-json\/wp\/v2\/media?parent=109332"}],"wp:term":[{"taxonomy":"category","embeddable":true,"href":"https:\/\/www.giurgiuveanul.ro\/stiri\/wp-json\/wp\/v2\/categories?post=109332"},{"taxonomy":"post_tag","embeddable":true,"href":"https:\/\/www.giurgiuveanul.ro\/stiri\/wp-json\/wp\/v2\/tags?post=109332"}],"curies":[{"name":"wp","href":"https:\/\/api.w.org\/{rel}","templated":true}]}}