{"id":109819,"date":"2024-10-31T09:07:48","date_gmt":"2024-10-31T07:07:48","guid":{"rendered":"https:\/\/www.giurgiuveanul.ro\/stiri\/?p=109819"},"modified":"2024-11-01T09:10:03","modified_gmt":"2024-11-01T07:10:03","slug":"alesii-locali-din-giurgiu-in-prima-linie-a-bataliei-electorale","status":"publish","type":"post","link":"https:\/\/www.giurgiuveanul.ro\/stiri\/alesii-locali-din-giurgiu-in-prima-linie-a-bataliei-electorale\/","title":{"rendered":"Ale\u0219ii locali din Giurgiu, \u00een prima linie a b\u0103t\u0103liei electorale"},"content":{"rendered":"<p style=\"text-align: justify;\"><strong><a href=\"https:\/\/www.giurgiuveanul.ro\/stiri\/wp-content\/uploads\/2024\/11\/PNL-1.jpg\"><img loading=\"lazy\" decoding=\"async\" class=\"aligncenter wp-image-109820\" src=\"https:\/\/www.giurgiuveanul.ro\/stiri\/wp-content\/uploads\/2024\/11\/PNL-1-481x450.jpg\" alt=\"\" width=\"763\" height=\"714\" srcset=\"https:\/\/www.giurgiuveanul.ro\/stiri\/wp-content\/uploads\/2024\/11\/PNL-1-481x450.jpg 481w, https:\/\/www.giurgiuveanul.ro\/stiri\/wp-content\/uploads\/2024\/11\/PNL-1-250x234.jpg 250w, https:\/\/www.giurgiuveanul.ro\/stiri\/wp-content\/uploads\/2024\/11\/PNL-1-768x718.jpg 768w, https:\/\/www.giurgiuveanul.ro\/stiri\/wp-content\/uploads\/2024\/11\/PNL-1-400x374.jpg 400w, https:\/\/www.giurgiuveanul.ro\/stiri\/wp-content\/uploads\/2024\/11\/PNL-1.jpg 1079w\" sizes=\"auto, (max-width: 763px) 100vw, 763px\" \/><\/a>Partidul Na\u021bional Liberal propune pentru Giurgiu<!--more--> cea mai competent\u0103, profesionist\u0103 \u0219i serioas\u0103 echip\u0103 pentru Parlamentul Na\u021bional. Lista pentru Senat este deschis\u0103 de Gabriela Horga, un politician t\u00e2n\u0103r \u0219i energic, care \u0219i-a construit o carier\u0103 solid\u0103 \u00een domeniul economic, iar cea de la Camera Deputa\u021bilor este deschis\u0103 de Andrei Alexandru, un parlamentar cu experien\u021b\u0103 \u0219i foarte implicat \u00een proiecte pentru comunitatea local\u0103.<\/strong><\/p>\n<p style=\"text-align: justify;\">Pe locul 1 pe lista PNL pentru Senat este Gabriela Horga, fost deputat de Giurgiu, un om foarte bine preg\u0103tit profesional, cu o carier\u0103 prolific\u0103 \u00een zona economic\u0103 \u0219i cu o \u00een\u021belegere foarte bun\u0103 asupra realit\u0103\u021bilor din jude\u021b.<\/p>\n<p style=\"text-align: justify;\">Tot pe lista pentru Senat a PNL se reg\u0103sesc nume cunoscute \u0219i apreciate de giurgiuveni, precum cel al primarului municipiului Adrian Anghelescu\u00a0 sau cel al pre\u0219edintelui Consiliului Jude\u021bean, Toma Petcu. Decizia de a-i scoate \u00een lupt\u0103 pe greii locali este una prin care liberalii propun o echip\u0103 unit\u0103 pentru Giurgiu, care \u00ee\u0219i asum\u0103 \u00eempreun\u0103 toate proiectele importante pentru Giurgiu: investi\u021biile \u00een comunit\u0103\u021bile locale din jude\u021b, marile investi\u021bii \u00een infrastructur\u0103, noul spital jude\u021bean cu dou\u0103 noi sec\u021bii, finalizarea campusului regional pentru \u00eenv\u0103\u021b\u0103m\u00e2nt dual liceal \u0219i universitar.<\/p>\n<p><a href=\"https:\/\/www.giurgiuveanul.ro\/stiri\/wp-content\/uploads\/2024\/11\/PNL-2.jpg\"><img loading=\"lazy\" decoding=\"async\" class=\"aligncenter  wp-image-109822\" src=\"https:\/\/www.giurgiuveanul.ro\/stiri\/wp-content\/uploads\/2024\/11\/PNL-2-450x450.jpg\" alt=\"\" width=\"717\" height=\"717\" srcset=\"https:\/\/www.giurgiuveanul.ro\/stiri\/wp-content\/uploads\/2024\/11\/PNL-2-450x450.jpg 450w, https:\/\/www.giurgiuveanul.ro\/stiri\/wp-content\/uploads\/2024\/11\/PNL-2-250x250.jpg 250w, https:\/\/www.giurgiuveanul.ro\/stiri\/wp-content\/uploads\/2024\/11\/PNL-2-768x768.jpg 768w, https:\/\/www.giurgiuveanul.ro\/stiri\/wp-content\/uploads\/2024\/11\/PNL-2-200x200.jpg 200w, https:\/\/www.giurgiuveanul.ro\/stiri\/wp-content\/uploads\/2024\/11\/PNL-2-400x400.jpg 400w, https:\/\/www.giurgiuveanul.ro\/stiri\/wp-content\/uploads\/2024\/11\/PNL-2.jpg 1080w\" sizes=\"auto, (max-width: 717px) 100vw, 717px\" \/><\/a><\/p>\n<p style=\"text-align: justify;\"><strong>Gabriela Horga:<\/strong> Cadru didactic universitar la ASE, doctor \u00een economie, un om educat cu rezultate concrete. Un economist cu o carier\u0103 impresionant\u0103, Gabriela Horga a dovedit constant c\u0103 poate face diferen\u021ba. De la catedra universitar\u0103 p\u00e2n\u0103 la func\u021biile de conducere \u00een administra\u021bia public\u0103, a acumulat cuno\u0219tin\u021be solide \u0219i o re\u021bea extins\u0103 de colaboratori at\u00e2t \u00een mediul universitar, \u00een mediul de afaceri, c\u00e2t \u0219i \u00een mediul politic. Un profesionist dedicat, cu o agend\u0103 clar\u0103 pentru viitor.<\/p>\n<p style=\"text-align: justify;\">Ca deputat, a adus fonduri importante \u00een jude\u021bul Giurgiu, iar ca secretar de stat, a sus\u021binut activ dezvoltarea IMM-urilor. \u00cen timpul pandemiei, a fost \u00een prima linie, lupt\u00e2nd pentru afacerile rom\u00e2ne\u0219ti \u0219i pentru salvarea locurilor de munc\u0103. Ca vicepre\u0219edinte al Autorit\u0103\u021bii de Supraveghere Financiar\u0103 a lucrat pentru modernizarea pie\u021bei de capital \u0219i a c\u00e2\u0219tigat aprecierea mediului de afaceri. O alegere sigur\u0103 pentru o Rom\u00e2nie prosper\u0103.<\/p>\n<p><a href=\"https:\/\/www.giurgiuveanul.ro\/stiri\/wp-content\/uploads\/2024\/11\/PNL-3.jpg\"><img loading=\"lazy\" decoding=\"async\" class=\"aligncenter  wp-image-109823\" src=\"https:\/\/www.giurgiuveanul.ro\/stiri\/wp-content\/uploads\/2024\/11\/PNL-3-450x450.jpg\" alt=\"\" width=\"707\" height=\"707\" srcset=\"https:\/\/www.giurgiuveanul.ro\/stiri\/wp-content\/uploads\/2024\/11\/PNL-3-450x450.jpg 450w, https:\/\/www.giurgiuveanul.ro\/stiri\/wp-content\/uploads\/2024\/11\/PNL-3-250x250.jpg 250w, https:\/\/www.giurgiuveanul.ro\/stiri\/wp-content\/uploads\/2024\/11\/PNL-3-768x768.jpg 768w, https:\/\/www.giurgiuveanul.ro\/stiri\/wp-content\/uploads\/2024\/11\/PNL-3-200x200.jpg 200w, https:\/\/www.giurgiuveanul.ro\/stiri\/wp-content\/uploads\/2024\/11\/PNL-3-400x400.jpg 400w, https:\/\/www.giurgiuveanul.ro\/stiri\/wp-content\/uploads\/2024\/11\/PNL-3.jpg 1080w\" sizes=\"auto, (max-width: 707px) 100vw, 707px\" \/><\/a><\/p>\n<p style=\"text-align: justify;\"><strong>Adrian Anghelescu:<\/strong> Pilotul care a ridicat Giurgiu de la p\u0103m\u00e2nt. \u00centr-o perioad\u0103 marcat\u0103 de crize economice \u0219i de mo\u0219tenirea unei administra\u021bii anterioare care a adus ora\u0219ul \u00eentr-o situa\u021bie precar\u0103, Adrian Anghelescu a demonstrat calit\u0103\u021bi excep\u021bionale de lider. Cu o experien\u021b\u0103 solid\u0103 \u0219i o viziune clar\u0103, a reu\u0219it s\u0103 stabilizeze situa\u021bia financiar\u0103 a municipiului, s\u0103 modernizeze serviciile publice \u0219i s\u0103 \u00eembun\u0103t\u0103\u021beasc\u0103 calitatea vie\u021bii cet\u0103\u021benilor. \u00cen ciuda provoc\u0103rilor majore, cum ar fi datoriile istorice \u0219i cre\u0219terea vertiginoas\u0103 a pre\u021burilor la energie, Anghelescu a reu\u0219it s\u0103 aduc\u0103 Giurgiu pe drumul spre prosperitate. Are capacitatea de a lua decizii rapide \u0219i eficiente, chiar \u0219i \u00een cele mai dificile situa\u021bii.<\/p>\n<p><a href=\"https:\/\/www.giurgiuveanul.ro\/stiri\/wp-content\/uploads\/2024\/11\/PNL-4.jpg\"><img loading=\"lazy\" decoding=\"async\" class=\"aligncenter  wp-image-109825\" src=\"https:\/\/www.giurgiuveanul.ro\/stiri\/wp-content\/uploads\/2024\/11\/PNL-4-450x450.jpg\" alt=\"\" width=\"693\" height=\"693\" srcset=\"https:\/\/www.giurgiuveanul.ro\/stiri\/wp-content\/uploads\/2024\/11\/PNL-4-450x450.jpg 450w, https:\/\/www.giurgiuveanul.ro\/stiri\/wp-content\/uploads\/2024\/11\/PNL-4-250x250.jpg 250w, https:\/\/www.giurgiuveanul.ro\/stiri\/wp-content\/uploads\/2024\/11\/PNL-4-768x768.jpg 768w, https:\/\/www.giurgiuveanul.ro\/stiri\/wp-content\/uploads\/2024\/11\/PNL-4-200x200.jpg 200w, https:\/\/www.giurgiuveanul.ro\/stiri\/wp-content\/uploads\/2024\/11\/PNL-4-400x400.jpg 400w, https:\/\/www.giurgiuveanul.ro\/stiri\/wp-content\/uploads\/2024\/11\/PNL-4.jpg 1080w\" sizes=\"auto, (max-width: 693px) 100vw, 693px\" \/><\/a><\/p>\n<p style=\"text-align: justify;\"><strong>Toma Petcu:<\/strong> Liderul care une\u0219te administra\u021bia local\u0103 cu cea na\u021bional\u0103. Cu o experien\u021b\u0103 vast\u0103 \u00een administra\u021bia public\u0103 central\u0103 \u0219i local\u0103, Toma Petcu a demonstrat c\u0103 are capacitatea de a aduce dezvoltare \u0219i prosperitate jude\u021bului Giurgiu. Alegerea sa \u00een func\u021bia de pre\u0219edinte al Consiliului Jude\u021bean, confirmat\u0103 de rezultatele electorale din 9 iunie, este o dovad\u0103 a \u00eencrederii pe care \u0219i-a c\u00e2\u0219tigat-o \u00een r\u00e2ndul cet\u0103\u021benilor. Experien\u021ba ca ministru, deputat \u0219i senator \u00eei ofer\u0103 o \u00een\u021belegere profund\u0103 a mecanismelor decizionale la nivel na\u021bional \u0219i \u00eel vor ajuta s\u0103 ob\u021bin\u0103 finan\u021bare pentru proiectele strategice ale jude\u021bului. Cu Toma Petcu la conducerea Consiliului Jude\u021bean, Giurgiu are un partener puternic la Bucure\u0219ti. De altfel, op\u021biunea sa de a candida pe lista PNL pentru Senat este o garan\u021bie pentru giurgiuveni c\u0103 viitorii parlamentari vor colabora cu administra\u021bia local\u0103.<\/p>\n<p><a href=\"https:\/\/www.giurgiuveanul.ro\/stiri\/wp-content\/uploads\/2024\/11\/PNL-5.jpg\"><img loading=\"lazy\" decoding=\"async\" class=\"aligncenter  wp-image-109826\" src=\"https:\/\/www.giurgiuveanul.ro\/stiri\/wp-content\/uploads\/2024\/11\/PNL-5-450x450.jpg\" alt=\"\" width=\"672\" height=\"672\" srcset=\"https:\/\/www.giurgiuveanul.ro\/stiri\/wp-content\/uploads\/2024\/11\/PNL-5-450x450.jpg 450w, https:\/\/www.giurgiuveanul.ro\/stiri\/wp-content\/uploads\/2024\/11\/PNL-5-250x250.jpg 250w, https:\/\/www.giurgiuveanul.ro\/stiri\/wp-content\/uploads\/2024\/11\/PNL-5-768x768.jpg 768w, https:\/\/www.giurgiuveanul.ro\/stiri\/wp-content\/uploads\/2024\/11\/PNL-5-200x200.jpg 200w, https:\/\/www.giurgiuveanul.ro\/stiri\/wp-content\/uploads\/2024\/11\/PNL-5-400x400.jpg 400w, https:\/\/www.giurgiuveanul.ro\/stiri\/wp-content\/uploads\/2024\/11\/PNL-5.jpg 1080w\" sizes=\"auto, (max-width: 672px) 100vw, 672px\" \/><\/a><\/p>\n<p style=\"text-align: justify;\"><strong>Nicolae Enache:<\/strong> Un consilier jude\u021bean aproape de oameni. Cu o carier\u0103 profesional\u0103 variat\u0103, de la antreprenor la consilier jude\u021bean, Nicolae Enache a demonstrat un angajament constant fa\u021b\u0103 de comunitate. Prin numeroasele \u00eent\u00e2lniri cu cet\u0103\u021benii din zona de nord, el are o \u00een\u021belegere profund\u0103 a problemelor cu care se confrunt\u0103 oamenii \u0219i a g\u0103sit solu\u021bii concrete pentru a le \u00eembun\u0103t\u0103\u021bi via\u021ba. Experien\u021ba \u00een comisia de buget \u00eel face un partener de \u00eencredere pentru mediul de afaceri.<\/p>\n","protected":false},"excerpt":{"rendered":"<p>Partidul Na\u021bional Liberal propune pentru Giurgiu<\/p>\n","protected":false},"author":1,"featured_media":0,"comment_status":"open","ping_status":"open","sticky":false,"template":"","format":"standard","meta":{"footnotes":""},"categories":[1],"tags":[],"class_list":["post-109819","post","type-post","status-publish","format-standard","hentry","category-actualitate"],"_links":{"self":[{"href":"https:\/\/www.giurgiuveanul.ro\/stiri\/wp-json\/wp\/v2\/posts\/109819","targetHints":{"allow":["GET"]}}],"collection":[{"href":"https:\/\/www.giurgiuveanul.ro\/stiri\/wp-json\/wp\/v2\/posts"}],"about":[{"href":"https:\/\/www.giurgiuveanul.ro\/stiri\/wp-json\/wp\/v2\/types\/post"}],"author":[{"embeddable":true,"href":"https:\/\/www.giurgiuveanul.ro\/stiri\/wp-json\/wp\/v2\/users\/1"}],"replies":[{"embeddable":true,"href":"https:\/\/www.giurgiuveanul.ro\/stiri\/wp-json\/wp\/v2\/comments?post=109819"}],"version-history":[{"count":3,"href":"https:\/\/www.giurgiuveanul.ro\/stiri\/wp-json\/wp\/v2\/posts\/109819\/revisions"}],"predecessor-version":[{"id":109827,"href":"https:\/\/www.giurgiuveanul.ro\/stiri\/wp-json\/wp\/v2\/posts\/109819\/revisions\/109827"}],"wp:attachment":[{"href":"https:\/\/www.giurgiuveanul.ro\/stiri\/wp-json\/wp\/v2\/media?parent=109819"}],"wp:term":[{"taxonomy":"category","embeddable":true,"href":"https:\/\/www.giurgiuveanul.ro\/stiri\/wp-json\/wp\/v2\/categories?post=109819"},{"taxonomy":"post_tag","embeddable":true,"href":"https:\/\/www.giurgiuveanul.ro\/stiri\/wp-json\/wp\/v2\/tags?post=109819"}],"curies":[{"name":"wp","href":"https:\/\/api.w.org\/{rel}","templated":true}]}}