{"id":109883,"date":"2024-11-02T13:37:59","date_gmt":"2024-11-02T11:37:59","guid":{"rendered":"https:\/\/www.giurgiuveanul.ro\/stiri\/?p=109883"},"modified":"2024-11-02T13:38:00","modified_gmt":"2024-11-02T11:38:00","slug":"europarlamentar-dan-motreanu-liderul-pnl-giurgiu-asiguram-cofinantarea-proiectelor-din-fonduri-ue-si-excluderea-acestor-cheltuieli-din-calculul-deficitului-bugetar","status":"publish","type":"post","link":"https:\/\/www.giurgiuveanul.ro\/stiri\/europarlamentar-dan-motreanu-liderul-pnl-giurgiu-asiguram-cofinantarea-proiectelor-din-fonduri-ue-si-excluderea-acestor-cheltuieli-din-calculul-deficitului-bugetar\/","title":{"rendered":"Europarlamentar Dan Motreanu, liderul PNL Giurgiu: \u201eAsigur\u0103m cofinan\u021barea proiectelor din fonduri UE \u0219i excluderea acestor cheltuieli din calculul deficitului bugetar\u201d"},"content":{"rendered":"<p style=\"text-align: justify;\"><a href=\"https:\/\/www.giurgiuveanul.ro\/stiri\/wp-content\/uploads\/2024\/11\/00-dan-motreanu.jpg\"><img loading=\"lazy\" decoding=\"async\" class=\"aligncenter  wp-image-109884\" src=\"https:\/\/www.giurgiuveanul.ro\/stiri\/wp-content\/uploads\/2024\/11\/00-dan-motreanu-560x426.jpg\" alt=\"\" width=\"672\" height=\"511\" srcset=\"https:\/\/www.giurgiuveanul.ro\/stiri\/wp-content\/uploads\/2024\/11\/00-dan-motreanu-560x426.jpg 560w, https:\/\/www.giurgiuveanul.ro\/stiri\/wp-content\/uploads\/2024\/11\/00-dan-motreanu-250x190.jpg 250w, https:\/\/www.giurgiuveanul.ro\/stiri\/wp-content\/uploads\/2024\/11\/00-dan-motreanu-768x584.jpg 768w, https:\/\/www.giurgiuveanul.ro\/stiri\/wp-content\/uploads\/2024\/11\/00-dan-motreanu-400x304.jpg 400w, https:\/\/www.giurgiuveanul.ro\/stiri\/wp-content\/uploads\/2024\/11\/00-dan-motreanu.jpg 1220w\" sizes=\"auto, (max-width: 672px) 100vw, 672px\" \/><\/a>M-am implicat pentru<!--more--> acest proiect, \u00een calitate de europarlamentar, iar echipa PNL Giurgiu va ob\u021bine votul Parlamentului Rom\u00e2niei pentru asigurarea fondurilor.<\/p>\n<p style=\"text-align: justify;\">\u00cencep\u00e2nd din 2025, cheltuielile bugetare necesare cofinan\u021b\u0103rii fondurilor europene vor fi excluse din calculul deficitului public. Aceast\u0103 m\u0103sur\u0103, adoptat\u0103 \u00een aprilie 2024, a fost prioritar\u0103 pentru mine personal, pentru PNL \u0219i pentru PPE \u00een Parlamentul European. Aceasta va permite Rom\u00e2niei s\u0103 investeasc\u0103 \u00een proiecte europene esen\u021biale pentru dezvoltarea \u021b\u0103rii, f\u0103r\u0103 a afecta respectarea pragurilor UE de deficit bugetar \u0219i de datorie public\u0103.<\/p>\n<p style=\"text-align: justify;\">Am solicitat aceast\u0103 m\u0103sur\u0103 din anul 2023, at\u00e2t \u00een cadrul unei rezolu\u021bii a Comisiei pentru Dezvoltare Regional\u0103 (REGI), adoptat\u0103 \u00een plenul Parlamentului European \u0219i pentru care am fost responsabil din partea Grupului Partidului Popular European, c\u00e2t \u0219i printr-o scrisoare adresat\u0103 pre\u0219edintei Comisiei Europene, Ursula von der Leyen. M\u0103sura face parte din Pactul de Stabilitate \u0219i Cre\u0219tere revizuit.<\/p>\n<p style=\"text-align: justify;\">Apartenen\u021ba PNL la Grupul PPE ne permite s\u0103 promov\u0103m priorit\u0103\u021bile Rom\u00e2niei pe agenda UE.<\/p>\n<p style=\"text-align: justify;\">Primul proiect pe care Maria Gabriela Horga, candidat la Senat din partea PNL Giurgiu, \u00eel va propune \u00een noul Legislativ va viza \u00eenfiin\u021barea unui fond de cofinan\u021bare de la bugetul de stat pentru primarii care atrag fonduri europene. Exist\u0103 \u00een Rom\u00e2nia numero\u0219i primari dedica\u021bi comunit\u0103\u021bilor, capabili s\u0103 atrag\u0103 fonduri UE, dar nu \u00eentotdeauna exist\u0103 \u0219i capacitatea de cofinan\u021bare.<\/p>\n","protected":false},"excerpt":{"rendered":"<p>M-am implicat pentru<\/p>\n","protected":false},"author":1,"featured_media":0,"comment_status":"open","ping_status":"open","sticky":false,"template":"","format":"standard","meta":{"footnotes":""},"categories":[1],"tags":[],"class_list":["post-109883","post","type-post","status-publish","format-standard","hentry","category-actualitate"],"_links":{"self":[{"href":"https:\/\/www.giurgiuveanul.ro\/stiri\/wp-json\/wp\/v2\/posts\/109883","targetHints":{"allow":["GET"]}}],"collection":[{"href":"https:\/\/www.giurgiuveanul.ro\/stiri\/wp-json\/wp\/v2\/posts"}],"about":[{"href":"https:\/\/www.giurgiuveanul.ro\/stiri\/wp-json\/wp\/v2\/types\/post"}],"author":[{"embeddable":true,"href":"https:\/\/www.giurgiuveanul.ro\/stiri\/wp-json\/wp\/v2\/users\/1"}],"replies":[{"embeddable":true,"href":"https:\/\/www.giurgiuveanul.ro\/stiri\/wp-json\/wp\/v2\/comments?post=109883"}],"version-history":[{"count":1,"href":"https:\/\/www.giurgiuveanul.ro\/stiri\/wp-json\/wp\/v2\/posts\/109883\/revisions"}],"predecessor-version":[{"id":109885,"href":"https:\/\/www.giurgiuveanul.ro\/stiri\/wp-json\/wp\/v2\/posts\/109883\/revisions\/109885"}],"wp:attachment":[{"href":"https:\/\/www.giurgiuveanul.ro\/stiri\/wp-json\/wp\/v2\/media?parent=109883"}],"wp:term":[{"taxonomy":"category","embeddable":true,"href":"https:\/\/www.giurgiuveanul.ro\/stiri\/wp-json\/wp\/v2\/categories?post=109883"},{"taxonomy":"post_tag","embeddable":true,"href":"https:\/\/www.giurgiuveanul.ro\/stiri\/wp-json\/wp\/v2\/tags?post=109883"}],"curies":[{"name":"wp","href":"https:\/\/api.w.org\/{rel}","templated":true}]}}