{"id":109886,"date":"2024-11-02T14:07:49","date_gmt":"2024-11-02T12:07:49","guid":{"rendered":"https:\/\/www.giurgiuveanul.ro\/stiri\/?p=109886"},"modified":"2024-11-02T15:14:51","modified_gmt":"2024-11-02T13:14:51","slug":"candidatii-pnl-giurgiu-pentru-camera-deputatilor","status":"publish","type":"post","link":"https:\/\/www.giurgiuveanul.ro\/stiri\/candidatii-pnl-giurgiu-pentru-camera-deputatilor\/","title":{"rendered":"Candida\u021bii PNL Giurgiu pentru Camera Deputa\u021bilor"},"content":{"rendered":"<p style=\"text-align: justify;\"><strong><a href=\"https:\/\/www.giurgiuveanul.ro\/stiri\/wp-content\/uploads\/2024\/11\/camera-1.jpg\"><img loading=\"lazy\" decoding=\"async\" class=\"aligncenter wp-image-109887\" src=\"https:\/\/www.giurgiuveanul.ro\/stiri\/wp-content\/uploads\/2024\/11\/camera-1-560x315.jpg\" alt=\"\" width=\"682\" height=\"384\" srcset=\"https:\/\/www.giurgiuveanul.ro\/stiri\/wp-content\/uploads\/2024\/11\/camera-1-560x315.jpg 560w, https:\/\/www.giurgiuveanul.ro\/stiri\/wp-content\/uploads\/2024\/11\/camera-1-250x141.jpg 250w, https:\/\/www.giurgiuveanul.ro\/stiri\/wp-content\/uploads\/2024\/11\/camera-1-768x432.jpg 768w, https:\/\/www.giurgiuveanul.ro\/stiri\/wp-content\/uploads\/2024\/11\/camera-1-1536x864.jpg 1536w, https:\/\/www.giurgiuveanul.ro\/stiri\/wp-content\/uploads\/2024\/11\/camera-1-400x225.jpg 400w, https:\/\/www.giurgiuveanul.ro\/stiri\/wp-content\/uploads\/2024\/11\/camera-1.jpg 1600w\" sizes=\"auto, (max-width: 682px) 100vw, 682px\" \/><\/a>Partidul Na\u021bional Liberal propune pentru Giurgiu<!--more--> cea mai competent\u0103, profesionist\u0103 \u0219i serioas\u0103 echip\u0103 pentru Parlamentul Na\u021bional. Lista pentru Senat este deschis\u0103 de Gabriela Horga, un politician t\u00e2n\u0103r \u0219i energic, care \u0219i-a construit o carier\u0103 solid\u0103 \u00een domeniul economic, iar cea de la Camera Deputa\u021bilor este deschis\u0103 de Andrei Alexandru, un parlamentar cu experien\u021b\u0103 \u0219i foarte implicat \u00een proiecte pentru comunitatea local\u0103.<\/strong><\/p>\n<p><a href=\"https:\/\/www.giurgiuveanul.ro\/stiri\/wp-content\/uploads\/2024\/11\/camera-2.jpg\"><img loading=\"lazy\" decoding=\"async\" class=\"aligncenter wp-image-109889\" src=\"https:\/\/www.giurgiuveanul.ro\/stiri\/wp-content\/uploads\/2024\/11\/camera-2-450x450.jpg\" alt=\"\" width=\"670\" height=\"670\" srcset=\"https:\/\/www.giurgiuveanul.ro\/stiri\/wp-content\/uploads\/2024\/11\/camera-2-450x450.jpg 450w, https:\/\/www.giurgiuveanul.ro\/stiri\/wp-content\/uploads\/2024\/11\/camera-2-250x250.jpg 250w, https:\/\/www.giurgiuveanul.ro\/stiri\/wp-content\/uploads\/2024\/11\/camera-2-768x768.jpg 768w, https:\/\/www.giurgiuveanul.ro\/stiri\/wp-content\/uploads\/2024\/11\/camera-2-200x200.jpg 200w, https:\/\/www.giurgiuveanul.ro\/stiri\/wp-content\/uploads\/2024\/11\/camera-2-400x400.jpg 400w, https:\/\/www.giurgiuveanul.ro\/stiri\/wp-content\/uploads\/2024\/11\/camera-2.jpg 1080w\" sizes=\"auto, (max-width: 670px) 100vw, 670px\" \/><\/a><\/p>\n<p style=\"text-align: justify;\"><span style=\"color: #ff0000;\"><strong>Andrei Alexandru: Un parlamentar activ<\/strong><strong>, aproape de comunit\u0103\u021bi<\/strong><\/span><strong><span style=\"color: #ff0000;\">.<\/span> <\/strong>Este de profesie jurist \u0219i activeaz\u0103 \u00een actualul mandat de deputat ca vicelider, pre\u0219edinte al Comisiei pentru mediu \u0219i vicepre\u0219edinte al Comisiei pentru transporturi. Are o vast\u0103 experien\u021b\u0103 parlamentar\u0103, fiind extrem de implicat \u00een dezvoltarea comunit\u0103\u021bilor locale, fapt confirmat de to\u021bi primarii din Giurgiu. S-a implicat \u00een atragerea de fonduri pentru marile proiecte de infrastructur\u0103 din jude\u021bul Giurgiu. Are \u0219i experien\u021ba administra\u021biei locale, dar \u0219i centrale, dup\u0103 ce a fost consilier municipal, dar \u0219i pre\u0219edinte la OSIM, cu rang de secretar de stat.<\/p>\n<p style=\"text-align: justify;\"><strong> <a href=\"https:\/\/www.giurgiuveanul.ro\/stiri\/wp-content\/uploads\/2024\/11\/camera-3.jpg\"><img loading=\"lazy\" decoding=\"async\" class=\"aligncenter wp-image-109890\" src=\"https:\/\/www.giurgiuveanul.ro\/stiri\/wp-content\/uploads\/2024\/11\/camera-3-450x450.jpg\" alt=\"\" width=\"656\" height=\"656\" srcset=\"https:\/\/www.giurgiuveanul.ro\/stiri\/wp-content\/uploads\/2024\/11\/camera-3-450x450.jpg 450w, https:\/\/www.giurgiuveanul.ro\/stiri\/wp-content\/uploads\/2024\/11\/camera-3-250x250.jpg 250w, https:\/\/www.giurgiuveanul.ro\/stiri\/wp-content\/uploads\/2024\/11\/camera-3-768x768.jpg 768w, https:\/\/www.giurgiuveanul.ro\/stiri\/wp-content\/uploads\/2024\/11\/camera-3-200x200.jpg 200w, https:\/\/www.giurgiuveanul.ro\/stiri\/wp-content\/uploads\/2024\/11\/camera-3-400x400.jpg 400w, https:\/\/www.giurgiuveanul.ro\/stiri\/wp-content\/uploads\/2024\/11\/camera-3.jpg 1080w\" sizes=\"auto, (max-width: 656px) 100vw, 656px\" \/><\/a><\/strong><\/p>\n<p style=\"text-align: justify;\"><span style=\"color: #ff0000;\"><strong>Aneta Matei<\/strong><strong>: <\/strong><strong>Actual secretar de stat \u00een Ministerul de Interne, cu o bogat\u0103 experien\u021b\u0103 \u00een<\/strong> <strong>administra\u021bie, dar \u0219i \u00een <\/strong><strong>finan\u021be publice.<\/strong><\/span> A fost unul dintre cei mai performan\u021bi prefec\u021bi ai jude\u021bului Giurgiu \u0219i a avut o contribu\u021bie semnificativ\u0103 la bunul mers al jude\u021bului \u0219i al comunit\u0103\u021bilor locale. Aneta Matei a demonstrat o capacitate remarcabil\u0103 de a gestiona crize complexe, a\u0219a cum a dovedit \u00een timpul pandemiei, c\u00e2nd a coordonat eforturile de combatere a virusului la nivel local prin dialog constant cu to\u021bi primarii indiferent de culoarea lor politic\u0103.<\/p>\n<p style=\"text-align: justify;\"><strong> <a href=\"https:\/\/www.giurgiuveanul.ro\/stiri\/wp-content\/uploads\/2024\/11\/camera-4.jpg\"><img loading=\"lazy\" decoding=\"async\" class=\"aligncenter wp-image-109892\" src=\"https:\/\/www.giurgiuveanul.ro\/stiri\/wp-content\/uploads\/2024\/11\/camera-4-450x450.jpg\" alt=\"\" width=\"657\" height=\"657\" srcset=\"https:\/\/www.giurgiuveanul.ro\/stiri\/wp-content\/uploads\/2024\/11\/camera-4-450x450.jpg 450w, https:\/\/www.giurgiuveanul.ro\/stiri\/wp-content\/uploads\/2024\/11\/camera-4-250x250.jpg 250w, https:\/\/www.giurgiuveanul.ro\/stiri\/wp-content\/uploads\/2024\/11\/camera-4-768x768.jpg 768w, https:\/\/www.giurgiuveanul.ro\/stiri\/wp-content\/uploads\/2024\/11\/camera-4-200x200.jpg 200w, https:\/\/www.giurgiuveanul.ro\/stiri\/wp-content\/uploads\/2024\/11\/camera-4-400x400.jpg 400w, https:\/\/www.giurgiuveanul.ro\/stiri\/wp-content\/uploads\/2024\/11\/camera-4.jpg 1080w\" sizes=\"auto, (max-width: 657px) 100vw, 657px\" \/><\/a><\/strong><\/p>\n<p style=\"text-align: justify;\"><span style=\"color: #ff0000;\"><strong>Alina Meclea: O voce puternic\u0103 pentru educa\u021bie<\/strong><strong>, actual deputat.<\/strong><\/span> Alina Meclea este un om dedicat pentru comunit\u0103\u021bii educa\u021bionale din Giurgiu. Ca profesoar\u0103 de limba rom\u00e2n\u0103, a inspirat zeci de elevi, iar implicarea sa \u00een proiecte de \u00eembun\u0103t\u0103\u021bire a calit\u0103\u021bii \u00eenv\u0103\u021b\u0103m\u00e2ntului \u0219i de reducere a abandonului \u0219colar a avut un impact semnificativ asupra sistemului educa\u021bional. Prin activitatea sa parlamentar\u0103, a adus \u00een prim-plan problemele educa\u021biei \u0219i a militat pentru o finan\u021bare mai bun\u0103 a \u0219colilor. A demonstrat un angajament deosebit fa\u021b\u0103 de elevii care au nevoie de sprijin suplimentar \u0219i a oferit medita\u021bii gratuite.<\/p>\n<p><a href=\"https:\/\/www.giurgiuveanul.ro\/stiri\/wp-content\/uploads\/2024\/11\/camera-5.jpg\"><img loading=\"lazy\" decoding=\"async\" class=\"aligncenter wp-image-109893\" src=\"https:\/\/www.giurgiuveanul.ro\/stiri\/wp-content\/uploads\/2024\/11\/camera-5-450x450.jpg\" alt=\"\" width=\"654\" height=\"654\" srcset=\"https:\/\/www.giurgiuveanul.ro\/stiri\/wp-content\/uploads\/2024\/11\/camera-5-450x450.jpg 450w, https:\/\/www.giurgiuveanul.ro\/stiri\/wp-content\/uploads\/2024\/11\/camera-5-250x250.jpg 250w, https:\/\/www.giurgiuveanul.ro\/stiri\/wp-content\/uploads\/2024\/11\/camera-5-768x768.jpg 768w, https:\/\/www.giurgiuveanul.ro\/stiri\/wp-content\/uploads\/2024\/11\/camera-5-200x200.jpg 200w, https:\/\/www.giurgiuveanul.ro\/stiri\/wp-content\/uploads\/2024\/11\/camera-5-400x400.jpg 400w, https:\/\/www.giurgiuveanul.ro\/stiri\/wp-content\/uploads\/2024\/11\/camera-5.jpg 1080w\" sizes=\"auto, (max-width: 654px) 100vw, 654px\" \/><\/a><\/p>\n<p style=\"text-align: justify;\"><span style=\"color: #ff0000;\"><strong>Silviu Dumitrescu: <\/strong><strong>Un partener de \u00eencredere pentru comunitate.<\/strong><\/span> A fost viceprimar al municipiului Giurgiu, este antreprenor. A absolvit Facultatea de marketing din cadrul Academiei de Studii Economice, fiind administrator, director general, manager, director comercial administrativ la mai multe societ\u0103\u021bi comerciale.<\/p>\n<p><a href=\"https:\/\/www.giurgiuveanul.ro\/stiri\/wp-content\/uploads\/2024\/11\/camera-6.jpg\"><img loading=\"lazy\" decoding=\"async\" class=\"aligncenter wp-image-109894\" src=\"https:\/\/www.giurgiuveanul.ro\/stiri\/wp-content\/uploads\/2024\/11\/camera-6-450x450.jpg\" alt=\"\" width=\"653\" height=\"653\" srcset=\"https:\/\/www.giurgiuveanul.ro\/stiri\/wp-content\/uploads\/2024\/11\/camera-6-450x450.jpg 450w, https:\/\/www.giurgiuveanul.ro\/stiri\/wp-content\/uploads\/2024\/11\/camera-6-250x250.jpg 250w, https:\/\/www.giurgiuveanul.ro\/stiri\/wp-content\/uploads\/2024\/11\/camera-6-768x768.jpg 768w, https:\/\/www.giurgiuveanul.ro\/stiri\/wp-content\/uploads\/2024\/11\/camera-6-200x200.jpg 200w, https:\/\/www.giurgiuveanul.ro\/stiri\/wp-content\/uploads\/2024\/11\/camera-6-400x400.jpg 400w, https:\/\/www.giurgiuveanul.ro\/stiri\/wp-content\/uploads\/2024\/11\/camera-6.jpg 1080w\" sizes=\"auto, (max-width: 653px) 100vw, 653px\" \/><\/a><\/p>\n<p style=\"text-align: justify;\"><span style=\"color: #ff0000;\"><strong>Valentina Ghe\u021bu: O nou\u0103 genera\u021bie de profesioni\u0219ti \u00een serviciul public<\/strong>.<\/span> Are 34 de ani \u0219i este de profesie inginer geodez. Lucreaz\u0103 \u00een cadrul Oficiului de Cadastru \u0219i Publicitate Imobiliar\u0103 Giurgiu, este o t\u00e2n\u0103r\u0103 bine preg\u0103tit\u0103 \u0219i dedicat\u0103, \u00eentr-un domeniu important pentru jude\u021bul nostru.<\/p>\n","protected":false},"excerpt":{"rendered":"<p>Partidul Na\u021bional Liberal propune pentru Giurgiu<\/p>\n","protected":false},"author":1,"featured_media":0,"comment_status":"open","ping_status":"open","sticky":false,"template":"","format":"standard","meta":{"footnotes":""},"categories":[1],"tags":[],"class_list":["post-109886","post","type-post","status-publish","format-standard","hentry","category-actualitate"],"_links":{"self":[{"href":"https:\/\/www.giurgiuveanul.ro\/stiri\/wp-json\/wp\/v2\/posts\/109886","targetHints":{"allow":["GET"]}}],"collection":[{"href":"https:\/\/www.giurgiuveanul.ro\/stiri\/wp-json\/wp\/v2\/posts"}],"about":[{"href":"https:\/\/www.giurgiuveanul.ro\/stiri\/wp-json\/wp\/v2\/types\/post"}],"author":[{"embeddable":true,"href":"https:\/\/www.giurgiuveanul.ro\/stiri\/wp-json\/wp\/v2\/users\/1"}],"replies":[{"embeddable":true,"href":"https:\/\/www.giurgiuveanul.ro\/stiri\/wp-json\/wp\/v2\/comments?post=109886"}],"version-history":[{"count":4,"href":"https:\/\/www.giurgiuveanul.ro\/stiri\/wp-json\/wp\/v2\/posts\/109886\/revisions"}],"predecessor-version":[{"id":109896,"href":"https:\/\/www.giurgiuveanul.ro\/stiri\/wp-json\/wp\/v2\/posts\/109886\/revisions\/109896"}],"wp:attachment":[{"href":"https:\/\/www.giurgiuveanul.ro\/stiri\/wp-json\/wp\/v2\/media?parent=109886"}],"wp:term":[{"taxonomy":"category","embeddable":true,"href":"https:\/\/www.giurgiuveanul.ro\/stiri\/wp-json\/wp\/v2\/categories?post=109886"},{"taxonomy":"post_tag","embeddable":true,"href":"https:\/\/www.giurgiuveanul.ro\/stiri\/wp-json\/wp\/v2\/tags?post=109886"}],"curies":[{"name":"wp","href":"https:\/\/api.w.org\/{rel}","templated":true}]}}