{"id":110057,"date":"2024-11-08T11:51:29","date_gmt":"2024-11-08T09:51:29","guid":{"rendered":"https:\/\/www.giurgiuveanul.ro\/stiri\/?p=110057"},"modified":"2024-11-08T11:51:29","modified_gmt":"2024-11-08T09:51:29","slug":"directia-generala-de-asistenta-sociala-si-protectia-copilului-giurgiu-comunicat-de-presa","status":"publish","type":"post","link":"https:\/\/www.giurgiuveanul.ro\/stiri\/directia-generala-de-asistenta-sociala-si-protectia-copilului-giurgiu-comunicat-de-presa\/","title":{"rendered":"Direc\u021bia General\u0103 de Asisten\u021b\u0103 Social\u0103 \u0219i Protec\u021bia Copilului Giurgiu. Comunicat de pres\u0103"},"content":{"rendered":"<p><a href=\"https:\/\/www.giurgiuveanul.ro\/stiri\/wp-content\/uploads\/2024\/11\/000-DGASPC.jpg\"><img loading=\"lazy\" decoding=\"async\" class=\"aligncenter  wp-image-110058\" src=\"https:\/\/www.giurgiuveanul.ro\/stiri\/wp-content\/uploads\/2024\/11\/000-DGASPC-560x377.jpg\" alt=\"\" width=\"648\" height=\"436\" srcset=\"https:\/\/www.giurgiuveanul.ro\/stiri\/wp-content\/uploads\/2024\/11\/000-DGASPC-560x377.jpg 560w, https:\/\/www.giurgiuveanul.ro\/stiri\/wp-content\/uploads\/2024\/11\/000-DGASPC-250x168.jpg 250w, https:\/\/www.giurgiuveanul.ro\/stiri\/wp-content\/uploads\/2024\/11\/000-DGASPC-768x516.jpg 768w, https:\/\/www.giurgiuveanul.ro\/stiri\/wp-content\/uploads\/2024\/11\/000-DGASPC-400x269.jpg 400w, https:\/\/www.giurgiuveanul.ro\/stiri\/wp-content\/uploads\/2024\/11\/000-DGASPC.jpg 800w\" sizes=\"auto, (max-width: 648px) 100vw, 648px\" \/><\/a>\u00cen ultimii cinci ani,<!--more--> a sc\u0103zut cu 37,3% num\u0103rul \u00a0copiilor \u0219i tinerilor afla\u021bi \u00een plasament \u00een casele de tip familial \u0219i apartamentele din cadrul Direc\u021biei Generale de Asisten\u021b\u0103 Social\u0103 \u0219i Protec\u021bia Copilului Giurgiu; totodat\u0103, num\u0103rul copiilor afla\u021bi \u00een plasament la asisten\u021bi maternali profesioni\u0219ti a crescut cu 25,3 %.<\/p>\n<p>Astfel, \u00een anul 2019, \u00een casele de tip familial pentru copii \u0219i apartamentele pentru tineri se aflau \u00een \u00a0plasament 153 de beneficiari de servicii sociale; num\u0103rul a sc\u0103zut constant \u00een fiecare an, ajung\u00e2nd \u00een anul 2022 la 136, \u00een anul 2023 la 121 \u0219i \u00a0\u00een \u00a0noiembrie 2024 la 96 de copii \u0219i tineri.<\/p>\n<p>\u00cen ceea ce prive\u0219te num\u0103rul copiilor afla\u021bi in plasament la asisten\u021bi maternali profesioni\u0219ti, num\u0103rul a crescut\u00a0 \u00een ultimii cinci ani, de la 189 copii \u00een anul 2019, la 237 copii \u00een noiembrie 2024.<\/p>\n<p>\u201cNum\u0103rul copiilor afla\u021bi \u00een plasament la asisten\u021bi maternali a crescut datorit\u0103 proiectului <em>Team-up:Progres \u00een calitatea \u00eengrijirii alternative a copiilor,<\/em> care vizeaz\u0103 cre\u0219terea calit\u0103\u021bii sistemului de asisten\u021b\u0103 social\u0103 \u0219i a num\u0103rului de asisten\u021bi maternali la nivelul comunit\u0103\u021bii precum \u0219i \u00eembun\u0103t\u0103\u021birea nivelului de competen\u021be al profesioni\u0219tilor din sistem. Un alt motiv \u00eel reprezint\u0103 faptul c\u0103 plasamentul copiilor cu v\u00e2rsta de sub 7 ani este interzis \u00een centre de tip reziden\u021bial, cu \u00a0\u00a0excep\u021bia cazurilor copiilor cu dizabilit\u0103\u021bi, pentru care nu poate fi asigurat\u0103 abilitarea\/reabilitarea \u00een alte tipuri de servicii, dac\u0103 ace\u0219tia prezint\u0103 at\u00e2t deficien\u021b\u0103\/afectare func\u021bional\u0103 complete c\u00e2t \u0219i limit\u0103ri de activitate \u0219i restric\u021bii de participare complete. Astfel, \u00een ultimii ani, multe m\u0103suri de protec\u021bie special\u0103, inclusiv plasamente \u00a0\u00een regim de urgen\u021b\u0103 pentru copii, au fost instituite la asisten\u021bi maternali profesioni\u0219ti, nu numai \u00een structuri de tip reziden\u021bial. Pe de alt\u0103 parte, mul\u021bi\u00a0 copii cu dizabilit\u0103\u021bi\u00a0 care s-au aflat \u00een plasament \u00een case de tip familial, ajun\u0219i la v\u00e2rsta maturit\u0103\u021bii, au fost transfera\u021bi \u00een centre pentru persoane adulte cu dizabilit\u0103\u021bi din cadrul D.G.A.S.P.C. Giurgiu sau din cadrul furnizorilor priva\u021bi de servicii sociale\u201d,\u00a0 a declarat Valentina Loredana Dinu, director general al D.G.A.S.P.C. Giurgiu.<\/p>\n<p>&nbsp;<\/p>\n<p style=\"text-align: center;\"><strong><em>D.G.A.S.P.C. Giurgiu<\/em><\/strong><\/p>\n","protected":false},"excerpt":{"rendered":"<p>\u00cen ultimii cinci ani,<\/p>\n","protected":false},"author":1,"featured_media":0,"comment_status":"open","ping_status":"open","sticky":false,"template":"","format":"standard","meta":{"footnotes":""},"categories":[1],"tags":[],"class_list":["post-110057","post","type-post","status-publish","format-standard","hentry","category-actualitate"],"_links":{"self":[{"href":"https:\/\/www.giurgiuveanul.ro\/stiri\/wp-json\/wp\/v2\/posts\/110057","targetHints":{"allow":["GET"]}}],"collection":[{"href":"https:\/\/www.giurgiuveanul.ro\/stiri\/wp-json\/wp\/v2\/posts"}],"about":[{"href":"https:\/\/www.giurgiuveanul.ro\/stiri\/wp-json\/wp\/v2\/types\/post"}],"author":[{"embeddable":true,"href":"https:\/\/www.giurgiuveanul.ro\/stiri\/wp-json\/wp\/v2\/users\/1"}],"replies":[{"embeddable":true,"href":"https:\/\/www.giurgiuveanul.ro\/stiri\/wp-json\/wp\/v2\/comments?post=110057"}],"version-history":[{"count":1,"href":"https:\/\/www.giurgiuveanul.ro\/stiri\/wp-json\/wp\/v2\/posts\/110057\/revisions"}],"predecessor-version":[{"id":110059,"href":"https:\/\/www.giurgiuveanul.ro\/stiri\/wp-json\/wp\/v2\/posts\/110057\/revisions\/110059"}],"wp:attachment":[{"href":"https:\/\/www.giurgiuveanul.ro\/stiri\/wp-json\/wp\/v2\/media?parent=110057"}],"wp:term":[{"taxonomy":"category","embeddable":true,"href":"https:\/\/www.giurgiuveanul.ro\/stiri\/wp-json\/wp\/v2\/categories?post=110057"},{"taxonomy":"post_tag","embeddable":true,"href":"https:\/\/www.giurgiuveanul.ro\/stiri\/wp-json\/wp\/v2\/tags?post=110057"}],"curies":[{"name":"wp","href":"https:\/\/api.w.org\/{rel}","templated":true}]}}