{"id":110619,"date":"2024-11-28T14:00:20","date_gmt":"2024-11-28T12:00:20","guid":{"rendered":"https:\/\/www.giurgiuveanul.ro\/stiri\/?p=110619"},"modified":"2024-11-28T14:00:20","modified_gmt":"2024-11-28T12:00:20","slug":"maria-gabriela-horga-candidat-pnl-giurgiu-la-senatul-romaniei-doua-vesti-bune-pentru-romani-vom-putea-circula-fara-vize-in-sua-si-fara-controale-in-spatiul-schengen","status":"publish","type":"post","link":"https:\/\/www.giurgiuveanul.ro\/stiri\/maria-gabriela-horga-candidat-pnl-giurgiu-la-senatul-romaniei-doua-vesti-bune-pentru-romani-vom-putea-circula-fara-vize-in-sua-si-fara-controale-in-spatiul-schengen\/","title":{"rendered":"Maria Gabriela Horga, candidat PNL Giurgiu la Senatul Rom\u00e2niei: \u201eDou\u0103 ve\u0219ti bune pentru rom\u00e2ni! Vom putea circula f\u0103r\u0103 vize \u00een SUA \u0219i f\u0103r\u0103 controale \u00een spa\u021biul Schengen!\u201d"},"content":{"rendered":"<p style=\"text-align: justify;\"><a href=\"https:\/\/www.giurgiuveanul.ro\/stiri\/wp-content\/uploads\/2024\/11\/0000-GABRIELA-HORGA.jpg\"><img loading=\"lazy\" decoding=\"async\" class=\"aligncenter  wp-image-110620\" src=\"https:\/\/www.giurgiuveanul.ro\/stiri\/wp-content\/uploads\/2024\/11\/0000-GABRIELA-HORGA-450x450.jpg\" alt=\"\" width=\"688\" height=\"688\" srcset=\"https:\/\/www.giurgiuveanul.ro\/stiri\/wp-content\/uploads\/2024\/11\/0000-GABRIELA-HORGA-450x450.jpg 450w, https:\/\/www.giurgiuveanul.ro\/stiri\/wp-content\/uploads\/2024\/11\/0000-GABRIELA-HORGA-250x250.jpg 250w, https:\/\/www.giurgiuveanul.ro\/stiri\/wp-content\/uploads\/2024\/11\/0000-GABRIELA-HORGA-768x768.jpg 768w, https:\/\/www.giurgiuveanul.ro\/stiri\/wp-content\/uploads\/2024\/11\/0000-GABRIELA-HORGA-200x200.jpg 200w, https:\/\/www.giurgiuveanul.ro\/stiri\/wp-content\/uploads\/2024\/11\/0000-GABRIELA-HORGA-400x400.jpg 400w, https:\/\/www.giurgiuveanul.ro\/stiri\/wp-content\/uploads\/2024\/11\/0000-GABRIELA-HORGA.jpg 1080w\" sizes=\"auto, (max-width: 688px) 100vw, 688px\" \/><\/a>Ambasadorii UE au<!--more--> agreat integrarea deplin\u0103 a Rom\u00e2niei \u00een spa\u021biul Schengen. Acest rezultat a fost posibil datorit\u0103 eforturilor depuse de ministrul Afacerilor Interne, C\u0103t\u0103lin Predoiu \u0219i ministra Afacerilor Externe, Luminita Odobescu, ambii liberali. De altfel, ridicarea MCV s-a produs tot \u00een mandatul unui ministru liberal al Justi\u021biei, atunci c\u00e2nd institu\u021bia era condus\u0103 de C\u0103t\u0103lin Predoiu.<\/p>\n<p style=\"text-align: justify;\">Rom\u00e2nia \u00eendepline\u0219te condi\u021biile astfel \u00eenc\u00e2t cet\u0103\u021benii rom\u00e2ni s\u0103 poat\u0103 c\u0103l\u0103tori f\u0103r\u0103 vize \u00een Statele Unite ale Americii, \u00eencep\u00e2nd din 2025.<\/p>\n<p style=\"text-align: justify;\">Departamentul de Stat al SUA a confirmat c\u0103 Rom\u00e2nia are o rat\u0103 de refuz a vizelor de 2,61%, sub pragul de 3% prev\u0103zut de legisla\u021bia american\u0103, \u00eendeplinind aceast\u0103 condi\u021bie necesar\u0103 pentru includerea \u00een Programul Visa Waiver.<\/p>\n<p style=\"text-align: justify;\">Rom\u00e2nii care au solicitat vize au contribuit la acest succes. De asemenea, un rol important l-au jucat Ministerul de Externe \u0219i Ministerul Justi\u021biei.<\/p>\n<p style=\"text-align: justify;\">\n<p style=\"text-align: justify;\"><strong>Articol comandat de Partidul Na\u0163ional Liberal \u2013 Organiza\u0163ia Jude\u0163ean\u0103 Giurgiu<\/strong><\/p>\n<p style=\"text-align: justify;\"><strong>CMF: 11240002<\/strong><\/p>\n","protected":false},"excerpt":{"rendered":"<p>Ambasadorii UE au<\/p>\n","protected":false},"author":1,"featured_media":0,"comment_status":"open","ping_status":"open","sticky":false,"template":"","format":"standard","meta":{"footnotes":""},"categories":[74],"tags":[],"class_list":["post-110619","post","type-post","status-publish","format-standard","hentry","category-campanie-electorala"],"_links":{"self":[{"href":"https:\/\/www.giurgiuveanul.ro\/stiri\/wp-json\/wp\/v2\/posts\/110619","targetHints":{"allow":["GET"]}}],"collection":[{"href":"https:\/\/www.giurgiuveanul.ro\/stiri\/wp-json\/wp\/v2\/posts"}],"about":[{"href":"https:\/\/www.giurgiuveanul.ro\/stiri\/wp-json\/wp\/v2\/types\/post"}],"author":[{"embeddable":true,"href":"https:\/\/www.giurgiuveanul.ro\/stiri\/wp-json\/wp\/v2\/users\/1"}],"replies":[{"embeddable":true,"href":"https:\/\/www.giurgiuveanul.ro\/stiri\/wp-json\/wp\/v2\/comments?post=110619"}],"version-history":[{"count":1,"href":"https:\/\/www.giurgiuveanul.ro\/stiri\/wp-json\/wp\/v2\/posts\/110619\/revisions"}],"predecessor-version":[{"id":110621,"href":"https:\/\/www.giurgiuveanul.ro\/stiri\/wp-json\/wp\/v2\/posts\/110619\/revisions\/110621"}],"wp:attachment":[{"href":"https:\/\/www.giurgiuveanul.ro\/stiri\/wp-json\/wp\/v2\/media?parent=110619"}],"wp:term":[{"taxonomy":"category","embeddable":true,"href":"https:\/\/www.giurgiuveanul.ro\/stiri\/wp-json\/wp\/v2\/categories?post=110619"},{"taxonomy":"post_tag","embeddable":true,"href":"https:\/\/www.giurgiuveanul.ro\/stiri\/wp-json\/wp\/v2\/tags?post=110619"}],"curies":[{"name":"wp","href":"https:\/\/api.w.org\/{rel}","templated":true}]}}