{"id":111567,"date":"2025-01-01T15:02:01","date_gmt":"2025-01-01T13:02:01","guid":{"rendered":"https:\/\/www.giurgiuveanul.ro\/stiri\/?p=111567"},"modified":"2025-01-01T15:02:01","modified_gmt":"2025-01-01T13:02:01","slug":"aurel-enache-primarul-comunei-comana-mesaj-de-anul-nou","status":"publish","type":"post","link":"https:\/\/www.giurgiuveanul.ro\/stiri\/aurel-enache-primarul-comunei-comana-mesaj-de-anul-nou\/","title":{"rendered":"Aurel Enache, primarul comunei Comana, mesaj de Anul Nou!"},"content":{"rendered":"<p style=\"text-align: justify;\"><a href=\"https:\/\/www.giurgiuveanul.ro\/stiri\/wp-content\/uploads\/2024\/12\/aurel-enache.jpg\"><img loading=\"lazy\" decoding=\"async\" class=\"aligncenter  wp-image-111393\" src=\"https:\/\/www.giurgiuveanul.ro\/stiri\/wp-content\/uploads\/2024\/12\/aurel-enache-358x450.jpg\" alt=\"\" width=\"649\" height=\"816\" srcset=\"https:\/\/www.giurgiuveanul.ro\/stiri\/wp-content\/uploads\/2024\/12\/aurel-enache-358x450.jpg 358w, https:\/\/www.giurgiuveanul.ro\/stiri\/wp-content\/uploads\/2024\/12\/aurel-enache-239x300.jpg 239w, https:\/\/www.giurgiuveanul.ro\/stiri\/wp-content\/uploads\/2024\/12\/aurel-enache-400x503.jpg 400w, https:\/\/www.giurgiuveanul.ro\/stiri\/wp-content\/uploads\/2024\/12\/aurel-enache.jpg 764w\" sizes=\"auto, (max-width: 649px) 100vw, 649px\" \/><\/a>Fie ca<!--more--> S\u0103rb\u0103torile de Iarn\u0103 s\u0103 ne lumineze \u00een continuare pa\u0219ii \u00een via\u021b\u0103, iar Anul Nou 2025 s\u0103 ne aduc\u0103 bucuria \u00eemplinirii prin s\u0103n\u0103tate, speran\u021b\u0103, pace \u0219i armonie \u00een suflet, emo\u021bii pozitive \u0219i dragoste, s\u0103 reprezinte pentru to\u021bi o punte spre ceva mai bun, mai luminos, mai \u00eembel\u0219ugat!<\/p>\n<p style=\"text-align: justify;\">V\u0103 doresc un An Nou binecuv\u00e2ntat \u0219i fericit, g\u00e2nduri senine \u015fi s\u0103rb\u0103tori frumoase al\u0103turi de cei dragi!<\/p>\n<p style=\"text-align: justify;\">La mul\u0163i ani!<\/p>\n","protected":false},"excerpt":{"rendered":"<p>Fie ca<\/p>\n","protected":false},"author":1,"featured_media":0,"comment_status":"open","ping_status":"open","sticky":false,"template":"","format":"standard","meta":{"footnotes":""},"categories":[1],"tags":[],"class_list":["post-111567","post","type-post","status-publish","format-standard","hentry","category-actualitate"],"_links":{"self":[{"href":"https:\/\/www.giurgiuveanul.ro\/stiri\/wp-json\/wp\/v2\/posts\/111567","targetHints":{"allow":["GET"]}}],"collection":[{"href":"https:\/\/www.giurgiuveanul.ro\/stiri\/wp-json\/wp\/v2\/posts"}],"about":[{"href":"https:\/\/www.giurgiuveanul.ro\/stiri\/wp-json\/wp\/v2\/types\/post"}],"author":[{"embeddable":true,"href":"https:\/\/www.giurgiuveanul.ro\/stiri\/wp-json\/wp\/v2\/users\/1"}],"replies":[{"embeddable":true,"href":"https:\/\/www.giurgiuveanul.ro\/stiri\/wp-json\/wp\/v2\/comments?post=111567"}],"version-history":[{"count":1,"href":"https:\/\/www.giurgiuveanul.ro\/stiri\/wp-json\/wp\/v2\/posts\/111567\/revisions"}],"predecessor-version":[{"id":111568,"href":"https:\/\/www.giurgiuveanul.ro\/stiri\/wp-json\/wp\/v2\/posts\/111567\/revisions\/111568"}],"wp:attachment":[{"href":"https:\/\/www.giurgiuveanul.ro\/stiri\/wp-json\/wp\/v2\/media?parent=111567"}],"wp:term":[{"taxonomy":"category","embeddable":true,"href":"https:\/\/www.giurgiuveanul.ro\/stiri\/wp-json\/wp\/v2\/categories?post=111567"},{"taxonomy":"post_tag","embeddable":true,"href":"https:\/\/www.giurgiuveanul.ro\/stiri\/wp-json\/wp\/v2\/tags?post=111567"}],"curies":[{"name":"wp","href":"https:\/\/api.w.org\/{rel}","templated":true}]}}