{"id":1120,"date":"2012-12-11T09:46:03","date_gmt":"2012-12-11T07:46:03","guid":{"rendered":"https:\/\/www.giurgiuveanul.ro\/stiri\/?p=1120"},"modified":"2012-12-11T10:37:15","modified_gmt":"2012-12-11T08:37:15","slug":"fata-sefului-politiei-rutiere-giurgiu-la-ceas-aniversar","status":"publish","type":"post","link":"https:\/\/www.giurgiuveanul.ro\/stiri\/fata-sefului-politiei-rutiere-giurgiu-la-ceas-aniversar\/","title":{"rendered":"Fata \u015fefului Poli\u0163iei Rutiere Giurgiu, la ceas aniversar!"},"content":{"rendered":"<p style=\"text-align: justify;\"><a href=\"https:\/\/www.giurgiuveanul.ro\/stiri\/wp-content\/uploads\/2012\/12\/la-multi-ani-mihaela-larisa-popescu1.jpg\"><img loading=\"lazy\" decoding=\"async\" class=\"aligncenter size-large wp-image-1122\" title=\"la-multi-ani-mihaela larisa popescu\" src=\"https:\/\/www.giurgiuveanul.ro\/stiri\/wp-content\/uploads\/2012\/12\/la-multi-ani-mihaela-larisa-popescu1-560x211.jpg\" alt=\"\" width=\"560\" height=\"211\" srcset=\"https:\/\/www.giurgiuveanul.ro\/stiri\/wp-content\/uploads\/2012\/12\/la-multi-ani-mihaela-larisa-popescu1-560x211.jpg 560w, https:\/\/www.giurgiuveanul.ro\/stiri\/wp-content\/uploads\/2012\/12\/la-multi-ani-mihaela-larisa-popescu1-250x94.jpg 250w, https:\/\/www.giurgiuveanul.ro\/stiri\/wp-content\/uploads\/2012\/12\/la-multi-ani-mihaela-larisa-popescu1.jpg 800w\" sizes=\"auto, (max-width: 560px) 100vw, 560px\" \/><\/a><\/p>\n<p style=\"text-align: justify;\">Mihaela Larisa Popescu \u00eempline\u015fte ast\u0103zi, 11 decembrie, frumoasa v\u00e2rst\u0103 de 21 de ani. Mihaela Larisa este nimeni alta dec\u00e2t fata comisarului \u015fef Marian Popescu, \u015feful Serviciului Poli\u0163iei Rutiere Giurgiu. T\u00e2n\u0103ra giurgiuveanc\u0103 este<!--more--> student\u0103 \u00een anul III la SNSPA.<\/p>\n<p style=\"text-align: justify;\">\u00cei dorim ca via\u0163a ei s\u0103 fie mereu frumoas\u0103, s\u0103 se bucure de lucrurile cu adev\u0103rat importante \u015fi ca z\u00e2mbetul ei frumos s\u0103 nu o p\u0103r\u0103seasc\u0103 niciodat\u0103, ca energia pe care o eman\u0103 s\u0103 r\u0103m\u00e2n\u0103 mereu \u015fi s\u0103 le \u00eenveseleasc\u0103 via\u0163a p\u0103rin\u0163ilor ei, care o iubesc nespus. La mul\u0163i ani, Mihaela Larisa!<\/p>\n","protected":false},"excerpt":{"rendered":"<p>Mihaela Larisa Popescu \u00eempline\u015fte ast\u0103zi, 11 decembrie, frumoasa v\u00e2rst\u0103 de 21 de ani. Mihaela Larisa este nimeni alta dec\u00e2t fata comisarului \u015fef Marian Popescu, \u015feful Serviciului Poli\u0163iei Rutiere Giurgiu. T\u00e2n\u0103ra giurgiuveanc\u0103 este<\/p>\n","protected":false},"author":2,"featured_media":0,"comment_status":"closed","ping_status":"open","sticky":false,"template":"","format":"standard","meta":{"footnotes":""},"categories":[16],"tags":[],"class_list":["post-1120","post","type-post","status-publish","format-standard","hentry","category-astazi-e-ziua-ta"],"_links":{"self":[{"href":"https:\/\/www.giurgiuveanul.ro\/stiri\/wp-json\/wp\/v2\/posts\/1120","targetHints":{"allow":["GET"]}}],"collection":[{"href":"https:\/\/www.giurgiuveanul.ro\/stiri\/wp-json\/wp\/v2\/posts"}],"about":[{"href":"https:\/\/www.giurgiuveanul.ro\/stiri\/wp-json\/wp\/v2\/types\/post"}],"author":[{"embeddable":true,"href":"https:\/\/www.giurgiuveanul.ro\/stiri\/wp-json\/wp\/v2\/users\/2"}],"replies":[{"embeddable":true,"href":"https:\/\/www.giurgiuveanul.ro\/stiri\/wp-json\/wp\/v2\/comments?post=1120"}],"version-history":[{"count":0,"href":"https:\/\/www.giurgiuveanul.ro\/stiri\/wp-json\/wp\/v2\/posts\/1120\/revisions"}],"wp:attachment":[{"href":"https:\/\/www.giurgiuveanul.ro\/stiri\/wp-json\/wp\/v2\/media?parent=1120"}],"wp:term":[{"taxonomy":"category","embeddable":true,"href":"https:\/\/www.giurgiuveanul.ro\/stiri\/wp-json\/wp\/v2\/categories?post=1120"},{"taxonomy":"post_tag","embeddable":true,"href":"https:\/\/www.giurgiuveanul.ro\/stiri\/wp-json\/wp\/v2\/tags?post=1120"}],"curies":[{"name":"wp","href":"https:\/\/api.w.org\/{rel}","templated":true}]}}