{"id":112167,"date":"2025-02-04T14:48:14","date_gmt":"2025-02-04T12:48:14","guid":{"rendered":"https:\/\/www.giurgiuveanul.ro\/stiri\/?p=112167"},"modified":"2025-02-04T14:48:14","modified_gmt":"2025-02-04T12:48:14","slug":"proiecte-cheie-pentru-dezvoltarea-judetului-giurgiu-aprobate-in-recenta-sedinta-a-consiliului-judetean","status":"publish","type":"post","link":"https:\/\/www.giurgiuveanul.ro\/stiri\/proiecte-cheie-pentru-dezvoltarea-judetului-giurgiu-aprobate-in-recenta-sedinta-a-consiliului-judetean\/","title":{"rendered":"Proiecte-cheie pentru dezvoltarea jude\u021bului Giurgiu, aprobate \u00een recenta \u0219edin\u021b\u0103 a Consiliului Jude\u021bean"},"content":{"rendered":"<p style=\"text-align: justify;\"><strong><a href=\"https:\/\/www.giurgiuveanul.ro\/stiri\/wp-content\/uploads\/2025\/02\/toma-petcu.jpg\"><img loading=\"lazy\" decoding=\"async\" class=\"aligncenter  wp-image-112168\" src=\"https:\/\/www.giurgiuveanul.ro\/stiri\/wp-content\/uploads\/2025\/02\/toma-petcu-560x394.jpg\" alt=\"\" width=\"752\" height=\"529\" srcset=\"https:\/\/www.giurgiuveanul.ro\/stiri\/wp-content\/uploads\/2025\/02\/toma-petcu-560x394.jpg 560w, https:\/\/www.giurgiuveanul.ro\/stiri\/wp-content\/uploads\/2025\/02\/toma-petcu-250x176.jpg 250w, https:\/\/www.giurgiuveanul.ro\/stiri\/wp-content\/uploads\/2025\/02\/toma-petcu-768x541.jpg 768w, https:\/\/www.giurgiuveanul.ro\/stiri\/wp-content\/uploads\/2025\/02\/toma-petcu-400x282.jpg 400w, https:\/\/www.giurgiuveanul.ro\/stiri\/wp-content\/uploads\/2025\/02\/toma-petcu.jpg 900w\" sizes=\"auto, (max-width: 752px) 100vw, 752px\" \/><\/a>Consiliul Jude\u021bean Giurgiu<!--more--> a aprobat o serie de proiecte esen\u021biale pentru dezvoltarea jude\u021bului, \u00eentr-o \u0219edin\u021b\u0103 condus\u0103 de pre\u015fedintele Toma Petcu <\/strong><em>(foto)<\/em><strong>. Printre subiectele dezb\u0103tute s-au num\u0103rat modernizarea infrastructurii, sprijinul pentru persoanele vulnerabile \u0219i m\u0103suri pentru echilibrarea bugetelor locale.<\/strong><\/p>\n<p style=\"text-align: justify;\"><strong>Sprijin pentru persoanele cu dizabilit\u0103\u021bi \u0219i ONG-uri<\/strong><\/p>\n<p style=\"text-align: justify;\">Unul dintre cele mai importante proiecte aprobate vizeaz\u0103 modernizarea \u0219i reorganizarea centrelor pentru persoane cu dizabilit\u0103\u021bi, cu scopul de a le asigura acestora condi\u021bii mai bune de trai \u0219i o \u0219ans\u0103 real\u0103 la o via\u021b\u0103 independent\u0103. Totodat\u0103, consilierii jude\u021beni au decis darea \u00een folosin\u021b\u0103 gratuit\u0103 a unor spa\u021bii destinate ONG-urilor \u0219i institu\u021biilor sociale, pentru a sprijini activitatea acestora \u00een sprijinul comunit\u0103\u021bii.<\/p>\n<p style=\"text-align: justify;\"><strong>Investi\u021bii strategice \u00een infrastructur\u0103 \u0219i energie<\/strong><\/p>\n<p style=\"text-align: justify;\">Un alt punct de pe ordinea de zi a vizat transferul unor drumuri jude\u021bene c\u0103tre Compania Na\u021bional\u0103 de Administrare a Infrastructurii Rutiere (CNAIR) pentru modernizare. Aceast\u0103 decizie va facilita atragerea de fonduri \u0219i va \u00eembun\u0103t\u0103\u021bi considerabil calitatea infrastructurii rutiere din jude\u021b. \u00cen paralel, s-au aprobat investi\u021bii \u00een eficien\u021ba energetic\u0103 a centrelor sociale din Giurgiu, o m\u0103sur\u0103 esen\u021bial\u0103 pentru reducerea costurilor de \u00eentre\u021binere \u0219i cre\u0219terea sustenabilit\u0103\u021bii institu\u021biilor publice.<\/p>\n<p style=\"text-align: justify;\"><strong>M\u0103suri pentru o administra\u021bie mai eficient\u0103<\/strong><\/p>\n<p style=\"text-align: justify;\">Pentru a optimiza activitatea institu\u021biilor jude\u021bene, consilierii au votat modificarea organigramelor unor structuri publice, av\u00e2nd ca obiectiv cre\u0219terea eficien\u021bei administrative. De asemenea, s-au repartizat sumele defalcate din TVA pentru bugetele locale, asigur\u00e2nd astfel echilibrul financiar al unit\u0103\u021bilor administrativ-teritoriale.<\/p>\n<p style=\"text-align: justify;\"><strong>Decizii esen\u021biale pentru viitorul jude\u021bului<\/strong><\/p>\n<p style=\"text-align: justify;\">\u00cen cadrul unei sesiuni suplimentare, Consiliul Jude\u021bean Giurgiu a aprobat documenta\u021bia tehnico-economic\u0103 pentru reabilitarea Centrului de Asisten\u021b\u0103 Social\u0103 Giurgiu, aloc\u00e2nd \u0219i fonduri esen\u021biale pentru 2025, cu estim\u0103ri financiare pentru perioada 2026-2028. Aceste m\u0103suri vor asigura continuitatea investi\u021biilor \u0219i dezvoltarea sustenabil\u0103 a jude\u021bului.<\/p>\n<p style=\"text-align: justify;\"><strong>Unitate \u0219i implicare pentru un jude\u021b modern<\/strong><\/p>\n<p style=\"text-align: justify;\">La finalul \u0219edin\u021bei, s-a subliniat importan\u021ba colabor\u0103rii dintre consilierii jude\u021beni pentru realizarea acestor proiecte menite s\u0103 \u00eembun\u0103t\u0103\u021beasc\u0103 via\u021ba locuitorilor din Giurgiu.<\/p>\n<p style=\"text-align: justify;\"><em>&#8222;Mul\u021bumesc colegilor consilieri pentru implicare \u0219i votul acordat acestor proiecte! \u00cempreun\u0103, continu\u0103m s\u0103 construim un jude\u021b mai bine organizat, mai modern \u0219i mai aproape de nevoile cet\u0103\u021benilor!&#8221;,<\/em> a declarat <strong>Toma Petcu<\/strong>, pre\u015fedintele Consiliului Jude\u0163ean Giurgiu.<\/p>\n<p style=\"text-align: justify;\">\n","protected":false},"excerpt":{"rendered":"<p>Consiliul Jude\u021bean Giurgiu<\/p>\n","protected":false},"author":1,"featured_media":0,"comment_status":"open","ping_status":"open","sticky":false,"template":"","format":"standard","meta":{"footnotes":""},"categories":[1],"tags":[],"class_list":["post-112167","post","type-post","status-publish","format-standard","hentry","category-actualitate"],"_links":{"self":[{"href":"https:\/\/www.giurgiuveanul.ro\/stiri\/wp-json\/wp\/v2\/posts\/112167","targetHints":{"allow":["GET"]}}],"collection":[{"href":"https:\/\/www.giurgiuveanul.ro\/stiri\/wp-json\/wp\/v2\/posts"}],"about":[{"href":"https:\/\/www.giurgiuveanul.ro\/stiri\/wp-json\/wp\/v2\/types\/post"}],"author":[{"embeddable":true,"href":"https:\/\/www.giurgiuveanul.ro\/stiri\/wp-json\/wp\/v2\/users\/1"}],"replies":[{"embeddable":true,"href":"https:\/\/www.giurgiuveanul.ro\/stiri\/wp-json\/wp\/v2\/comments?post=112167"}],"version-history":[{"count":1,"href":"https:\/\/www.giurgiuveanul.ro\/stiri\/wp-json\/wp\/v2\/posts\/112167\/revisions"}],"predecessor-version":[{"id":112169,"href":"https:\/\/www.giurgiuveanul.ro\/stiri\/wp-json\/wp\/v2\/posts\/112167\/revisions\/112169"}],"wp:attachment":[{"href":"https:\/\/www.giurgiuveanul.ro\/stiri\/wp-json\/wp\/v2\/media?parent=112167"}],"wp:term":[{"taxonomy":"category","embeddable":true,"href":"https:\/\/www.giurgiuveanul.ro\/stiri\/wp-json\/wp\/v2\/categories?post=112167"},{"taxonomy":"post_tag","embeddable":true,"href":"https:\/\/www.giurgiuveanul.ro\/stiri\/wp-json\/wp\/v2\/tags?post=112167"}],"curies":[{"name":"wp","href":"https:\/\/api.w.org\/{rel}","templated":true}]}}