{"id":112296,"date":"2025-02-11T12:33:56","date_gmt":"2025-02-11T10:33:56","guid":{"rendered":"https:\/\/www.giurgiuveanul.ro\/stiri\/?p=112296"},"modified":"2025-02-11T12:33:56","modified_gmt":"2025-02-11T10:33:56","slug":"parintele-profesor-ilie-alexandrescu-noul-protoiereu-al-protoieriei-giurgiu","status":"publish","type":"post","link":"https:\/\/www.giurgiuveanul.ro\/stiri\/parintele-profesor-ilie-alexandrescu-noul-protoiereu-al-protoieriei-giurgiu\/","title":{"rendered":"P\u0103rintele profesor Ilie Alexandrescu, noul protoiereu al Protoieriei Giurgiu"},"content":{"rendered":"<p style=\"text-align: justify;\"><strong><a href=\"https:\/\/www.giurgiuveanul.ro\/stiri\/wp-content\/uploads\/2025\/02\/000-noul-protopop-de-giurgiu.jpg\"><img loading=\"lazy\" decoding=\"async\" class=\"aligncenter  wp-image-112297\" src=\"https:\/\/www.giurgiuveanul.ro\/stiri\/wp-content\/uploads\/2025\/02\/000-noul-protopop-de-giurgiu-560x374.jpg\" alt=\"\" width=\"711\" height=\"475\" srcset=\"https:\/\/www.giurgiuveanul.ro\/stiri\/wp-content\/uploads\/2025\/02\/000-noul-protopop-de-giurgiu-560x374.jpg 560w, https:\/\/www.giurgiuveanul.ro\/stiri\/wp-content\/uploads\/2025\/02\/000-noul-protopop-de-giurgiu-250x167.jpg 250w, https:\/\/www.giurgiuveanul.ro\/stiri\/wp-content\/uploads\/2025\/02\/000-noul-protopop-de-giurgiu-768x512.jpg 768w, https:\/\/www.giurgiuveanul.ro\/stiri\/wp-content\/uploads\/2025\/02\/000-noul-protopop-de-giurgiu-1536x1025.jpg 1536w, https:\/\/www.giurgiuveanul.ro\/stiri\/wp-content\/uploads\/2025\/02\/000-noul-protopop-de-giurgiu-400x267.jpg 400w, https:\/\/www.giurgiuveanul.ro\/stiri\/wp-content\/uploads\/2025\/02\/000-noul-protopop-de-giurgiu.jpg 2048w\" sizes=\"auto, (max-width: 711px) 100vw, 711px\" \/><\/a>\u00centr-o zi de mare s\u0103rb\u0103toare, cu prilejul<!--more--> Hramului Bisericii \u201eSf\u00e2ntul Haralambie\u201d din Giurgiu, Preasfin\u021bitul P\u0103rinte Ambrozie, Episcopul Giurgiului, a anun\u021bat numirea p\u0103rintelui profesor Ilie Alexandrescu \u00een demnitatea de protoiereu al Protoieriei Giurgiu.<\/strong><\/p>\n<p style=\"text-align: justify;\">P\u0103rintele Ilie Alexandrescu, \u00een v\u00e2rst\u0103 de 57 de ani, este parohul Bisericii \u201eSf\u00e2nta Treime\u201d (Sm\u00e2rda) \u0219i un nume de referin\u021b\u0103 \u00een \u00eenv\u0103\u021b\u0103m\u00e2ntul teologic giurgiuvean. De-a lungul anilor, a fost profesor la Seminarul Teologic \u201eTeoctist Patriarhul\u201d, contribuind la formarea multor genera\u021bii de preo\u021bi.<\/p>\n<p style=\"text-align: justify;\">\u00cen cadrul ceremoniei, Preasfin\u021bitul P\u0103rinte Ambrozie a elogiat activitatea \u0219i voca\u021bia p\u0103rintelui, subliniind c\u0103 acesta provine dintr-o familie de dasc\u0103li dedica\u021bi \u0219i c\u0103, prin slujirea sa, face cinste nu doar Giurgiului, ci \u0219i \u00eentregii regiuni: <em>\u201eP\u0103rintele are o familie foarte frumoas\u0103, doamna preoteas\u0103 este cadru didactic, este inspector, de real\u0103 voca\u021bie, ca \u0219i p\u0103rintele, care \u00eempreun\u0103 cu p\u0103rintele profesor Dr. Emil C\u0103r\u0103mizaru face cinste Vla\u015fc\u0103i, Teleormanului \u0219i nu \u00een ultimul r\u00e2nd Giurgiului. (&#8230;) V\u0103 felicit\u0103m, Preacucernice P\u0103rinte Protoiereu Ilie Alexandrescu, pentru numire! Suntem convin\u0219i c\u0103 \u00een aceast\u0103 nou\u0103 responsabilitate ve\u021bi face \u00een continuare lucruri foarte frumoase, a\u0219a cum a\u021bi f\u0103cut \u0219i p\u00e2n\u0103 acum la Biserica Sf\u00e2nta Treime! Avem \u00eencredin\u021barea c\u0103 Sf\u00e2ntul Mucenic Haralambie v\u0103 va ajuta!\u201d<\/em><\/p>\n<p style=\"text-align: justify;\">Numirea p\u0103rintelui Ilie Alexandrescu \u00een fruntea Protoieriei Giurgiu vine ca o recunoa\u0219tere a dedica\u021biei, profesionalismului \u0219i implic\u0103rii sale \u00een via\u021ba Bisericii \u0219i a comunit\u0103\u021bii locale. Credincio\u0219ii din Giurgiu privesc cu \u00eencredere acest nou \u00eenceput, av\u00e2nd convingerea c\u0103 p\u0103rintele va continua s\u0103 \u00ee\u0219i \u00eendeplineasc\u0103 misiunea cu aceea\u0219i d\u0103ruire \u0219i devotament.<\/p>\n","protected":false},"excerpt":{"rendered":"<p>\u00centr-o zi de mare s\u0103rb\u0103toare, cu prilejul<\/p>\n","protected":false},"author":1,"featured_media":0,"comment_status":"open","ping_status":"open","sticky":false,"template":"","format":"standard","meta":{"footnotes":""},"categories":[1],"tags":[],"class_list":["post-112296","post","type-post","status-publish","format-standard","hentry","category-actualitate"],"_links":{"self":[{"href":"https:\/\/www.giurgiuveanul.ro\/stiri\/wp-json\/wp\/v2\/posts\/112296","targetHints":{"allow":["GET"]}}],"collection":[{"href":"https:\/\/www.giurgiuveanul.ro\/stiri\/wp-json\/wp\/v2\/posts"}],"about":[{"href":"https:\/\/www.giurgiuveanul.ro\/stiri\/wp-json\/wp\/v2\/types\/post"}],"author":[{"embeddable":true,"href":"https:\/\/www.giurgiuveanul.ro\/stiri\/wp-json\/wp\/v2\/users\/1"}],"replies":[{"embeddable":true,"href":"https:\/\/www.giurgiuveanul.ro\/stiri\/wp-json\/wp\/v2\/comments?post=112296"}],"version-history":[{"count":1,"href":"https:\/\/www.giurgiuveanul.ro\/stiri\/wp-json\/wp\/v2\/posts\/112296\/revisions"}],"predecessor-version":[{"id":112298,"href":"https:\/\/www.giurgiuveanul.ro\/stiri\/wp-json\/wp\/v2\/posts\/112296\/revisions\/112298"}],"wp:attachment":[{"href":"https:\/\/www.giurgiuveanul.ro\/stiri\/wp-json\/wp\/v2\/media?parent=112296"}],"wp:term":[{"taxonomy":"category","embeddable":true,"href":"https:\/\/www.giurgiuveanul.ro\/stiri\/wp-json\/wp\/v2\/categories?post=112296"},{"taxonomy":"post_tag","embeddable":true,"href":"https:\/\/www.giurgiuveanul.ro\/stiri\/wp-json\/wp\/v2\/tags?post=112296"}],"curies":[{"name":"wp","href":"https:\/\/api.w.org\/{rel}","templated":true}]}}